{"id":47319,"date":"2021-09-03T00:33:25","date_gmt":"2021-09-02T20:33:25","guid":{"rendered":"https:\/\/fedai.az\/?p=47319"},"modified":"2021-09-03T00:50:40","modified_gmt":"2021-09-02T20:50:40","slug":"tokio-2020-yay-paralimpiya-oyunlari-11-qizil-1-gumus-4-burunc","status":"publish","type":"post","link":"https:\/\/fedai.az\/?p=47319","title":{"rendered":"Tokio-2020 Yay Paralimpiya Oyunlar\u0131: 11 q\u0131z\u0131l, 1 g\u00fcm\u00fc\u015f, 4 b\u00fcr\u00fcnc"},"content":{"rendered":"\n<p><strong>Paralimpiya\u00e7\u0131lar\u0131m\u0131z tarix yazd\u0131lar. BBC onlardan yaz\u0131b&#8230;<\/strong><\/p>\n\n\n\n<figure class=\"wp-block-image size-large is-resized\"><img loading=\"lazy\" decoding=\"async\" src=\"https:\/\/fedai.az\/wp-content\/uploads\/2021\/09\/120357536_gettyimages-1337610961.jpg\" alt=\"\" class=\"wp-image-47320\" width=\"879\" height=\"494\"\/><\/figure>\n\n\n\n<p><strong>Az\u0259rbaycan \u00fczg\u00fc\u00e7\u00fcs\u00fc V\u0259li \u0130srafilov Tokio-2020 Yay Paralimpiya Oyunlar\u0131nda q\u0131z\u0131l medal qazan\u0131b.<\/strong><\/p>\n\n\n\n<p>\u00dczg\u00fc\u00e7\u00fc 100 metr m\u0259saf\u0259y\u0259 brass \u00fcsulu il\u0259 \u00fczm\u0259 yar\u0131\u015f\u0131nda 1 d\u0259qiq\u0259 04.86 saniy\u0259 n\u0259tic\u0259 il\u0259 qalib g\u0259lib.<\/p>\n\n\n\n<p>O, h\u0259m\u00e7inin Paralimpiya rekordunu q\u0131r\u0131b, Az\u0259rbaycan Milli Paralimpiya Komit\u0259si bildirib.<\/p>\n\n\n\n<p>Bununla Az\u0259rbaycan hey\u0259tinin medal say\u0131 16-a \u00e7at\u0131b. Bu medallardan 11-i q\u0131z\u0131l, biri g\u00fcm\u00fc\u015f, d\u00f6rd\u00fc b\u00fcr\u00fcncd\u00fcr.<\/p>\n\n\n\n<p>Az\u0259rbaycana 10-cu q\u0131z\u0131l medal\u0131 avqustun 31-d\u0259 Raman Saleh qazand\u0131rm\u0131\u015fd\u0131.<\/p>\n\n\n\n<p>Az\u0259rbaycan Milli Paralimpiya Komit\u0259sinin m\u0259lumat\u0131na g\u00f6r\u0259, Az\u0259rbaycan hey\u0259tinin \u00fczg\u00fc\u00e7\u00fcl\u00fck idman n\u00f6v\u00fc \u00fczr\u0259 t\u0259msil\u00e7isi 100 metr s\u0259rb\u0259st kateqoriyas\u0131nda 52.69 saniy\u0259lik n\u0259tic\u0259 g\u00f6st\u0259rib.<\/p>\n\n\n\n<p>Raman Saleh bundan \u00f6nc\u0259 100 metr\u0259 arxas\u0131 \u00fcst\u0259 \u00fczm\u0259d\u0259 d\u0259 q\u0131z\u0131l medal qazanm\u0131\u015fd\u0131.<\/p>\n\n\n\n<p>\u00d6t\u0259n g\u00fcn Az\u0259rbaycana ilk g\u00fcm\u00fc\u015f medal\u0131 is\u0259 Lamiy\u0259 V\u0259liyeva qazand\u0131r\u0131b.<\/p>\n\n\n\n<p>O, 100 metr m\u0259saf\u0259y\u0259 qa\u00e7\u0131\u015fda ikinci yeri tutub.<\/p>\n\n\n\n<p>V\u0259liyeva m\u0259saf\u0259ni 11,99 saniy\u0259y\u0259 q\u0259t edib.<\/p>\n\n\n\n<h2 class=\"wp-block-heading\" id=\"\u00d6t\u0259n-h\u0259ft\u0259nin-u\u011furlar\u0131\">\u00d6t\u0259n h\u0259ft\u0259nin u\u011furlar\u0131<\/h2>\n\n\n\n<figure class=\"wp-block-image size-large is-resized\"><img loading=\"lazy\" decoding=\"async\" src=\"https:\/\/fedai.az\/wp-content\/uploads\/2021\/09\/120318255_1494698688219082028_1000x669.jpg\" alt=\"\" class=\"wp-image-47321\" width=\"903\" height=\"508\"\/><\/figure>\n\n\n\n<p>Ke\u00e7\u0259n h\u0259ft\u0259 Az\u0259rbaycan y\u0131\u011fmas\u0131n\u0131n daha \u00fc\u00e7 t\u0259msil\u00e7isi H\u00fcseyn R\u0259himli, Sevda V\u0259liyeva v\u0259 Xan\u0131m H\u00fcseynova c\u00fcdo \u00fczr\u0259 yar\u0131\u015flarda q\u0131z\u0131l medal qazan\u0131blar. Daha bir q\u0131z\u0131l medal\u0131 niz\u0259atma yar\u0131\u015flar\u0131nda H\u0259mid Heyd\u0259rli qazan\u0131b. O, r\u0259qibl\u0259rini \u00fcst\u0259l\u0259y\u0259r\u0259k, yeni rekorda imza at\u0131b.<\/p>\n\n\n\n<p>C\u00fcm\u0259 g\u00fcn\u00fc Az\u0259rbaycan\u0131n paralimpiya t\u0259msil\u00e7il\u0259ri iki idman n\u00f6v\u00fc \u00fczr\u0259 \u00fc\u00e7 q\u0131z\u0131l medal qazan\u0131blar. Para-c\u00fcdo\u00e7usu \u015e\u0259han\u0259 Hac\u0131yeva v\u0259 V\u00fcqar \u015eirinli c\u00fcdo \u00fczr\u0259, \u00fczg\u00fc\u00e7\u00fcl\u00fck idman n\u00f6v\u00fc \u00fczr\u0259 is\u0259 Raman Saleh 100 metr\u0259 arxas\u0131 \u00fcst\u0259 \u00fczm\u0259d\u0259 Az\u0259rbaycana q\u0131z\u0131l medal qazand\u0131r\u0131blar.<\/p>\n\n\n\n<p>Az\u0259rbaycan komandas\u0131na dig\u0259r medal\u0131 P\u0259rvin M\u0259mm\u0259dov qazand\u0131r\u0131b. Pauerliftinq\u00e7i P\u0259rvin M\u0259mm\u0259dova 49 kq-da m\u00fcbariz\u0259 apar\u0131b v\u0259 b\u00fcr\u00fcnc medala sahib olub.<\/p>\n\n\n\n<p>Az\u0259rbaycan Milli Paralimpiya Komit\u0259sinin m\u0259lumat\u0131na g\u00f6r\u0259, \u015e\u0259han\u0259 Hac\u0131yeva qad\u0131nlar aras\u0131nda 48 kq \u00e7\u0259ki d\u0259r\u0259c\u0259sind\u0259 m\u00fcbariz\u0259 apar\u0131b v\u0259 finalda Fransa t\u0259msil\u00e7isi Sandrine Martinet-i m\u0259\u011flub edib.<\/p>\n\n\n\n<p>21 ya\u015fl\u0131 \u015e\u0259han\u0259 Hac\u0131yeva Az\u0259rbaycan\u0131n qad\u0131nlardan ibar\u0259t c\u00fcdo komandas\u0131n\u0131n idman\u00e7\u0131s\u0131d\u0131r.<\/p>\n\n\n\n<p>60 kiloqram \u00e7\u0259ki d\u0259r\u0259c\u0259sind\u0259 yar\u0131\u015fan V\u00fcqar \u015eirinli finalda qazax\u0131stanl\u0131 Anuar Sar\u0131yevi m\u0259\u011flub ed\u0259r\u0259k q\u0131z\u0131l medal qazan\u0131b.<\/p>\n\n\n\n<p>27 ya\u015fl\u0131 Raman Saley \u00fczg\u00fc\u00e7\u00fcluk idman n\u00f6v\u00fc \u00fczr\u0259 2016-c\u0131 il Rio de Janeyro Yay Paralimpiya Oyunlar\u0131nda b\u00fcr\u00fcnc medal\u00e7\u0131s\u0131d\u0131r.<\/p>\n\n\n\n<p>\u00c7\u0259r\u015f\u0259nb\u0259 ax\u015fam\u0131 g\u00fcn\u00fc Tokio-2020 Yay Paralimpiya Oyunlar\u0131n\u0131n a\u00e7\u0131l\u0131\u015f m\u0259rasimi ke\u00e7irilib.<\/p>\n\n\n\n<p>Pandemiyaya g\u00f6r\u0259 f\u00f6vq\u0259lad\u0259 v\u0259ziyy\u0259t \u015f\u0259raitinda olan Yaponiyan\u0131n paytaxt\u0131 Tokioda \u00e7\u0259r\u015f\u0259nb\u0259 ax\u015fam\u0131 Paralimpiya Oyunlar\u0131n\u0131n a\u00e7\u0131l\u0131\u015f m\u0259rasimi ke\u00e7irilib.<\/p>\n\n\n\n<p>\u0130yulda Yay Olimpiya Oyunlar\u0131n\u0131n a\u00e7\u0131l\u0131\u015f\u0131nda oldu\u011fu kimi, bu d\u0259f\u0259ki m\u0259rasimd\u0259 d\u0259 tribunalarda tama\u015fa\u00e7\u0131 olmay\u0131b.Paralimpiya Oyunlar\u0131n\u0131n a\u00e7\u0131l\u0131\u015f\u0131 il\u0259 \u0259laq\u0259dar Tokio Olimpiya Stadionunun \u00fcz\u0259rind\u0259 s\u0259rgil\u0259nmi\u015f at\u0259\u015ff\u0259\u015fanl\u0131q \u015f\u0259h\u0259rin b\u00fct\u00fcn istiqam\u0259tl\u0259rind\u0259n g\u00f6r\u00fcn\u00fcb.Paralimpiya Oyunlar\u0131n\u0131n a\u00e7\u0131l\u0131\u015f\u0131 m\u0259rasimind\u0259 milli komandalar\u0131n\u0131n ke\u00e7irdiyi paradda 22 idman n\u00f6v\u00fcnd\u0259 yar\u0131\u015facaq be\u015f min\u0259 yax\u0131n idman\u00e7\u0131 i\u015ftirak edib.<\/p>\n\n\n\n<figure class=\"wp-block-image size-large is-resized\"><img loading=\"lazy\" decoding=\"async\" src=\"https:\/\/fedai.az\/wp-content\/uploads\/2021\/09\/120302151_qzlmedallar-1.jpg\" alt=\"\" class=\"wp-image-47322\" width=\"894\" height=\"503\" srcset=\"https:\/\/fedai.az\/wp-content\/uploads\/2021\/09\/120302151_qzlmedallar-1.jpg 800w, https:\/\/fedai.az\/wp-content\/uploads\/2021\/09\/120302151_qzlmedallar-1-300x169.jpg 300w, https:\/\/fedai.az\/wp-content\/uploads\/2021\/09\/120302151_qzlmedallar-1-150x84.jpg 150w, https:\/\/fedai.az\/wp-content\/uploads\/2021\/09\/120302151_qzlmedallar-1-768x432.jpg 768w\" sizes=\"auto, (max-width: 894px) 100vw, 894px\" \/><\/figure>\n\n\n\n<p>Tokioda ke\u00e7iril\u0259c\u0259k Paralimpiya yar\u0131\u015flar\u0131nda Az\u0259rbaycan\u0131 35 idman\u00e7\u0131 t\u0259msil edir.<\/p>\n\n\n\n<p>Az\u0259rbaycan idman\u00e7\u0131lar\u0131 6 idman n\u00f6v\u00fcnd\u0259 46 proqramda m\u00fcbariz\u0259 apar\u0131rlar, Az\u0259rbaycan Milli Paralimpiya Komit\u0259si a\u00e7\u0131qlay\u0131b.<\/p>\n\n\n\n<p>A\u00e7\u0131l\u0131\u015f m\u0259rasimind\u0259 Az\u0259rbaycan bayra\u011f\u0131n\u0131 Pekin Paralimpiya \u00c7empionu Oloxan Musayev da\u015f\u0131y\u0131b.<\/p>\n\n\n\n<p>Az\u0259rbaycan Milli Paralimpiya Komit\u0259si \u015f\u0259nb\u0259 g\u00fcn\u00fc verdiyi a\u00e7\u0131qlamas\u0131nda Az\u0259rbaycan komandas\u0131ndan Paralimpiya \u00c7empionu, parac\u00fcdo\u00e7u Ramil Qas\u0131movun COV\u0130D-19 testinin m\u00fcsb\u0259t \u00e7\u0131xd\u0131\u011f\u0131 \u00fc\u00e7\u00fcn x\u00fcsusi karantin\u0259 yerl\u0259\u015fdirildiyini v\u0259 yar\u0131\u015flardan k\u0259narla\u015fd\u0131r\u0131ld\u0131\u011f\u0131n\u0131, dig\u0259r idman\u00e7\u0131lar\u0131n s\u0259hh\u0259tind\u0259 h\u0259r hans\u0131 problem olmad\u0131\u011f\u0131n\u0131 bildirmi\u015fdi.<\/p>\n\n\n\n<p>Builki Paralimpiya Oyunlar\u0131nda 22 idman n\u00f6v\u00fcnd\u0259 162 \u00f6lk\u0259d\u0259n t\u0259xmin\u0259n 4400 idman\u00e7\u0131 539 medal \u00fc\u00e7\u00fcn yar\u0131\u015f\u0131b.<\/p>\n\n\n\n<p>XVI Yay Paralimpiya Oyunlar\u0131 sentyabr\u0131n 5-d\u0259k davam ed\u0259c\u0259k.<\/p>\n\n\n\n<p><strong><span class=\"has-inline-color has-vivid-cyan-blue-color\">PS. <\/span>Bu g\u00fcn Az\u0259rbaycan\u0131n 6 paralimpiya\u00e7\u0131s\u0131 Tokio-2020 Yay Paralimpiya Oyunlar\u0131nda m\u00fcbariz\u0259 aparacaq. Onlardan biri para-taekvondo\u00e7u, ikisi \u00fczg\u00fc\u00e7\u00fc, \u00fc\u00e7\u00fc is\u0259 atletdir. Para-taekvondo\u00e7u \u018fb\u00fclf\u0259z Abuz\u0259rli (75 kq) 1\/8 finalda filippinli Allen Kianu il\u0259 qar\u015f\u0131la\u015facaq. G\u00f6r\u00fc\u015f Bak\u0131 vaxt\u0131 il\u0259 05:15-d\u0259 ba\u015flayacaq.<\/strong><br><br>Para-\u00fczg\u00fc\u00e7\u00fcl\u0259r V\u0259li \u0130srafilov v\u0259 Roman Saley 100 metr m\u0259saf\u0259y\u0259 batterflay \u00fcsulu il\u0259 \u00fczm\u0259d\u0259 q\u00fcvv\u0259sini s\u0131nayacaq. Saley daha \u0259vv\u0259l 100 metr m\u0259saf\u0259y\u0259 s\u0259rb\u0259st \u00fcsulla v\u0259 100 metr m\u0259saf\u0259y\u0259 arxas\u0131 \u00fcst\u0259 \u00fczm\u0259d\u0259, \u0130srafilov is\u0259 100 metr m\u0259saf\u0259y\u0259 brass \u00fcsulu il\u0259 \u00fczm\u0259d\u0259 q\u0131z\u0131l medal qazan\u0131b. \u00dczg\u00fc\u00e7\u00fcl\u00fck yar\u0131\u015flar\u0131 Bak\u0131 vaxt\u0131 il\u0259 05:19-da start g\u00f6t\u00fcr\u0259c\u0259k.<br><br>Para-atlet Samir N\u0259biyev n\u00fcv\u0259 it\u0259l\u0259m\u0259 n\u00f6v\u00fcnd\u0259 medal qazanma\u011fa ba\u015flayacaq. Onun \u00e7\u0131x\u0131\u015f\u0131 Bak\u0131 vaxt\u0131 il\u0259 saat 14:08-\u0259 t\u0259sad\u00fcf ed\u0259c\u0259k. Qad\u0131n para-atletl\u0259r Yulia Yanovskaya v\u0259 Lamiy\u0259 V\u0259liyeva is\u0259 Bak\u0131 vaxt\u0131 il\u0259 saat 16:43-d\u0259n etibar\u0259n 400 metr m\u0259saf\u0259y\u0259 qa\u00e7\u0131\u015fda final m\u0259rh\u0259l\u0259sind\u0259 \u00e7\u0131x\u0131\u015f ed\u0259c\u0259kl\u0259r.<\/p>\n\n\n\n<p>\u0130dman\u00e7\u0131lar\u0131m\u0131za u\u011furlar arzulay\u0131r\u0131q&#8230;<\/p>\n","protected":false},"excerpt":{"rendered":"<p>Paralimpiya\u00e7\u0131lar\u0131m\u0131z tarix yazd\u0131lar. BBC onlardan yaz\u0131b&#8230; Az\u0259rbaycan \u00fczg\u00fc\u00e7\u00fcs\u00fc V\u0259li \u0130srafilov Tokio-2020 Yay Paralimpiya Oyunlar\u0131nda q\u0131z\u0131l medal qazan\u0131b. \u00dczg\u00fc\u00e7\u00fc 100 metr m\u0259saf\u0259y\u0259 brass \u00fcsulu il\u0259<\/p>\n","protected":false},"author":2,"featured_media":47323,"comment_status":"closed","ping_status":"closed","sticky":false,"template":"","format":"standard","meta":{"footnotes":""},"categories":[3],"tags":[],"class_list":["post-47319","post","type-post","status-publish","format-standard","has-post-thumbnail","hentry","category-gundm"],"aioseo_notices":[],"_links":{"self":[{"href":"https:\/\/fedai.az\/index.php?rest_route=\/wp\/v2\/posts\/47319","targetHints":{"allow":["GET"]}}],"collection":[{"href":"https:\/\/fedai.az\/index.php?rest_route=\/wp\/v2\/posts"}],"about":[{"href":"https:\/\/fedai.az\/index.php?rest_route=\/wp\/v2\/types\/post"}],"author":[{"embeddable":true,"href":"https:\/\/fedai.az\/index.php?rest_route=\/wp\/v2\/users\/2"}],"replies":[{"embeddable":true,"href":"https:\/\/fedai.az\/index.php?rest_route=%2Fwp%2Fv2%2Fcomments&post=47319"}],"version-history":[{"count":3,"href":"https:\/\/fedai.az\/index.php?rest_route=\/wp\/v2\/posts\/47319\/revisions"}],"predecessor-version":[{"id":47332,"href":"https:\/\/fedai.az\/index.php?rest_route=\/wp\/v2\/posts\/47319\/revisions\/47332"}],"wp:featuredmedia":[{"embeddable":true,"href":"https:\/\/fedai.az\/index.php?rest_route=\/wp\/v2\/media\/47323"}],"wp:attachment":[{"href":"https:\/\/fedai.az\/index.php?rest_route=%2Fwp%2Fv2%2Fmedia&parent=47319"}],"wp:term":[{"taxonomy":"category","embeddable":true,"href":"https:\/\/fedai.az\/index.php?rest_route=%2Fwp%2Fv2%2Fcategories&post=47319"},{"taxonomy":"post_tag","embeddable":true,"href":"https:\/\/fedai.az\/index.php?rest_route=%2Fwp%2Fv2%2Ftags&post=47319"}],"curies":[{"name":"wp","href":"https:\/\/api.w.org\/{rel}","templated":true}]}}