{"id":47333,"date":"2021-09-03T00:59:31","date_gmt":"2021-09-02T20:59:31","guid":{"rendered":"https:\/\/fedai.az\/?p=47333"},"modified":"2021-09-03T00:59:34","modified_gmt":"2021-09-02T20:59:34","slug":"az%c9%99rbaycan-v%c9%99-turkiy%c9%99-h%c9%99rbcil%c9%99rinin-ortaq-t%c9%99liml%c9%99ri-basladi","status":"publish","type":"post","link":"https:\/\/fedai.az\/?p=47333","title":{"rendered":"Az\u0259rbaycan v\u0259 T\u00fcrkiy\u0259 h\u0259rb\u00e7il\u0259rinin ortaq t\u0259liml\u0259ri ba\u015flad\u0131"},"content":{"rendered":"\n<p><strong>Az\u0259rbaycan Respublikas\u0131 il\u0259 T\u00fcrkiy\u0259 Respublikas\u0131 aras\u0131nda ba\u011flanm\u0131\u015f h\u0259rbi sah\u0259d\u0259 \u0259m\u0259kda\u015fl\u0131q haqq\u0131nda sazi\u015f\u0259 \u0259sas\u0259n h\u0259r iki qarda\u015f \u00f6lk\u0259nin h\u0259rb\u00e7il\u0259ri birg\u0259 t\u0259lim-m\u0259\u015fql\u0259r\u0259 ba\u015flay\u0131b.<br><\/strong><br>Bu bar\u0259d\u0259 M\u00fcdafi\u0259 Nazirliyind\u0259n m\u0259lumat verilib.<\/p>\n\n\n\n<figure class=\"wp-block-image size-large is-resized\"><img loading=\"lazy\" decoding=\"async\" src=\"https:\/\/fedai.az\/wp-content\/uploads\/2021\/09\/E-SBW4NX0AEcyXP.jpg\" alt=\"\" class=\"wp-image-47334\" width=\"877\" height=\"1169\" srcset=\"https:\/\/fedai.az\/wp-content\/uploads\/2021\/09\/E-SBW4NX0AEcyXP.jpg 768w, https:\/\/fedai.az\/wp-content\/uploads\/2021\/09\/E-SBW4NX0AEcyXP-225x300.jpg 225w, https:\/\/fedai.az\/wp-content\/uploads\/2021\/09\/E-SBW4NX0AEcyXP-113x150.jpg 113w\" sizes=\"auto, (max-width: 877px) 100vw, 877px\" \/><\/figure>\n\n\n\n<p><br>Az\u0259rbaycan v\u0259 T\u00fcrkiy\u0259 h\u0259rb\u00e7il\u0259rinin i\u015ftirak\u0131 il\u0259 ke\u00e7iril\u0259n m\u0259\u015fql\u0259rin \u0259sas m\u0259qs\u0259di d\u00f6y\u00fc\u015f \u0259m\u0259liyyatlar\u0131n\u0131n apar\u0131lmas\u0131 zaman\u0131 iki \u00f6lk\u0259 ordular\u0131n\u0131n b\u00f6lm\u0259l\u0259rinin qar\u015f\u0131l\u0131ql\u0131 f\u0259aliyy\u0259tinin t\u0259kmill\u0259\u015fdirilm\u0259si, komandirl\u0259rin h\u0259rbi q\u0259rar q\u0259buletm\u0259 v\u0259 b\u00f6lm\u0259l\u0259ri idar\u0259etm\u0259 v\u0259rdi\u015fl\u0259rinin inki\u015faf etdirilm\u0259sidir. M\u0259\u015fql\u0259rd\u0259 h\u0259m\u00e7inin sualt\u0131 h\u00fccum v\u0259 sualt\u0131 m\u00fcdafi\u0259 \u0259m\u0259liyyatlar\u0131n\u0131n apar\u0131lmas\u0131 tap\u015f\u0131r\u0131qlar\u0131 da icra edil\u0259c\u0259k.<\/p>\n\n\n\n<p>\u0130kit\u0259r\u0259fli birg\u0259 m\u0259\u015fql\u0259r sentyabr\u0131n 12-d\u0259k davam ed\u0259c\u0259k.<\/p>\n\n\n\n<figure class=\"wp-block-embed is-type-video is-provider-youtube wp-block-embed-youtube wp-embed-aspect-16-9 wp-has-aspect-ratio\"><div class=\"wp-block-embed__wrapper\">\n<iframe loading=\"lazy\" title=\"Bak\u0131da Az\u0259rbaycan v\u0259 T\u00fcrkiy\u0259 h\u0259rb\u00e7il\u0259ri birg\u0259 t\u0259lim-m\u0259\u015fql\u0259r\u0259 ba\u015flay\u0131b\" width=\"715\" height=\"402\" src=\"https:\/\/www.youtube.com\/embed\/Wj-vLsrzkTo?feature=oembed\" frameborder=\"0\" allow=\"accelerometer; autoplay; clipboard-write; encrypted-media; gyroscope; picture-in-picture\" allowfullscreen><\/iframe>\n<\/div><\/figure>\n","protected":false},"excerpt":{"rendered":"<p>Az\u0259rbaycan Respublikas\u0131 il\u0259 T\u00fcrkiy\u0259 Respublikas\u0131 aras\u0131nda ba\u011flanm\u0131\u015f h\u0259rbi sah\u0259d\u0259 \u0259m\u0259kda\u015fl\u0131q haqq\u0131nda sazi\u015f\u0259 \u0259sas\u0259n h\u0259r iki qarda\u015f \u00f6lk\u0259nin h\u0259rb\u00e7il\u0259ri birg\u0259 t\u0259lim-m\u0259\u015fql\u0259r\u0259 ba\u015flay\u0131b.Bu bar\u0259d\u0259 M\u00fcdafi\u0259 Nazirliyind\u0259n<\/p>\n","protected":false},"author":2,"featured_media":47335,"comment_status":"closed","ping_status":"closed","sticky":false,"template":"","format":"standard","meta":{"footnotes":""},"categories":[3],"tags":[],"class_list":["post-47333","post","type-post","status-publish","format-standard","has-post-thumbnail","hentry","category-gundm"],"aioseo_notices":[],"_links":{"self":[{"href":"https:\/\/fedai.az\/index.php?rest_route=\/wp\/v2\/posts\/47333","targetHints":{"allow":["GET"]}}],"collection":[{"href":"https:\/\/fedai.az\/index.php?rest_route=\/wp\/v2\/posts"}],"about":[{"href":"https:\/\/fedai.az\/index.php?rest_route=\/wp\/v2\/types\/post"}],"author":[{"embeddable":true,"href":"https:\/\/fedai.az\/index.php?rest_route=\/wp\/v2\/users\/2"}],"replies":[{"embeddable":true,"href":"https:\/\/fedai.az\/index.php?rest_route=%2Fwp%2Fv2%2Fcomments&post=47333"}],"version-history":[{"count":1,"href":"https:\/\/fedai.az\/index.php?rest_route=\/wp\/v2\/posts\/47333\/revisions"}],"predecessor-version":[{"id":47336,"href":"https:\/\/fedai.az\/index.php?rest_route=\/wp\/v2\/posts\/47333\/revisions\/47336"}],"wp:featuredmedia":[{"embeddable":true,"href":"https:\/\/fedai.az\/index.php?rest_route=\/wp\/v2\/media\/47335"}],"wp:attachment":[{"href":"https:\/\/fedai.az\/index.php?rest_route=%2Fwp%2Fv2%2Fmedia&parent=47333"}],"wp:term":[{"taxonomy":"category","embeddable":true,"href":"https:\/\/fedai.az\/index.php?rest_route=%2Fwp%2Fv2%2Fcategories&post=47333"},{"taxonomy":"post_tag","embeddable":true,"href":"https:\/\/fedai.az\/index.php?rest_route=%2Fwp%2Fv2%2Ftags&post=47333"}],"curies":[{"name":"wp","href":"https:\/\/api.w.org\/{rel}","templated":true}]}}