{"id":47342,"date":"2021-09-03T01:10:32","date_gmt":"2021-09-02T21:10:32","guid":{"rendered":"https:\/\/fedai.az\/?p=47342"},"modified":"2021-09-03T01:10:34","modified_gmt":"2021-09-02T21:10:34","slug":"%c9%99fqanistanda-qadinlar-aksiya-kecirdil%c9%99r","status":"publish","type":"post","link":"https:\/\/fedai.az\/?p=47342","title":{"rendered":"\u018ffqan\u0131standa qad\u0131nlar aksiya ke\u00e7irdil\u0259r"},"content":{"rendered":"\n<p><strong>Qad\u0131nlar \u018ffqan\u0131stan\u0131n Herat vilay\u0259tinin k\u00fc\u00e7\u0259l\u0259rin\u0259 \u00e7\u0131xaraq qad\u0131n h\u00fcquqlar\u0131 v\u0259 h\u00f6kum\u0259t i\u015fl\u0259rind\u0259 i\u015ftirak t\u0259l\u0259bl\u0259ri il\u0259 ke\u00e7iril\u0259n n\u00fcmayi\u015fd\u0259 i\u015ftirak edibl\u0259r. <\/strong><\/p>\n\n\n\n<p>\u00a0 Bu bar\u0259d\u0259 R\u0130A \u201cNovosti\u201dy\u0259 m\u0259nb\u0259 m\u0259lumat verib.<\/p>\n\n\n\n<p> \u00a0 Bundan \u0259lav\u0259, ke\u00e7mi\u015fd\u0259 oldu\u011fu kimi, g\u0259l\u0259c\u0259k \u018ffqan\u0131stan h\u00f6kum\u0259tind\u0259 qad\u0131nlar\u0131n i\u015ftirak\u0131na \u00e7a\u011f\u0131r\u0131\u015f ed\u0259n n\u00fcmayi\u015f\u00e7il\u0259r, qad\u0131nlar\u0131n t\u0259msil\u00e7iliyi olmadan he\u00e7 bir &#171;h\u00f6kum\u0259tin davaml\u0131 v\u0259 uzun\u00f6m\u00fcrl\u00fc ola bilm\u0259y\u0259c\u0259yi&#187; \u015f\u00fcar\u0131 il\u0259 \u00e7\u0131x\u0131\u015f edibl\u0259r. Aksiya i\u015ftirak\u00e7\u0131lar\u0131 \u201cTaliban\u201da qar\u015f\u0131 \u00e7\u0131x\u0131\u015flar edibl\u0259r. <\/p>\n\n\n\n<p>\u00a0 N\u00fcmayi\u015f\u00e7il\u0259r beyn\u0259lxalq ictimaiyy\u0259ti &#171;\u0259fqan qad\u0131nlar\u0131n\u0131 da unutmama\u011fa&#187; \u00e7a\u011f\u0131r\u0131blar. <\/p>\n\n\n\n<p>\u00a0 Bu bar\u0259d\u0259 Tolo News m\u0259lumat yay\u0131b. \u00a0 N\u00fcmayi\u015fd\u0259 yerli f\u0259allar, d\u00f6vl\u0259t qurumlar\u0131nda \u00e7al\u0131\u015fan t\u0259l\u0259b\u0259 qad\u0131nlar\u0131n i\u015ftirak etdiyi qeyd olunur. <\/p>\n\n\n\n<p>M\u0259nb\u0259: R\u0130A Novosti<\/p>\n","protected":false},"excerpt":{"rendered":"<p>Qad\u0131nlar \u018ffqan\u0131stan\u0131n Herat vilay\u0259tinin k\u00fc\u00e7\u0259l\u0259rin\u0259 \u00e7\u0131xaraq qad\u0131n h\u00fcquqlar\u0131 v\u0259 h\u00f6kum\u0259t i\u015fl\u0259rind\u0259 i\u015ftirak t\u0259l\u0259bl\u0259ri il\u0259 ke\u00e7iril\u0259n n\u00fcmayi\u015fd\u0259 i\u015ftirak edibl\u0259r. \u00a0 Bu bar\u0259d\u0259 R\u0130A \u201cNovosti\u201dy\u0259 m\u0259nb\u0259<\/p>\n","protected":false},"author":2,"featured_media":0,"comment_status":"closed","ping_status":"closed","sticky":false,"template":"","format":"standard","meta":{"footnotes":""},"categories":[13],"tags":[],"class_list":["post-47342","post","type-post","status-publish","format-standard","hentry","category-xarici"],"aioseo_notices":[],"_links":{"self":[{"href":"https:\/\/fedai.az\/index.php?rest_route=\/wp\/v2\/posts\/47342","targetHints":{"allow":["GET"]}}],"collection":[{"href":"https:\/\/fedai.az\/index.php?rest_route=\/wp\/v2\/posts"}],"about":[{"href":"https:\/\/fedai.az\/index.php?rest_route=\/wp\/v2\/types\/post"}],"author":[{"embeddable":true,"href":"https:\/\/fedai.az\/index.php?rest_route=\/wp\/v2\/users\/2"}],"replies":[{"embeddable":true,"href":"https:\/\/fedai.az\/index.php?rest_route=%2Fwp%2Fv2%2Fcomments&post=47342"}],"version-history":[{"count":1,"href":"https:\/\/fedai.az\/index.php?rest_route=\/wp\/v2\/posts\/47342\/revisions"}],"predecessor-version":[{"id":47344,"href":"https:\/\/fedai.az\/index.php?rest_route=\/wp\/v2\/posts\/47342\/revisions\/47344"}],"wp:attachment":[{"href":"https:\/\/fedai.az\/index.php?rest_route=%2Fwp%2Fv2%2Fmedia&parent=47342"}],"wp:term":[{"taxonomy":"category","embeddable":true,"href":"https:\/\/fedai.az\/index.php?rest_route=%2Fwp%2Fv2%2Fcategories&post=47342"},{"taxonomy":"post_tag","embeddable":true,"href":"https:\/\/fedai.az\/index.php?rest_route=%2Fwp%2Fv2%2Ftags&post=47342"}],"curies":[{"name":"wp","href":"https:\/\/api.w.org\/{rel}","templated":true}]}}