{"id":47345,"date":"2021-09-03T01:16:19","date_gmt":"2021-09-02T21:16:19","guid":{"rendered":"https:\/\/fedai.az\/?p=47345"},"modified":"2021-09-03T10:35:57","modified_gmt":"2021-09-03T06:35:57","slug":"iranda-qazdigi-quyuya-dusub-ol%c9%99n-var","status":"publish","type":"post","link":"https:\/\/fedai.az\/?p=47345","title":{"rendered":"\u0130ran qazd\u0131\u011f\u0131 quyuya d\u00fc\u015f\u00fcb &#8212; \u00d6L\u018fN VAR"},"content":{"rendered":"\n<p><strong>\u0130ran\u0131n \u0130raqla s\u0259rh\u0259dind\u0259 yerl\u0259\u015f\u0259n Bane \u015f\u0259h\u0259rind\u0259 h\u0259rbi q\u00fcvv\u0259l\u0259ri (SEPAH) il\u0259 silahl\u0131 qrupla\u015fma aras\u0131nda qar\u015f\u0131durma ba\u015f verib.<\/strong><\/p>\n\n\n\n<p>Silah\u0131 qar\u015f\u0131durmada \u0130ran ordusunun leytenant\u0131 h\u0259yat\u0131n\u0131 itirib. Qar\u015f\u0131durman\u0131n d\u00fcn\u0259n gec\u0259 saatlar\u0131nda ba\u015f verdiyi bildirilib.<\/p>\n\n\n\n<p>At\u0131\u015fma zaman\u0131 a\u011f\u0131r yaralanan leytenant\u0131n daha sonra \u00f6ld\u00fcy\u00fc deyilib.<\/p>\n\n\n\n<p>S\u00f6z\u00fcged\u0259n silahl\u0131 qrupla\u015fma haqq\u0131nda he\u00e7 bir m\u0259lumat verilm\u0259s\u0259 d\u0259, \u0259vv\u0259ll\u0259r \u00f6lk\u0259nin q\u0259rb b\u00f6lg\u0259sind\u0259 PKK terror t\u0259\u015fkilat\u0131n\u0131n \u0130ran qanad\u0131 PJAK, \u0130ran K\u00fcrd\u00fcstan Demokratik Partiyas\u0131 v\u0259 \u201cKomele\u201d kimi k\u00fcrd separat\u00e7\u0131 qruplar\u0131 aras\u0131nda tez-tez bel\u0259 toqqu\u015fmalar ba\u015f verib.<\/p>\n","protected":false},"excerpt":{"rendered":"<p>\u0130ran\u0131n \u0130raqla s\u0259rh\u0259dind\u0259 yerl\u0259\u015f\u0259n Bane \u015f\u0259h\u0259rind\u0259 h\u0259rbi q\u00fcvv\u0259l\u0259ri (SEPAH) il\u0259 silahl\u0131 qrupla\u015fma aras\u0131nda qar\u015f\u0131durma ba\u015f verib. Silah\u0131 qar\u015f\u0131durmada \u0130ran ordusunun leytenant\u0131 h\u0259yat\u0131n\u0131 itirib. Qar\u015f\u0131durman\u0131n<\/p>\n","protected":false},"author":2,"featured_media":0,"comment_status":"closed","ping_status":"closed","sticky":false,"template":"","format":"standard","meta":{"footnotes":""},"categories":[13],"tags":[],"class_list":["post-47345","post","type-post","status-publish","format-standard","hentry","category-xarici"],"aioseo_notices":[],"_links":{"self":[{"href":"https:\/\/fedai.az\/index.php?rest_route=\/wp\/v2\/posts\/47345","targetHints":{"allow":["GET"]}}],"collection":[{"href":"https:\/\/fedai.az\/index.php?rest_route=\/wp\/v2\/posts"}],"about":[{"href":"https:\/\/fedai.az\/index.php?rest_route=\/wp\/v2\/types\/post"}],"author":[{"embeddable":true,"href":"https:\/\/fedai.az\/index.php?rest_route=\/wp\/v2\/users\/2"}],"replies":[{"embeddable":true,"href":"https:\/\/fedai.az\/index.php?rest_route=%2Fwp%2Fv2%2Fcomments&post=47345"}],"version-history":[{"count":2,"href":"https:\/\/fedai.az\/index.php?rest_route=\/wp\/v2\/posts\/47345\/revisions"}],"predecessor-version":[{"id":47379,"href":"https:\/\/fedai.az\/index.php?rest_route=\/wp\/v2\/posts\/47345\/revisions\/47379"}],"wp:attachment":[{"href":"https:\/\/fedai.az\/index.php?rest_route=%2Fwp%2Fv2%2Fmedia&parent=47345"}],"wp:term":[{"taxonomy":"category","embeddable":true,"href":"https:\/\/fedai.az\/index.php?rest_route=%2Fwp%2Fv2%2Fcategories&post=47345"},{"taxonomy":"post_tag","embeddable":true,"href":"https:\/\/fedai.az\/index.php?rest_route=%2Fwp%2Fv2%2Ftags&post=47345"}],"curies":[{"name":"wp","href":"https:\/\/api.w.org\/{rel}","templated":true}]}}