{"id":47349,"date":"2021-09-03T01:46:43","date_gmt":"2021-09-02T21:46:43","guid":{"rendered":"https:\/\/fedai.az\/?p=47349"},"modified":"2021-09-03T10:46:24","modified_gmt":"2021-09-03T06:46:24","slug":"taliban-muqavim%c9%99t%c9%99-qarsi-p%c9%99ncsir-%c9%99yal%c9%99tind%c9%99-h%c9%99rbi-%c9%99m%c9%99liyyat-kecirm%c9%99yi-q%c9%99rara-aldi","status":"publish","type":"post","link":"https:\/\/fedai.az\/?p=47349","title":{"rendered":"\u201cTaliban\u201d \u201cm\u00fcqavim\u0259t\u201d\u0259 qar\u015f\u0131 P\u0259nc\u015fir \u0259yal\u0259tind\u0259 h\u0259rbi \u0259m\u0259liyyat ke\u00e7irm\u0259yi q\u0259rara ald\u0131"},"content":{"rendered":"\n<p><strong>D\u00fcn\u0259n gec\u0259 \u201cTaliban\u201d \u201cm\u00fcqavim\u0259t\u201d\u0259 qar\u015f\u0131 P\u0259nc\u015fir \u0259yal\u0259tind\u0259 h\u0259rbi \u0259m\u0259liyyat ke\u00e7irm\u0259k q\u0259rar\u0131 verib. M\u0259s\u0259l\u0259 bu q\u0259rar\u0131n verilm\u0259sind\u0259n \u00f6nc\u0259 Rusiyan\u0131n daim dezo v\u0259 feyk x\u0259b\u0259rl\u0259ri il\u0259 anti Az\u0259rbaycan m\u00f6vqeli K\u0130V-l\u0259ri v\u0259 Az\u0259rbaycan\u0131n m\u0259muriyy\u0259tinin bol-bol pul verdiyi &#171;saytlar\u0131n birl\u0259\u015fmi\u015f x\u00fcsusi t\u0259yinatl\u0131 e\u015falonlar\u0131&#187; 300 Taliban\u00e7\u0131n\u0131n &#171;\u00f6ld\u00fcr\u00fcb&#187;, 40 n\u0259f\u0259ri \u0259sir alaraq, az\u0131 4 g\u00fcnd\u00fcr &#171;\u00f6l\u00fcm &#8212; dirim&#187; sava\u015f\u0131 apar\u0131r. Talibanlar\u0131 P\u0259nc\u015fir vadis\u0259nd\u0259 ya\u015f yuyub, quru s\u0259rirl\u0259r. M\u0259sudun \u00fcsyan\u00e7\u0131 d\u0259st\u0259l\u0259ri, \u0130ran\u0131n SEPAH, Rusiyan\u0131n &#171;Vaqner&#187; muzdlular\u0131yla yana\u015f\u0131 bizim &#171;muzdlu jurnalist&#187; ordusu Simonyan Marqaritan\u0131n r\u0259hb\u0259rliyi il\u0259 v\u0259 Modest Kolerovun plan\u0131 \u00fczr\u0259 &#171;d\u00f6y\u00fc\u015fm\u0259kd\u0259dirl\u0259r&#187;<\/strong>.<\/p>\n\n\n\n<figure class=\"wp-block-image size-large is-resized\"><img loading=\"lazy\" decoding=\"async\" src=\"https:\/\/fedai.az\/wp-content\/uploads\/2021\/09\/1629185706_48560115_303.jpg\" alt=\"\" class=\"wp-image-47350\" width=\"891\" height=\"502\"\/><\/figure>\n\n\n\n<p>Bel\u0259c\u0259 Az\u0259rbaycan jurnalistikas\u0131 h\u0259l\u0259 \u018fhm\u0259d \u015eah M\u0259sudun o\u011flu \u018fhm\u0259d M\u0259sud \u201cPanc\u015fir dir\u0259ni\u015f qrupu\u201dndan c\u0259ld t\u0259rp\u0259n\u0259r\u0259k Taliban\u0131 &#171;bi\u00e7ib t\u00f6k\u00fcr&#187;. Boyuna ip \u00f6l\u00e7\u00fcm amerikal\u0131lar\u0131n, niy\u0259 bizim jurnalistl\u0259ri orada qoyub arxay\u0131n \u00e7\u0131xm\u0131rd\u0131lar?&nbsp;<\/p>\n\n\n\n<p>Bu bar\u0259d\u0259 qlobal informasiya n\u0259h\u0259ngl\u0259rind\u0259n hesab olunan \u018fl-C\u0259zir\u0259 telekanal\u0131n\u0131n verdiyi x\u0259b\u0259r\u0259 g\u00f6r\u0259, onlara qar\u015f\u0131 h\u00fccuma ba\u015flamaq q\u0259rar\u0131 P\u0259nc\u015fir m\u00fcqavim\u0259tinin lideri \u018fhm\u0259d M\u0259sudla \u0259yal\u0259ti silahl\u0131lar\u0131n n\u0259zar\u0259tin\u0259 t\u0259slim etm\u0259m\u0259sind\u0259n sonra &#171;Taliban\u201d t\u0259r\u0259find\u0259n q\u0259bul edilib.<\/p>\n\n\n\n<p><br>Daha \u0259vv\u0259l &#171;Taliban\u201d n\u00fcmay\u0259nd\u0259si Zabiullah M\u00fccahid \u018ffqan\u0131standa m\u00fcqavim\u0259t q\u00fcvv\u0259l\u0259ri il\u0259 dan\u0131\u015f\u0131qlarda ir\u0259lil\u0259yi\u015f oldu\u011funu bildirmi\u015fdi. O, m\u00fcharib\u0259nin qar\u015f\u0131s\u0131n\u0131n al\u0131naca\u011f\u0131na v\u0259 m\u0259s\u0259l\u0259nin &#171;qar\u015f\u0131l\u0131ql\u0131 anla\u015fma yolu il\u0259 h\u0259ll edil\u0259c\u0259yin\u0259&#187; \u00fcmid etdiyini bir daha xat\u0131rlad\u0131b.<\/p>\n\n\n\n<p>Rusiyan\u0131 anlay\u0131ram. Bu g\u00fcn\u0259d\u0259k Taliban\u0131 terror t\u0259\u015fkilat\u0131 kimi tan\u0131y\u0131r v\u0259 \u00f6lk\u0259l\u0259ri h\u00fcdudlar\u0131nda onun f\u0259aliyy\u0259tini qada\u011fan edib. Amma Lavrov bu q\u0259rar\u0131 pozaraq Taliban r\u0259smil\u0259rini q\u0259bul edib yola sal\u0131r. \u0130ran\u0131 da anlay\u0131ram. B\u0259s Az\u0259rbaycan m\u0259murlar\u0131n\u0131n pul torbas\u0131ndan as\u0131l\u0131 olan &#171;bizim&#187; bu saytlar n\u0259 ist\u0259dikl\u0259rini izah ed\u0259 bil\u0259rl\u0259rmi? Bizim hans\u0131 D\u00f6vl\u0259t mara\u011f\u0131m\u0131z bu c\u00fcr feyk x\u0259b\u0259rl\u0259rd\u0259n as\u0131l\u0131d\u0131r? Evin y\u0131x\u0131ls\u0131n 5-ci kolon, g\u00f6r\u0259s\u0259n bu jurnalistl\u0259rin komandan\u0131\u0131 V\u00fcqar S\u0259f\u0259rov daha kiml\u0259rin ad\u0131n\u0131 \u00e7\u0259kib?<\/p>\n\n\n\n<p><strong>Bel\u0259c\u0259, &#171;Taliban\u201d n\u00fcmay\u0259nd\u0259si Zabiullah M\u00fccahid, n\u0259 \u0259c\u0259b bizim jurnalistl\u0259rimizin 4 g\u00fcnl\u00fck &#171;m\u00fcharib\u0259&#187;sind\u0259n s\u00f6z a\u00e7may\u0131b. \u00d6z\u00fc d\u0259 qlobal informasiya n\u0259h\u0259ngl\u0259ri Bloomberg, CNN, \u018fl C\u0259zir\u0259 v\u0259 qeyril\u0259ri bel\u0259 bir h\u00fccum fakt\u0131n\u0131 qeyd etm\u0259yibl\u0259r. Y\u0259qin bizim &#171;media kaptanlar\u0131na&#187; pax\u0131ll\u0131q edibl\u0259r. Anan \u00f6ls\u00fcn, Az\u0259rbaycan jurnalistikas\u0131, s\u0259nd\u0259 n\u0259l\u0259r varm\u0131\u015f?<\/strong><\/p>\n\n\n\n<p><strong>G\u00f6r\u0259s\u0259n niy\u0259, bu \u00f6lk\u0259d\u0259 h\u0259r k\u0259s gedib \u00f6z i\u015fiyl\u0259 m\u0259\u015f\u011ful olmur?<\/strong><\/p>\n\n\n\n<p><strong>AVMV\u0130B M\u0259tbuat Xidm\u0259ti<\/strong><\/p>\n","protected":false},"excerpt":{"rendered":"<p>D\u00fcn\u0259n gec\u0259 \u201cTaliban\u201d \u201cm\u00fcqavim\u0259t\u201d\u0259 qar\u015f\u0131 P\u0259nc\u015fir \u0259yal\u0259tind\u0259 h\u0259rbi \u0259m\u0259liyyat ke\u00e7irm\u0259k q\u0259rar\u0131 verib. M\u0259s\u0259l\u0259 bu q\u0259rar\u0131n verilm\u0259sind\u0259n \u00f6nc\u0259 Rusiyan\u0131n daim dezo v\u0259 feyk x\u0259b\u0259rl\u0259ri il\u0259<\/p>\n","protected":false},"author":2,"featured_media":0,"comment_status":"closed","ping_status":"closed","sticky":false,"template":"","format":"standard","meta":{"footnotes":""},"categories":[15],"tags":[],"class_list":["post-47349","post","type-post","status-publish","format-standard","hentry","category-atmaca"],"aioseo_notices":[],"_links":{"self":[{"href":"https:\/\/fedai.az\/index.php?rest_route=\/wp\/v2\/posts\/47349","targetHints":{"allow":["GET"]}}],"collection":[{"href":"https:\/\/fedai.az\/index.php?rest_route=\/wp\/v2\/posts"}],"about":[{"href":"https:\/\/fedai.az\/index.php?rest_route=\/wp\/v2\/types\/post"}],"author":[{"embeddable":true,"href":"https:\/\/fedai.az\/index.php?rest_route=\/wp\/v2\/users\/2"}],"replies":[{"embeddable":true,"href":"https:\/\/fedai.az\/index.php?rest_route=%2Fwp%2Fv2%2Fcomments&post=47349"}],"version-history":[{"count":3,"href":"https:\/\/fedai.az\/index.php?rest_route=\/wp\/v2\/posts\/47349\/revisions"}],"predecessor-version":[{"id":47381,"href":"https:\/\/fedai.az\/index.php?rest_route=\/wp\/v2\/posts\/47349\/revisions\/47381"}],"wp:attachment":[{"href":"https:\/\/fedai.az\/index.php?rest_route=%2Fwp%2Fv2%2Fmedia&parent=47349"}],"wp:term":[{"taxonomy":"category","embeddable":true,"href":"https:\/\/fedai.az\/index.php?rest_route=%2Fwp%2Fv2%2Fcategories&post=47349"},{"taxonomy":"post_tag","embeddable":true,"href":"https:\/\/fedai.az\/index.php?rest_route=%2Fwp%2Fv2%2Ftags&post=47349"}],"curies":[{"name":"wp","href":"https:\/\/api.w.org\/{rel}","templated":true}]}}