{"id":47355,"date":"2021-09-03T02:17:21","date_gmt":"2021-09-02T22:17:21","guid":{"rendered":"https:\/\/fedai.az\/?p=47355"},"modified":"2021-09-03T02:17:25","modified_gmt":"2021-09-02T22:17:25","slug":"t%c9%99brik-bagirov-ramiz-israfil-oglu-44","status":"publish","type":"post","link":"https:\/\/fedai.az\/?p=47355","title":{"rendered":"T\u018fBR\u0130K: BA\u011eIROV RAM\u0130Z \u0130SRAF\u0130L O\u011eLU &#8212; 44"},"content":{"rendered":"\n<p><strong>\u00a0\u00a0\u00a0 Az\u0259rbaycan V\u0259t\u0259n m\u00fcharib\u0259si Veteranlar\u0131 \u0130ctimai birliyinin s\u0259dr m\u00fcavini polkovnik Salman Musayev ehtiyatda olanmayor Ramiz Ba\u011f\u0131rovun do\u011fum g\u00fcn\u00fc m\u00fcnasib\u0259ti il\u0259 s\u0259mimi q\u0259lbd\u0259n t\u0259brikedir, h\u0259yatda insan \u00fcc\u00fcn \u0259n \u015firin nem\u0259t olan m\u00f6hk\u0259m can sa\u011fl\u0131\u011f\u0131 v\u0259 h\u0259yat yollar\u0131nda bitib &#8212; t\u00fck\u0259nm\u0259y\u0259n nailiyy\u0259tl\u0259r arzulay\u0131r.<\/strong><\/p>\n\n\n\n<p><strong>\u00a0\u00a0\u00a0 Qoy ya\u015f\u0131n\u0131n \u00fcst\u0259 g\u0259l\u0259n buya\u015f ona sevinc dolu g\u00fcnl\u0259r b\u0259x\u015fetsin, h\u0259r yeni g\u00fcn\u00fc is\u0259 \u00f6t\u0259ng\u00fcnl\u0259rd\u0259n daha g\u00f6z\u0259l ist\u0259kl\u0259rin\u0259 uy\u011fun onu xo\u015fb\u0259xt ed\u0259c\u0259k \u015f\u0259kild\u0259 ke\u00e7sin. AM\u0130N!<\/strong><\/p>\n\n\n\n<p>&nbsp;&nbsp;&nbsp;&nbsp; Ehtiyatda olan mayor Ba\u011f\u0131rov Ramiz \u0130srafil o\u011flu Nax\u00e7\u0131van \u015f\u0259h\u0259rind\u0259 anadan olub. O,1994-c\u00fc ild\u0259 Nax\u00e7\u0131van \u015f\u0259h\u0259r 12 n\u00f6mr\u0259li tam&nbsp; orta m\u0259kt\u0259bibitirib.<\/p>\n\n\n\n<figure class=\"wp-block-image size-large is-resized\"><img loading=\"lazy\" decoding=\"async\" src=\"https:\/\/fedai.az\/wp-content\/uploads\/2021\/09\/240909341_368666881528463_8738456167762267917_n.jpg\" alt=\"\" class=\"wp-image-47360\" width=\"896\" height=\"1222\"\/><\/figure>\n\n\n\n<p>&nbsp;&nbsp;&nbsp;&nbsp; 2008-ci ild\u0259 Daxili \u0130\u015fl\u0259r nazirliyinin Daxili Qo\u015funlar\u0131n\u0131n Orta \u0130xtisas H\u0259rbi M\u0259kt\u0259bini (&#171;taktiki komandanliq &#171;ixtisas\u0131\u00fczr\u0259) bitrib. Daxili \u0130\u015fl\u0259r nazirliyinin Daxili Qo\u015funlar\u0131n\u0131n &nbsp;Bas \u0130dar\u0259sinin ke\u00e7irdiyi t\u0259liml\u0259rd\u0259, seminarlarda(kurslarda) v\u0259 konfraslarda i\u015ftirak ed\u0259r\u0259k m\u00fcvafiq sertifikatlara layiq g\u00f6r\u00fclm\u00fc\u015fd\u00fcr.<\/p>\n\n\n\n<p>&nbsp;&nbsp;&nbsp; Ehtiyatda olan mayor Ba\u011f\u0131rov Ramiz \u0130srafil o\u011flu 1996-1998-ci ill\u0259rd\u0259 Daxili \u0130\u015fl\u0259r nazirliyinin Daxili Qo\u015funlar\u0131n\u0131n Nax\u00e7\u0131van \u015f\u0259h\u0259rind\u0259 yerl\u0259\u015f\u0259n h\u0259rbi hiss\u0259sind\u0259 m\u00fcddd\u0259tli h\u0259qqi h\u0259rbi xidm\u0259td\u0259 olub. &nbsp;&nbsp;&nbsp;&nbsp;&nbsp;&nbsp;<\/p>\n\n\n\n<p>&nbsp;&nbsp;&nbsp; O,1999-cu&nbsp;&nbsp; ild\u0259n&nbsp; Az\u0259rbaycan Respublikas\u0131n\u0131n Daxili \u0130\u015fl\u0259r Nazirliyinin Daxili Qo\u015funlar\u0131n Nax\u00e7\u0131van Muxtar Respublikasinda yerl\u0259\u015f\u0259n h\u0259rbi hiss\u0259sind\u0259 taq\u0131m komandiri, B\u00f6l\u00fck komandirinin m\u00fcavini, b\u00f6l\u00fck komandiri, k\u0259\u015ffiyyat r\u0259isi, q\u0259rargah r\u0259isinin d\u00f6y\u00fc\u015f t\u0259limi \u00fczr\u0259 m\u00fcavini v\u0259 Briqadan\u0131n q\u0259rargah r\u0259isi v\u0259zif\u0259l\u0259rind\u0259 xidm\u0259t edib.<\/p>\n\n\n\n<p>\u00a0\u00a0\u00a0 <strong>O, pe\u015f\u0259karl\u0131\u011f\u0131, humanistliyi v\u0259 s\u0259m\u0259r\u0259liliyi il\u0259 secil\u0259n \u0259n m\u0259hsuldar d\u00f6vr\u00fcn\u00fcn 24 (iyri d\u00f6rd) ild\u0259n cox \u015f\u0259r\u0259fli xidm\u0259ti yolunu h\u0259rbi xidm\u0259td\u0259 kecirib.<\/strong><\/p>\n\n\n\n<p><strong>Ramiz Ba\u011f\u0131rov Daxili Qo\u015funlarda xidm\u0259t etdiyi il\u0259rd\u0259 ona h\u0259val\u0259 edilmi\u015f v\u0259zif\u0259l\u0259rin v\u0259 tap\u015f\u0131r\u0131qlar\u0131n\u0131n yerin\u0259 yetirilm\u0259sind\u0259, &nbsp;cinay\u0259tkarl\u0131\u011fa qar\u015f\u0131 m\u00fcbariz\u0259d\u0259,&nbsp; &nbsp;ictimai t\u0259hl\u00fck\u0259sizliyin t\u0259min edilm\u0259sind\u0259, &nbsp;el\u0259c\u0259d\u0259 xidm\u0259t etdiyi h\u0259rbi hiss\u0259nin d\u00f6y\u00fc\u015f b\u00f6lg\u0259l\u0259rind\u0259 oldu\u011fu m\u00fcdd\u0259td\u0259 \u00fcz\u0259rin\u0259 d\u00fcs\u0259n v\u0259zif\u0259l\u0259rin yerin\u0259 yetirilm\u0259sin\u0259 m\u0259suliyy\u0259tl\u0259 yana\u015fib.<\/strong><\/p>\n\n\n\n<p>\u00a0\u00a0\u00a0 Ehtiyatda olan mayor Ba\u011f\u0131rov Ramiz \u0130srafil o\u011flu xalqa s\u0259daq\u0259tl\u0259 xidm\u0259t etmi\u015fdir. O, xidm\u0259t etdiyyi d\u00f6v\u00fcrd\u0259, bir \u00e7ox komissiyan\u0131n, kompleks v\u0259 m\u0259qs\u0259dli qruplar\u0131n t\u0259rkibind\u0259 olark\u0259n, \u00f6z s\u0259m\u0259r\u0259li f\u0259aliyy\u0259ti il\u0259, t\u0259\u015fk\u0131latc\u0131l\u0131q bacar\u0131\u011f\u0131 il\u0259, i\u015fg\u00fczarl\u0131g\u0131 v\u0259 m\u0259n\u0259vi keyfiyy\u0259ti il\u0259, n\u0259z\u0259ri v\u0259 praktiki biliyi il\u0259 daimi Daxili Qo\u015funlar\u0131n Komandanl\u0131g\u0131n\u0131n diqq\u0259t m\u0259rk\u0259zind\u0259 olmu\u015fdur.<\/p>\n\n\n\n<figure class=\"wp-block-image size-large is-resized\"><img loading=\"lazy\" decoding=\"async\" src=\"https:\/\/fedai.az\/wp-content\/uploads\/2021\/09\/241096759_273888027609755_8724193170689821196_n.jpg\" alt=\"\" class=\"wp-image-47356\" width=\"894\" height=\"671\"\/><\/figure>\n\n\n\n<p>\u00a0\u00a0\u00a0\u00a0 Ehtiyyatda olan mayor Ba\u011f\u0131rov Ramiz \u0130srafil o\u011flu Daxili\u0130\u015fl\u0259r Nazirliyinin Daxili Qo\u015funlar\u0131nda xidm\u0259t etdiyi m\u00fcdd\u0259td\u0259 \u015f\u0259xs\u0259n Az\u0259rbaycan Respublikas\u0131n\u0131n Konstitusiyas\u0131na v\u0259 qanunlar\u0131na, \u00a0h\u0259rbi and\u0131n, \u00a0h\u0259rbi nizam\u0259l\u0259rin t\u0259l\u0259bl\u0259rin\u0259 v\u0259 v\u0259zif\u0259 borcuna \u0259m\u0259l etm\u0259kd\u0259, veril\u0259n tap\u015f\u0131r\u0131q v\u0259 s\u0259rancamlar\u0131 d\u0259qiq v\u0259 vaxt\u0131nda yerin\u0259 yetirm\u0259kd\u0259 bir cox h\u0259rbi qulluq\u00e7ular \u00fcc\u00fcn n\u00fcmun\u0259 olmu\u015fdur.<\/p>\n\n\n\n<p>&nbsp;&nbsp;&nbsp;&nbsp;&nbsp; R.Ba\u011f\u0131rovun s\u0259m\u0259r\u0259li v\u0259 m\u0259qs\u0259dy\u00f6nl\u00fc f\u0259aliyy\u0259ti h\u0259mi\u015f\u0259 Daxili \u0130\u015fl\u0259r Nazirliyinin r\u0259hb\u0259rliyi v\u0259 Daxili Qosunlar Komandanl\u0131\u011f\u0131 t\u0259r\u0259find\u0259n y\u00fcks\u0259k qiym\u0259tl\u0259ndirildiyin\u0259 g\u00f6r\u0259 O, Az\u0259rbaycan Respublikasi Prezidenti, Silahli Q\u00fcvv\u0259l\u0259rin Ali Ba\u015f Komandan\u0131n\u0131n (&#171;H\u0259rbi xidm\u0259tl\u0259r\u0259 g\u00f6r\u0259 &#187; medal\u0131),Nax\u00e7\u0131van Muxtar Respublikasinin Ali M\u0259clisinin S\u0259drinin, Daxili \u0130\u015fl\u0259r Nazirinin,&nbsp; Daxili Qosunlar Komandan\u0131n v\u0259 xidm\u0259t etdiyi h\u0259rbi hiss\u0259 komandirinin mivafiq \u0259mrl\u0259ri il\u0259 bir s\u0131ra medallarla (&#171;Q\u00fcsursu zxidm\u0259tl\u0259r\u0259 g\u00f6r\u0259 &#187; 1- ci, 2-ci v\u0259 3-c\u00fc d\u0259r\u0259c\u0259li medalarla,&nbsp; &#171;Az\u0259rbaycan &#171;Az\u0259rbaycan Respublikas\u0131n\u0131n Silahl\u0131 Q\u00fcvv\u0259l\u0259rinin yaranmasinin 90 v\u0259 95 iliyi &#171;medalarla ), d\u00f6\u015f nisan\u0131 il\u0259, f\u0259xri f\u0259rmanlarla, pul m\u00fckafatlar\u0131 il\u0259 v\u0259 qiym\u0259tli hediy\u0259l\u0259rl\u0259 mukaflandirlib.<\/p>\n\n\n\n<p><strong>B\u00dcT\u00dcN G\u00d6Z\u018fL N\u018f VARSA, S\u018fN\u0130N OLSUN, Ramiz b\u0259y !<\/strong><\/p>\n\n\n\n<p><strong>D\u0259rin h\u00f6rm\u0259tl\u0259, Az\u0259rbaycan V\u0259t\u0259n M\u00fcharib\u0259si Veteranlar\u0131 \u0130ctimai Birliyinin s\u0259dr m\u00fcavini polkovnik Salman Musayev<\/strong><\/p>\n\n\n\n<figure class=\"wp-block-gallery columns-2 is-cropped wp-block-gallery-1 is-layout-flex wp-block-gallery-is-layout-flex\"><ul class=\"blocks-gallery-grid\"><li class=\"blocks-gallery-item\"><figure><img decoding=\"async\" src=\"https:\/\/fedai.az\/wp-content\/uploads\/2021\/09\/241045804_268254028257015_4756973623293545934_n-576x1024.jpg\" alt=\"\" data-id=\"47357\" data-link=\"https:\/\/fedai.az\/?attachment_id=47357\" class=\"wp-image-47357\"\/><\/figure><\/li><li class=\"blocks-gallery-item\"><figure><img decoding=\"async\" src=\"https:\/\/fedai.az\/wp-content\/uploads\/2021\/09\/8265a327389da9fe4fdc2714b309120e-2-4.jpg\" alt=\"\" data-id=\"47358\" data-full-url=\"https:\/\/fedai.az\/wp-content\/uploads\/2021\/09\/8265a327389da9fe4fdc2714b309120e-2-4.jpg\" data-link=\"https:\/\/fedai.az\/?attachment_id=47358\" class=\"wp-image-47358\"\/><\/figure><\/li><\/ul><\/figure>\n","protected":false},"excerpt":{"rendered":"<p>\u00a0\u00a0\u00a0 Az\u0259rbaycan V\u0259t\u0259n m\u00fcharib\u0259si Veteranlar\u0131 \u0130ctimai birliyinin s\u0259dr m\u00fcavini polkovnik Salman Musayev ehtiyatda olanmayor Ramiz Ba\u011f\u0131rovun do\u011fum g\u00fcn\u00fc m\u00fcnasib\u0259ti il\u0259 s\u0259mimi q\u0259lbd\u0259n t\u0259brikedir, h\u0259yatda<\/p>\n","protected":false},"author":2,"featured_media":0,"comment_status":"closed","ping_status":"closed","sticky":false,"template":"","format":"standard","meta":{"footnotes":""},"categories":[12],"tags":[],"class_list":["post-47355","post","type-post","status-publish","format-standard","hentry","category-sosial"],"aioseo_notices":[],"_links":{"self":[{"href":"https:\/\/fedai.az\/index.php?rest_route=\/wp\/v2\/posts\/47355","targetHints":{"allow":["GET"]}}],"collection":[{"href":"https:\/\/fedai.az\/index.php?rest_route=\/wp\/v2\/posts"}],"about":[{"href":"https:\/\/fedai.az\/index.php?rest_route=\/wp\/v2\/types\/post"}],"author":[{"embeddable":true,"href":"https:\/\/fedai.az\/index.php?rest_route=\/wp\/v2\/users\/2"}],"replies":[{"embeddable":true,"href":"https:\/\/fedai.az\/index.php?rest_route=%2Fwp%2Fv2%2Fcomments&post=47355"}],"version-history":[{"count":1,"href":"https:\/\/fedai.az\/index.php?rest_route=\/wp\/v2\/posts\/47355\/revisions"}],"predecessor-version":[{"id":47361,"href":"https:\/\/fedai.az\/index.php?rest_route=\/wp\/v2\/posts\/47355\/revisions\/47361"}],"wp:attachment":[{"href":"https:\/\/fedai.az\/index.php?rest_route=%2Fwp%2Fv2%2Fmedia&parent=47355"}],"wp:term":[{"taxonomy":"category","embeddable":true,"href":"https:\/\/fedai.az\/index.php?rest_route=%2Fwp%2Fv2%2Fcategories&post=47355"},{"taxonomy":"post_tag","embeddable":true,"href":"https:\/\/fedai.az\/index.php?rest_route=%2Fwp%2Fv2%2Ftags&post=47355"}],"curies":[{"name":"wp","href":"https:\/\/api.w.org\/{rel}","templated":true}]}}