{"id":47382,"date":"2021-09-03T11:41:58","date_gmt":"2021-09-03T07:41:58","guid":{"rendered":"https:\/\/fedai.az\/?p=47382"},"modified":"2021-09-03T11:42:03","modified_gmt":"2021-09-03T07:42:03","slug":"t%c9%99brik-v%c9%99liyev-ceyhun-tofiq-oglu-56","status":"publish","type":"post","link":"https:\/\/fedai.az\/?p=47382","title":{"rendered":"T\u018fBR\u0130K: V\u018fL\u0130YEV  CEYHUN  TOF\u0130Q O\u011eLU &#8212; 56"},"content":{"rendered":"\n<p><strong>\u00a0\u00a0<span class=\"has-inline-color has-vivid-red-color\">Az\u0259rbaycan V\u0259t\u0259n M\u00fcharib\u0259si Veteranlar\u0131 \u0130ctimai Birliyinin s\u0259dr m\u00fcavini polkovnik Salman Musayev, ehtiyyatda olan polkovnik leytenant -V\u0259liyev Ceyhun Tofiq o\u011flunu do\u011fum g\u00fcn\u00fc m\u00fcnasib\u0259til\u0259 s\u0259mimi q\u0259lbd\u0259n t\u0259brik edir, h\u0259yatda insan \u00fc\u00e7\u00fcn \u0259n \u015firin nem\u0259t olan m\u00f6hk\u0259m can sa\u011fl\u0131\u011f\u0131 v\u0259 h\u0259yat yollar\u0131nda bitib &#8212; t\u00fck\u0259nm\u0259y\u0259n nailiyy\u0259tl\u0259r arzulay\u0131r.<\/span><\/strong><\/p>\n\n\n\n<p><strong>&nbsp;&nbsp;&nbsp;&nbsp; <\/strong><strong>Qoy ya\u015f\u0131n\u0131n \u00fcst\u0259 g\u0259l\u0259n bu ya\u015f ona sevinc dolu g\u00fcnl\u0259r b\u0259x\u015f etsin, h\u0259r yeni g\u00fcn\u00fc is\u0259 \u00f6t\u0259n g\u00fcnl\u0259rd\u0259n daha g\u00f6z\u0259l ist\u0259kl\u0259rin\u0259 uy\u011fun onu xo\u015fb\u0259xt ed\u0259c\u0259k \u015f\u0259kild\u0259 ke\u00e7sin. Amin!<\/strong><\/p>\n\n\n\n<p>&nbsp;&nbsp;&nbsp; M\u00fcharib\u0259 v\u0259 Silahl\u0131 Q\u00fcvv\u0259l\u0259r Veteran\u0131 ehtiyyatda olan polkovnik-leytenant&nbsp; V\u0259liyev Ceyhun Tofiq o\u011flu&nbsp; 03 sentyabr 1965-ci ild\u0259 Bak\u0131 \u015f\u0259h\u0259rind\u0259 anadan olub.<\/p>\n\n\n\n<p>\u00a0\u00a0 O, 1972 -ci ild\u0259 Ab\u015feron rayonun Georgiy Dmitrov ad\u0131na\u00a0 orta m\u0259kt\u0259bin birinci sinfin\u0259 getmi\u015f, 1982- ci ild\u0259 h\u0259min m\u0259kt\u0259bi bitirmi\u015fdir.<\/p>\n\n\n\n<figure class=\"wp-block-gallery columns-2 is-cropped wp-block-gallery-1 is-layout-flex wp-block-gallery-is-layout-flex\"><ul class=\"blocks-gallery-grid\"><li class=\"blocks-gallery-item\"><figure><img decoding=\"async\" src=\"https:\/\/fedai.az\/wp-content\/uploads\/2021\/09\/241035280_401103021373618_8655273387559879201_n.jpg\" alt=\"\" data-id=\"47383\" data-link=\"https:\/\/fedai.az\/?attachment_id=47383\" class=\"wp-image-47383\"\/><\/figure><\/li><li class=\"blocks-gallery-item\"><figure><img decoding=\"async\" src=\"https:\/\/fedai.az\/wp-content\/uploads\/2021\/09\/241071551_3008727906082917_242497423556039661_n-766x1024.jpg\" alt=\"\" data-id=\"47384\" data-full-url=\"https:\/\/fedai.az\/wp-content\/uploads\/2021\/09\/241071551_3008727906082917_242497423556039661_n.jpg\" data-link=\"https:\/\/fedai.az\/?attachment_id=47384\" class=\"wp-image-47384\"\/><\/figure><\/li><\/ul><\/figure>\n\n\n\n<p>&nbsp;&nbsp; O,1972 -ci ild\u0259 Ab\u015faron rayonun Georgiy Dmitrov&nbsp; ad\u0131na orta m\u0259kt\u0259bin birinci sinfin\u0259 getmi\u015f, 1982-ci ild\u0259 h\u0259min m\u0259kt\u0259bi bitirmi\u015fdir.<\/p>\n\n\n\n<p>&nbsp;&nbsp;&nbsp; Ceyhun V\u0259liyev 1982- ci \u0131lin \u0131yun ay\u0131ndan 1983- c\u00fc ilin iyun ay\u0131na kimi X\u0131rdalanda Bak\u0131 Qu\u015f\u00e7uluq fabrikind\u0259 f\u0259hl\u0259 i\u015fl\u0259mi\u015fdir. O, 1983-c\u00fc ild\u0259 SSR\u0130 M\u00fcdafi\u0259 Nazirliyinin Kami\u015fin ali h\u0259rbi&nbsp; in\u015faat komandirl\u0259r&nbsp; m\u0259kt\u0259bin\u0259 daxil olmu\u015f, 1987- ci ild\u0259 h\u0259min ali h\u0259rbi m\u0259kt\u0259bi&nbsp; bitirmi\u015fdir.<\/p>\n\n\n\n<p>&nbsp;&nbsp;&nbsp;&nbsp; Ehtiyyatda olan polkovnik leytenant Ceyhun V\u0259liyev 1987-ci \u0131lin \u0131yul ay\u0131ndan &#8212; 1993-c\u00fc ilin fevral&nbsp; ayina kimi SSR\u0130 v\u0259 Az\u0259rbaycan Respublikas\u0131n\u0131n M\u00fcdafi\u0259 Nazirliyinin Kr\u0131m v\u0259 Bak\u0131 \u015f\u0259h\u0259rl\u0259rind\u0259 yerl\u0259\u015f\u0259n in\u015faat&nbsp; h\u0259rbi hiss\u0259l\u0259rind\u0259&nbsp; taq\u0131m komandiri, b\u00f6luk komandirinin m\u00fcavini, b\u00f6luk komandiri v\u0259zif\u0259l\u0259rind\u0259 \u00e7al\u0131\u015fm\u0131\u015fd\u0131r.<\/p>\n\n\n\n<p>\u00a0\u00a0\u00a0 O, 1993-c\u00fc ilin mart ay\u0131ndan 2010- cu ilin son ay\u0131na kimi Daxili \u0130\u015fl\u0259r Nazirliyinin Daxili Qo\u015funlar\u0131n\u0131n Bas \u0130dar\u0259sinin N\u0259rimanov, Zaqatala, F\u00fczuli rayonlar\u0131nda v\u0259 Sumqay\u0131t \u015f\u0259h\u0259rind\u0259 yerl\u0259\u015f\u0259n h\u0259rbi hiss\u0259l\u0259rd\u0259 ( DQB\u0130-N\u0130N M\u0259k\u0259zl\u0259\u015fdirilmi\u015f anbar\u0131nda) d\u00f6y\u00fc\u015f haz\u0131rl\u0131\u011f\u0131 b\u00f6lm\u0259 r\u0259isinin m\u00fcavini, Xidm\u0259t r\u0259isi, h\u0259rbi hiss\u0259 komandirinin arxa xidm\u0259t\u00a0 (arxa c\u0259bh\u0259) \u00fczr\u0259\u00a0 m\u00fcavini,\u00a0 Daxili Qo\u015funlar\u0131n Bas \u0130dar\u0259sinin Geyim xidm\u0259tind\u0259 ba\u015f zabit, Daxili Qo\u015funlar\u0131n Bas \u0130dar\u0259sinin M\u0259nzil istismar xidm\u0259tind\u0259 texniki\u00a0 yang\u0131ndan m\u00fchafiz\u0259 \u00fczr\u0259 m\u00fcv\u0259kkil, Daxili Qo\u015funlar\u0131n Bas \u0130dar\u0259sinin \u0130nspeksiyas\u0131nda inspektor v\u0259 ba\u015f inspektor v\u0259zif\u0259l\u0259rind\u0259 xidm\u0259t etmi\u015fdir.<\/p>\n\n\n\n<p>\u00a0\u00a0V\u0259liyev Ceyhun Tofiq o\u011flu Az\u0259rbaycan Respublikas\u0131 Konstitusiyas\u0131na v\u0259 qanunlar\u0131na,h\u0259rbi and\u0131n, h\u0259rbi nizamnam\u0259l\u0259rin, Daxili Qo\u015funlar\u0131n Bas \u0130dar\u0259sinin\u00a0 Maddi texniki t\u0259minat xidm\u0259tl\u0259ri v\u0259\u00a0 Daxili Qo\u015funlar\u0131n Ba\u015f \u0130dar\u0259sinin\u00a0 \u0130nispeksiyas\u0131 haqq\u0131nda \u0259sasnam\u0259l\u0259rin, t\u0259limatlar\u0131n t\u0259l\u0259bl\u0259rin\u0259 v\u0259 v\u0259zif\u0259 borcuna \u0259m\u0259l etm\u0259kd\u0259 bir cox h\u0259rbi qulluq\u00e7ulara \u015f\u0259xsi n\u00fcmun\u0259 olaraq\u00a0 V\u0259t\u0259n\u0259,D\u00f6vl\u0259t\u0259 v\u0259 Xalqa s\u0259daq\u0259tl\u0259 xidm\u0259t etmi\u015fdir.<\/p>\n\n\n\n<p>&nbsp;&nbsp;&nbsp; M\u00fcharib\u0259 v\u0259 Silahl\u0131 Q\u00fcvv\u0259l\u0259r Veteran\u0131 ehtiyyatda olan polkovnik-leytenant&nbsp;&nbsp; V\u0259liyev Ceyhun Tofiq o\u011flu Az\u0259rbaycan Respublikas\u0131n\u0131n Daxili \u0130\u015fl\u0259r&nbsp; Nazirliyinin Daxili Qo\u015funlar\u0131n\u0131n Ba\u015f \u0130dar\u0259sinin\u0259 v\u0259 xidm\u0259t etdiyi h\u0259rbi hiss\u0259y\u0259, xidm\u0259t\u0259 statusula h\u0259v\u0259l\u0259 edilmis v\u0259zif\u0259l\u0259rin v\u0259 tap\u015f\u0131r\u0131qlar\u0131n\u0131n yerin\u0259 yetirilm\u0259sind\u0259, cinay\u0259tkarl\u0131\u011fa qar\u015f\u0131 m\u00fcbariz\u0259d\u0259, ictimai t\u0259hl\u00fck\u0259sizliyin t\u0259min edilm\u0259sind\u0259,ictimai \u0259sayi\u015fin qorunmas\u0131nda, ya\u015fay\u0131\u015f m\u0259nt\u0259q\u0259l\u0259rind\u0259 k\u00fctl\u0259vi ixt\u0131\u015fa\u015flar\u0131n qar\u015f\u0131s\u0131n\u0131n al\u0131nmas\u0131nda, Az\u0259rbaycan\u0131n \u0259razi b\u00fct\u00f6vl\u00fcy\u00fc u\u011frunda ged\u0259n d\u00f6y\u00fc\u015f v\u0259 x\u00fcsusi \u0259m\u0259liyyatlarda \u00fcz\u0259rin\u0259 d\u00fc\u015f\u0259n v\u0259zif\u0259 borclar\u0131n\u0131 m\u0259suliyy\u0259t v\u0259 \u015f\u0259r\u0259f hissi il\u0259 yer\u0131n\u0259 yetirmi\u015fdir.<\/p>\n\n\n\n<figure class=\"wp-block-image size-large is-resized\"><img loading=\"lazy\" decoding=\"async\" src=\"https:\/\/fedai.az\/wp-content\/uploads\/2021\/09\/241112082_2904218099888758_3780676448562263865_n-836x1024.jpg\" alt=\"\" class=\"wp-image-47385\" width=\"886\" height=\"1085\"\/><\/figure>\n\n\n\n<p>&nbsp;&nbsp;&nbsp;&nbsp; Ceyhun V\u0259liyev Daxili Qo\u015funlar\u0131n Ba\u015f idar\u0259sind\u0259 v\u0259 h\u0259rbi hiss\u0259l\u0259rind\u0259 m\u00fcxt\u0259lif v\u0259zif\u0259l\u0259rd\u0259 xidm\u0259t etdiyi ill\u0259r \u0259rzind\u0259 Zabitl\u0259rl\u0259, gizir v\u0259 m\u00fcdd\u0259td\u0259n art\u0131q xidm\u0259t ed\u0259n h\u0259rbi qulluq\u00e7ular il\u0259 komandir haz\u0131rl\u0131\u011f\u0131 \u00fczr\u0259, h\u0259rbi hiss\u0259 komandirl\u0259rin arxa xidm\u0259t \u00fczr\u0259&nbsp;&nbsp; m\u00fcavinl\u0259ri il\u0259, h\u0259rbi hiss\u0259l\u0259rin geyim v\u0259 m\u0259nzil istismar xidm\u0259t r\u0259isl\u0259ri il\u0259 planla\u015fd\u0131rlm\u0131\u015f&nbsp;&nbsp; m\u0259\u015f\u011f\u0259l\u0259l\u0259rin, taktiki v\u0259 n\u00fcmn\u0259vi g\u00f6st\u0259rici t\u0259liml\u0259rin&nbsp; ke\u00e7irilm\u0259si istiqam\u0259tind\u0259 \u00fcz\u0259rin\u0259 d\u00fcs\u0259n v\u0259zif\u0259l\u0259rin yerin\u0259 yetirilm\u0259sin\u0259 m\u0259suliyy\u0259tl\u0259 yana\u015fm\u0131\u015fd\u0131r.<\/p>\n\n\n\n<p>&nbsp;&nbsp;&nbsp;&nbsp; M\u00fcharib\u0259 v\u0259 Silahl\u0131 Q\u00fcvv\u0259l\u0259r Veteran\u0131 ehtiyyatda olan polkovnik leytenant Ceyhun V\u0259liyev Daxili Qo\u015funlar\u0131n Ba\u015f \u0130dar\u0259sinin \u0130nispeksiys\u0131nda inspektor v\u0259 ba\u015f inispektor v\u0259zif\u0259l\u0259rind\u0259 xidm\u0259t etdiyi ill\u0259r \u0259rzind\u0259 Daxili Qo\u015funlar\u0131n Ba\u015f \u0130dar\u0259sinin idar\u0259, \u015f\u00f6b\u0259 v\u0259 xidm\u0259tl\u0259rind\u0259, h\u0259rbi hiss\u0259 v\u0259 \u0259lahidd\u0259 b\u00f6m\u0259l\u0259rind\u0259 \u0130nspeksiya (yekun, t\u0259lim, \u00fcm\u00fcm\u00fc,q\u0259fl\u0259t\u0259n) yoxlamalar\u0131n obyektiv , apar\u0131lmas\u0131 ,d\u00fczg\u00fcn&nbsp; qiym\u0259tl\u0259ndirilm\u0259si \u00fcz\u0259rin\u0259 d\u00fc\u015f\u0259n v\u0259zif\u0259l\u0259rin \u00f6hd\u0259sind\u0259n layiqinc\u0259 g\u0259lmi\u015fdir.<\/p>\n\n\n\n<p>&nbsp;&nbsp;&nbsp;&nbsp; O,Az\u0259rbaycan\u0131n \u0259razi b\u00fct\u00f6vl\u00fcy\u00fc u\u011frunda Agdam v\u0259 F\u00fczuli rayonlar\u0131 istiqam\u0259tind\u0259&nbsp;&nbsp; ged\u0259n d\u00f6y\u00fc\u015f v\u0259 x\u00fcsusi \u0259m\u0259liyyatlar zaman\u0131 \u00fcz\u0259rin\u0259 d\u00fcs\u0259n v\u0259zif\u0259l\u0259rin yerin\u0259 yetirilm\u0259sin\u0259 m\u0259suliyy\u0259tl\u0259 yana\u015fm\u0131\u015fd\u0131r.<\/p>\n\n\n\n<p>&nbsp;&nbsp;&nbsp;&nbsp; V\u0259liyev Ceyhun Tofiq o\u011flu pe\u015f\u0259karl\u0131\u011f\u0131 il\u0259, praktiki v\u0259 n\u0259z\u0259ri biliyi il\u0259, m\u0259n\u0259vi v\u0259 i\u015fg\u00fczar keyfiyy\u0259til\u0259, humanistliyi&nbsp; il\u0259 secil\u0259n \u0259n m\u0259hsuldar d\u00f6vr\u00fcn\u00fcn&nbsp; 27 ild\u0259n cox \u015f\u0259r\u0259fli xidm\u0259ti yolunu h\u0259rbi xidm\u0259td\u0259 ke\u00e7irmi\u015fdir.<\/p>\n\n\n\n<figure class=\"wp-block-image size-large\"><img decoding=\"async\" src=\"https:\/\/fedai.az\/wp-content\/uploads\/2021\/09\/241055130_3553828584720154_4484346098370257173_n.jpg\" alt=\"\" class=\"wp-image-47386\"\/><\/figure>\n\n\n\n<p>&nbsp;&nbsp;&nbsp;&nbsp;&nbsp; Ehtiyyatda olan polkovnik leytenant Ceyhun V\u0259liyev Xidm\u0259td\u0259 f\u0259riql\u0259ndiyin\u0259 g\u00f6r\u0259 O,SSR\u0130 Ali Soveti v\u0259 Az\u0259rbaycan Respublikas\u0131n\u0131n Prezidenti ad\u0131ndan SSR\u0130 M\u00fcdafi\u0259 Nazirinin v\u0259 Az\u0259rbaycan Respublikas\u0131n\u0131n Daxili \u0130\u015fl\u0259r Nazirin v\u0259&nbsp; onun m\u00fcavinl\u0259rinin , Daxili Qo\u015funlar\u0131n Komandanin v\u0259 onun m\u00fcavinl\u0259rinin, t\u0259hsil ald\u0131g\u0131 ali h\u0259rbi m\u0259kt\u0259b r\u0259isinin, Daxili Qo\u015funlar\u0131n Ba\u015f&nbsp; idar\u0259sinin&nbsp; \u0130nspeksiya r\u0259isinin, h\u0259rbi hiss\u0259 komandirinin v\u0259 onlar\u0131n m\u00fcavinl\u0259rinin m\u00fcvafiq \u0259mrl\u0259ri il\u0259 h\u0259v\u0259sl\u0259ndirm\u0259 qaydas\u0131nda bir s\u0131ra medallarla, pul m\u00fckafatlar\u0131 il\u0259, f\u0259xri f\u0259rmanlarla, qiym\u0259tli h\u0259diyy\u0259l\u0259rl\u0259 m\u00fckafatland\u0131rl\u0131b v\u0259 ona t\u0259\u015f\u0259kk\u00fcr elan edilib.<\/p>\n\n\n\n<p><strong>DO\u011eUM G\u00dcN\u00dcN M\u00dcBAR\u018fK OLSUN<\/strong>, <strong>CEYHUN\u00a0 B\u018fY!<\/strong><\/p>\n\n\n\n<p><strong>ALLAH<\/strong><strong> <\/strong><strong>S<\/strong><strong>\u018f<\/strong><strong>N<\/strong><strong>\u0130 <\/strong><strong>B<\/strong><strong>\u00dc<\/strong><strong>T<\/strong><strong>\u00dc<\/strong><strong>N<\/strong><strong> <\/strong><strong>ARZULARINA<\/strong><strong> \u00c7<\/strong><strong>ATDIRSIN<\/strong><strong>.<\/strong><\/p>\n\n\n\n<p><strong>\u00d6MR\u00dcN UZUN OLSUN, 100 YA\u015eA!<\/strong><\/p>\n\n\n\n<p><strong>D\u0259rin h\u00f6rm\u0259tl\u0259, Az\u0259rbaycan V\u0259t\u0259n M\u00fcharib\u0259si Veteranlar\u0131 \u0130ctimai Birliyinin s\u0259dr m\u00fcavini polkovnik Salman Musayev<\/strong><\/p>\n\n\n\n<figure class=\"wp-block-gallery columns-2 is-cropped wp-block-gallery-2 is-layout-flex wp-block-gallery-is-layout-flex\"><ul class=\"blocks-gallery-grid\"><li class=\"blocks-gallery-item\"><figure><img decoding=\"async\" src=\"https:\/\/fedai.az\/wp-content\/uploads\/2021\/09\/241137332_380878523432480_5330748599294595911_n.jpg\" alt=\"\" data-id=\"47387\" data-link=\"https:\/\/fedai.az\/?attachment_id=47387\" class=\"wp-image-47387\"\/><\/figure><\/li><li class=\"blocks-gallery-item\"><figure><img decoding=\"async\" src=\"https:\/\/fedai.az\/wp-content\/uploads\/2021\/09\/8265a327389da9fe4fdc2714b309120e-2-5.jpg\" alt=\"\" data-id=\"47388\" data-full-url=\"https:\/\/fedai.az\/wp-content\/uploads\/2021\/09\/8265a327389da9fe4fdc2714b309120e-2-5.jpg\" data-link=\"https:\/\/fedai.az\/?attachment_id=47388\" class=\"wp-image-47388\"\/><\/figure><\/li><\/ul><\/figure>\n","protected":false},"excerpt":{"rendered":"<p>\u00a0\u00a0Az\u0259rbaycan V\u0259t\u0259n M\u00fcharib\u0259si Veteranlar\u0131 \u0130ctimai Birliyinin s\u0259dr m\u00fcavini polkovnik Salman Musayev, ehtiyyatda olan polkovnik leytenant -V\u0259liyev Ceyhun Tofiq o\u011flunu do\u011fum g\u00fcn\u00fc m\u00fcnasib\u0259til\u0259 s\u0259mimi q\u0259lbd\u0259n<\/p>\n","protected":false},"author":2,"featured_media":0,"comment_status":"closed","ping_status":"closed","sticky":false,"template":"","format":"standard","meta":{"footnotes":""},"categories":[5],"tags":[],"class_list":["post-47382","post","type-post","status-publish","format-standard","hentry","category-veteran"],"aioseo_notices":[],"_links":{"self":[{"href":"https:\/\/fedai.az\/index.php?rest_route=\/wp\/v2\/posts\/47382","targetHints":{"allow":["GET"]}}],"collection":[{"href":"https:\/\/fedai.az\/index.php?rest_route=\/wp\/v2\/posts"}],"about":[{"href":"https:\/\/fedai.az\/index.php?rest_route=\/wp\/v2\/types\/post"}],"author":[{"embeddable":true,"href":"https:\/\/fedai.az\/index.php?rest_route=\/wp\/v2\/users\/2"}],"replies":[{"embeddable":true,"href":"https:\/\/fedai.az\/index.php?rest_route=%2Fwp%2Fv2%2Fcomments&post=47382"}],"version-history":[{"count":1,"href":"https:\/\/fedai.az\/index.php?rest_route=\/wp\/v2\/posts\/47382\/revisions"}],"predecessor-version":[{"id":47390,"href":"https:\/\/fedai.az\/index.php?rest_route=\/wp\/v2\/posts\/47382\/revisions\/47390"}],"wp:attachment":[{"href":"https:\/\/fedai.az\/index.php?rest_route=%2Fwp%2Fv2%2Fmedia&parent=47382"}],"wp:term":[{"taxonomy":"category","embeddable":true,"href":"https:\/\/fedai.az\/index.php?rest_route=%2Fwp%2Fv2%2Fcategories&post=47382"},{"taxonomy":"post_tag","embeddable":true,"href":"https:\/\/fedai.az\/index.php?rest_route=%2Fwp%2Fv2%2Ftags&post=47382"}],"curies":[{"name":"wp","href":"https:\/\/api.w.org\/{rel}","templated":true}]}}