{"id":47394,"date":"2021-09-03T12:53:32","date_gmt":"2021-09-03T08:53:32","guid":{"rendered":"https:\/\/fedai.az\/?p=47394"},"modified":"2021-09-03T12:53:35","modified_gmt":"2021-09-03T08:53:35","slug":"peskov-zelenskiy%c9%99-cavab-verdi","status":"publish","type":"post","link":"https:\/\/fedai.az\/?p=47394","title":{"rendered":"Peskov Zelenskiy\u0259 cavab verdi"},"content":{"rendered":"\n<p><strong>Rusiya prezidentinin m\u0259tbuat katibi Dmitri Peskov, Ukrayna prezidenti Vladimir Zelenskinin &#171;D\u00f6vl\u0259t Dumas\u0131 binas\u0131 \u00fcz\u0259rind\u0259 sar\u0131-mavi r\u0259ngli bayraq&#187;la ba\u011fl\u0131 a\u00e7\u0131qlamalar\u0131n\u0131 \u015f\u0259rh ed\u0259rk\u0259n, Rusiya t\u0259r\u0259finin \u00fc\u00e7r\u0259ngli bayra\u011f\u0131n\u0131 Ukraynada yerl\u0259\u015fdirm\u0259k ist\u0259yinin olmad\u0131\u011f\u0131n\u0131 s\u00f6yl\u0259yib. Rusiya Ukraynan\u0131n suverenliyin\u0259 h\u00f6rm\u0259t edir.<\/strong><\/p>\n\n\n\n<p>\u0130yulun 1 -d\u0259 rusiyal\u0131 h\u0259mkar\u0131 Vladimir Putinin a\u00e7\u0131qlamas\u0131na cavab ver\u0259n Vladimir Zelenski, ruslar v\u0259 ukraynal\u0131lar\u0131n bir xalq olmad\u0131\u011f\u0131n\u0131, \u0259g\u0259r bir xalq olsayd\u0131q &#171;Moskvada qrivna pul vahidi kimi i\u015fl\u0259n\u0259r, D\u00f6vl\u0259t Dumas\u0131 \u00fcz\u0259rind\u0259 is\u0259 sar\u0131-mavi bayraq olard\u0131&#187; &#8212; s\u00f6yl\u0259mi\u015fdi.<\/p>\n\n\n\n<p>Putin n\u0259 \u00fc\u00e7\u00fcn ukraynal\u0131lara m\u00fcnasib\u0259td\u0259 &#171;bir xalq&#187;, belaruslara m\u00fcnasib\u0259td\u0259 &#171;qarda\u015f xalqlar&#187; ifad\u0259l\u0259rini i\u015fl\u0259tdiyini soru\u015fanda Kreml n\u00fcmay\u0259nd\u0259si bu anlay\u0131\u015flar\u0131n sinonim oldu\u011funu qeyd etmi\u015fdi.<\/p>\n\n\n\n<p>Bundan \u0259lav\u0259, Peskovdan &#171;bir xalq&#187; ifad\u0259sinin Ukrayna v\u0259 Rusiyan\u0131n iki f\u0259rqli d\u00f6vl\u0259t olmas\u0131 fakt\u0131n\u0131 istisna edib -etm\u0259diyi soru\u015fuldu.<\/p>\n\n\n\n<p>&#171;S\u0259n v\u0259 m\u0259n iki f\u0259rqli \u0259yal\u0259td\u0259 bir xalq\u0131q, bu tamamil\u0259 do\u011frudur, \u0259lb\u0259tt\u0259 ki, m\u00f6vcud oldu\u011fumuz reall\u0131q budur. B\u0259li, h\u0259qiq\u0259t\u0259n d\u0259, Sovet \u0130ttifaq\u0131n\u0131n da\u011f\u0131lmas\u0131ndan sonra iki f\u0259rqli d\u00f6vl\u0259t\u0259 \u00e7evrildik v\u0259 t\u0259bii olaraq h\u0259r bir d\u00f6vl\u0259t tamamil\u0259 suverendir. Xalq h\u0259l\u0259 d\u0259 birdir. Burada tarixi ist\u0259diyiniz q\u0259d\u0259r v\u0259 b\u0259zil\u0259rinin Ukraynada yazma\u011fa \u00e7al\u0131\u015fd\u0131\u011f\u0131 kimi yenid\u0259n yazma\u011fa c\u0259hd ed\u0259 bil\u0259rsiniz, amma insanlar yen\u0259 d\u0259 birlikd\u0259dirl\u0259r&#187; &#8212; dedi.<\/p>\n\n\n\n<p>Rusiya prezidentinin m\u0259tbuat katibinin s\u00f6zl\u0259rin\u0259 g\u00f6r\u0259, Rusiya t\u0259r\u0259fi Zelenskinin bu c\u00fcr a\u00e7\u0131qlamalar\u0131na m\u00fcsb\u0259t cavab ver\u0259 bilm\u0259z.<\/p>\n\n\n\n<p>Daha \u0259vv\u0259l Rusiya Xarici \u0130\u015fl\u0259r Nazirliyinin r\u0259smi n\u00fcmay\u0259nd\u0259si Mariya Zaxarova Ukrayna prezidentinin s\u00f6zl\u0259rin\u0259 cavab ver\u0259r\u0259k \u00f6z\u00fcn\u00fcn ruslarla ukraynal\u0131lar\u0131n bir oldu\u011funu elan etdiyini xat\u0131rlad\u0131b.<\/p>\n","protected":false},"excerpt":{"rendered":"<p>Rusiya prezidentinin m\u0259tbuat katibi Dmitri Peskov, Ukrayna prezidenti Vladimir Zelenskinin &#171;D\u00f6vl\u0259t Dumas\u0131 binas\u0131 \u00fcz\u0259rind\u0259 sar\u0131-mavi r\u0259ngli bayraq&#187;la ba\u011fl\u0131 a\u00e7\u0131qlamalar\u0131n\u0131 \u015f\u0259rh ed\u0259rk\u0259n, Rusiya t\u0259r\u0259finin \u00fc\u00e7r\u0259ngli<\/p>\n","protected":false},"author":2,"featured_media":0,"comment_status":"closed","ping_status":"closed","sticky":false,"template":"","format":"standard","meta":{"footnotes":""},"categories":[13],"tags":[],"class_list":["post-47394","post","type-post","status-publish","format-standard","hentry","category-xarici"],"aioseo_notices":[],"_links":{"self":[{"href":"https:\/\/fedai.az\/index.php?rest_route=\/wp\/v2\/posts\/47394","targetHints":{"allow":["GET"]}}],"collection":[{"href":"https:\/\/fedai.az\/index.php?rest_route=\/wp\/v2\/posts"}],"about":[{"href":"https:\/\/fedai.az\/index.php?rest_route=\/wp\/v2\/types\/post"}],"author":[{"embeddable":true,"href":"https:\/\/fedai.az\/index.php?rest_route=\/wp\/v2\/users\/2"}],"replies":[{"embeddable":true,"href":"https:\/\/fedai.az\/index.php?rest_route=%2Fwp%2Fv2%2Fcomments&post=47394"}],"version-history":[{"count":1,"href":"https:\/\/fedai.az\/index.php?rest_route=\/wp\/v2\/posts\/47394\/revisions"}],"predecessor-version":[{"id":47396,"href":"https:\/\/fedai.az\/index.php?rest_route=\/wp\/v2\/posts\/47394\/revisions\/47396"}],"wp:attachment":[{"href":"https:\/\/fedai.az\/index.php?rest_route=%2Fwp%2Fv2%2Fmedia&parent=47394"}],"wp:term":[{"taxonomy":"category","embeddable":true,"href":"https:\/\/fedai.az\/index.php?rest_route=%2Fwp%2Fv2%2Fcategories&post=47394"},{"taxonomy":"post_tag","embeddable":true,"href":"https:\/\/fedai.az\/index.php?rest_route=%2Fwp%2Fv2%2Ftags&post=47394"}],"curies":[{"name":"wp","href":"https:\/\/api.w.org\/{rel}","templated":true}]}}