{"id":47408,"date":"2021-09-04T00:16:52","date_gmt":"2021-09-03T20:16:52","guid":{"rendered":"https:\/\/fedai.az\/?p=47408"},"modified":"2021-09-04T00:16:57","modified_gmt":"2021-09-03T20:16:57","slug":"mehriban-%c9%99liyeva-raman-salehi-t%c9%99brik-edib","status":"publish","type":"post","link":"https:\/\/fedai.az\/?p=47408","title":{"rendered":"Mehriban \u018fliyeva Raman Salehi t\u0259brik edib"},"content":{"rendered":"\n<p><strong>Az\u0259rbaycan\u0131n Birinci vitse-prezidenti Mehriban \u018fliyeva \u201cTokio-2020\u201d Yay Paralimpiya Oyunlar\u0131nda u\u011furlu \u00e7\u0131x\u0131\u015f ed\u0259n Az\u0259rbaycan y\u0131\u011fmas\u0131n\u0131 v\u0259 3-c\u00fc q\u0131z\u0131l medal\u0131n\u0131 qazanan Raman Salehi t\u0259brik edib.<\/strong><\/p>\n\n\n\n<p>Mehriban \u018fliyeva \u201c\u0130nstagram\u201d s\u0259hif\u0259sind\u0259 etdiyi payla\u015f\u0131m\u0131nda \u201cTokio-2020\u201d Yay Paralimpiya Oyunlar\u0131nda Az\u0259rbaycan\u0131n q\u0131z\u0131l medallar\u0131n\u0131n say\u0131 12-y\u0259 \u00e7atd\u0131! Paralimpiya\u00e7\u0131m\u0131z Raman Salehi 3-c\u00fc medal\u0131n\u0131 qazanmas\u0131 m\u00fcnasib\u0259til\u0259 t\u0259brik edir\u0259m! Az\u0259rbaycan\u0131 Paralimpiadada layiqinc\u0259 t\u0259msil ed\u0259n milli y\u0131\u011fmam\u0131za s\u0259mimi-q\u0259lbd\u0259n t\u0259\u015f\u0259kk\u00fcr edir, b\u00fct\u00fcn idman\u00e7\u0131lar\u0131m\u0131za yeni-yeni nailiyy\u0259tl\u0259r v\u0259 q\u0259l\u0259b\u0259l\u0259r arzulay\u0131ram!\u201d &#8212; dey\u0259 yaz\u0131b.<\/p>\n\n\n\n<figure class=\"wp-block-image size-large is-resized\"><img loading=\"lazy\" decoding=\"async\" src=\"https:\/\/fedai.az\/wp-content\/uploads\/2021\/09\/61323b93b98e061323b93b98e1163068200361323b93b98dd61323b93b98de.jpg\" alt=\"\" class=\"wp-image-47409\" width=\"893\" height=\"595\" srcset=\"https:\/\/fedai.az\/wp-content\/uploads\/2021\/09\/61323b93b98e061323b93b98e1163068200361323b93b98dd61323b93b98de.jpg 800w, https:\/\/fedai.az\/wp-content\/uploads\/2021\/09\/61323b93b98e061323b93b98e1163068200361323b93b98dd61323b93b98de-300x200.jpg 300w, https:\/\/fedai.az\/wp-content\/uploads\/2021\/09\/61323b93b98e061323b93b98e1163068200361323b93b98dd61323b93b98de-150x100.jpg 150w, https:\/\/fedai.az\/wp-content\/uploads\/2021\/09\/61323b93b98e061323b93b98e1163068200361323b93b98dd61323b93b98de-768x512.jpg 768w\" sizes=\"auto, (max-width: 893px) 100vw, 893px\" \/><\/figure>\n","protected":false},"excerpt":{"rendered":"<p>Az\u0259rbaycan\u0131n Birinci vitse-prezidenti Mehriban \u018fliyeva \u201cTokio-2020\u201d Yay Paralimpiya Oyunlar\u0131nda u\u011furlu \u00e7\u0131x\u0131\u015f ed\u0259n Az\u0259rbaycan y\u0131\u011fmas\u0131n\u0131 v\u0259 3-c\u00fc q\u0131z\u0131l medal\u0131n\u0131 qazanan Raman Salehi t\u0259brik edib. Mehriban<\/p>\n","protected":false},"author":2,"featured_media":46445,"comment_status":"closed","ping_status":"closed","sticky":false,"template":"","format":"standard","meta":{"footnotes":""},"categories":[11],"tags":[],"class_list":["post-47408","post","type-post","status-publish","format-standard","has-post-thumbnail","hentry","category-tbrik"],"aioseo_notices":[],"_links":{"self":[{"href":"https:\/\/fedai.az\/index.php?rest_route=\/wp\/v2\/posts\/47408","targetHints":{"allow":["GET"]}}],"collection":[{"href":"https:\/\/fedai.az\/index.php?rest_route=\/wp\/v2\/posts"}],"about":[{"href":"https:\/\/fedai.az\/index.php?rest_route=\/wp\/v2\/types\/post"}],"author":[{"embeddable":true,"href":"https:\/\/fedai.az\/index.php?rest_route=\/wp\/v2\/users\/2"}],"replies":[{"embeddable":true,"href":"https:\/\/fedai.az\/index.php?rest_route=%2Fwp%2Fv2%2Fcomments&post=47408"}],"version-history":[{"count":1,"href":"https:\/\/fedai.az\/index.php?rest_route=\/wp\/v2\/posts\/47408\/revisions"}],"predecessor-version":[{"id":47410,"href":"https:\/\/fedai.az\/index.php?rest_route=\/wp\/v2\/posts\/47408\/revisions\/47410"}],"wp:featuredmedia":[{"embeddable":true,"href":"https:\/\/fedai.az\/index.php?rest_route=\/wp\/v2\/media\/46445"}],"wp:attachment":[{"href":"https:\/\/fedai.az\/index.php?rest_route=%2Fwp%2Fv2%2Fmedia&parent=47408"}],"wp:term":[{"taxonomy":"category","embeddable":true,"href":"https:\/\/fedai.az\/index.php?rest_route=%2Fwp%2Fv2%2Fcategories&post=47408"},{"taxonomy":"post_tag","embeddable":true,"href":"https:\/\/fedai.az\/index.php?rest_route=%2Fwp%2Fv2%2Ftags&post=47408"}],"curies":[{"name":"wp","href":"https:\/\/api.w.org\/{rel}","templated":true}]}}