{"id":47411,"date":"2021-09-04T01:01:52","date_gmt":"2021-09-03T21:01:52","guid":{"rendered":"https:\/\/fedai.az\/?p=47411"},"modified":"2021-09-04T01:01:54","modified_gmt":"2021-09-03T21:01:54","slug":"c%c9%99mil-babayevin-olk%c9%99-daxilind%c9%99-hansi-s%c9%99rh%c9%99ddi-pozdugunu-mudafi%c9%99-nazirliyi-izah-etm%c9%99lidir","status":"publish","type":"post","link":"https:\/\/fedai.az\/?p=47411","title":{"rendered":"C\u0259mil Babayevin \u00f6lk\u0259 daxilind\u0259 hans\u0131 s\u0259rh\u0259ddi pozdu\u011funu M\u00fcdafi\u0259 Nazirliyi izah etm\u0259lidir"},"content":{"rendered":"\n<p><strong>Rusiyan\u0131n Qaraba\u011fdak\u0131 s\u00fclhm\u0259raml\u0131 kontingentinin komandan\u0131 general-leytenant R\u00fcst\u0259m Muradov A\u011fd\u0259r\u0259d\u0259 erm\u0259ni separat\u00e7\u0131lar\u0131 t\u0259r\u0259find\u0259n \u0259sir g\u00f6t\u00fcr\u00fcl\u0259n Az\u0259rbaycan h\u0259rb\u00e7isi C\u0259mil Babayev il\u0259 g\u00f6r\u00fc\u015f\u00fcb.<\/strong><\/p>\n\n\n\n<p>Bu bar\u0259d\u0259 m\u0259lumat\u0131 \u201cSputnik Erm\u0259nistan\u201d yay\u0131b.<\/p>\n\n\n\n<p>M\u0259lumata \u0259sas\u0259n, g\u00f6r\u00fc\u015f zaman\u0131 R\u00fcst\u0259m Muradov C\u0259mil Babayevin haz\u0131rk\u0131 v\u0259ziyy\u0259ti il\u0259 maraqlan\u0131b. Bildirilir ki, C\u0259mil Babayevin xahi\u015fi il\u0259 ona yax\u0131nlar\u0131 v\u0259 ail\u0259 \u00fczvl\u0259ri il\u0259 \u0259laq\u0259 saxlamaq imkan\u0131 yarad\u0131lacaq.<\/p>\n\n\n\n<p>Qeyd ed\u0259k ki, Az\u0259rbaycan Ordusunun m\u00fcdd\u0259td\u0259n art\u0131q xidm\u0259t ed\u0259n h\u0259rbi qulluq\u00e7usu C\u0259mil Babayev Qaraba\u011fda Rusiya s\u00fclhm\u0259raml\u0131lar\u0131n\u0131n n\u0259zar\u0259t etdiyi \u0259razid\u0259 erm\u0259ni separat\u00e7\u0131lar\u0131 t\u0259r\u0259find\u0259n \u0259sir g\u00f6t\u00fcr\u00fcl\u00fcb. Erm\u0259nistan m\u0259tbuat\u0131 Az\u0259rbaycan \u0259sg\u0259rinin \u0259sir g\u00f6t\u00fcr\u00fclm\u0259 an\u0131n\u0131n videosunu yay\u0131b.<\/p>\n\n\n\n<p>D\u00fc\u015fm\u0259n t\u0259r\u0259fi bildirib ki, h\u0259rb\u00e7imiz avqustun 25-d\u0259 A\u011fd\u0259r\u0259 \u015f\u0259h\u0259rind\u0259ki m\u0259nzill\u0259rd\u0259n birind\u0259 a\u015fkarlan\u0131b. Rusiya s\u00fclhm\u0259raml\u0131lar\u0131n\u0131n n\u0259zar\u0259t etdiyi \u0259razid\u0259ki erm\u0259ni separat\u00e7\u0131lar az\u0259rbaycanl\u0131 h\u0259rb\u00e7iy\u0259 \u201ccinay\u0259t i\u015fi\u201d a\u00e7\u0131blar.<\/p>\n\n\n\n<p><strong>Xat\u0131rladaq ki, Erm\u0259nistan m\u0259tbuat\u0131n\u0131n yazd\u0131\u011f\u0131na g\u00f6r\u0259, C\u0259mil Babayev avqustun 25-d\u0259 A\u011fd\u0259r\u0259 \u015f\u0259h\u0259rinin Teryan k\u00fc\u00e7\u0259sind\u0259 yerl\u0259\u015f\u0259n m\u0259nzild\u0259 yaxalan\u0131b v\u0259 qondarma &#171;Daql\u0131q Qaraba\u011f&#187; respublikas\u0131n\u0131n &#171;milli t\u0259hl\u00fck\u0259sizlik x\u0130dm\u0259ti&#187;n\u0259 t\u0259hvil verilib. O, casusluq etm\u0259, Qondarma &#171;Da\u011fl\u0131q Qaraba\u011f Respublikas\u0131&#187; s\u0259rh\u0259dini qanunsuz ke\u00e7m\u0259 v\u0259 azya\u015fl\u0131 u\u015faqlar\u0131 \u00f6l\u00fcml\u0259 h\u0259d\u0259l\u0259m\u0259d\u0259 g\u00fcnahland\u0131r\u0131l\u0131r. Ona qar\u015f\u0131 cinay\u0259t i\u015fi qald\u0131r\u0131l\u0131b. Anlamad\u0131q. Bu &#171;respublika&#187; yenid\u0259n xortlama\u011fa ba\u015flad\u0131. Gah Rusiya tender elan\u0131nda &#171;dqr&#187; yaz\u0131r, gah da \u0259sg\u0259rimiz\u0259 s\u0259rh\u0259d pozma cinay\u0259t i\u015fi qald\u0131r\u0131l\u0131r v\u0259 Rus &#8212; TAM da gedib \u015f\u0259kil \u00e7\u0259kdirir. M\u0259s\u0259l\u0259y\u0259 M\u00fcdafi\u0259 nazirliyinin is\u0259 m\u00fcnasib\u0259ti bel\u0259 olub: &#171;Az\u0259rbaycan M\u00fcdafi\u0259 nazirliyi is\u0259 bildirir ki, m\u00fcdd\u0259td\u0259n art\u0131q h\u0259qiqi h\u0259rbi xidm\u0259t h\u0259rbi qulluq\u00e7usu \u0259sg\u0259r Babayev C\u0259mil Natiq o\u011flu G\u0259nc\u0259 hospital\u0131n\u0131n psixiatriya b\u00f6lm\u0259sini \u00f6zba\u015f\u0131na t\u0259rk edib. Onun bar\u0259sind\u0259 cinay\u0259t i\u015fi ba\u015flan\u0131l\u0131b, ara\u015fd\u0131rma apar\u0131l\u0131r. Ehtimal olunur ki, h\u0259rbi qulluq\u00e7umuz Rusiya s\u00fclhm\u0259raml\u0131lar\u0131n\u0131n n\u0259zar\u0259tind\u0259 olan \u0259raziy\u0259 ke\u00e7ib. C\u0259mil Babayevin haz\u0131rda harada saxlanmas\u0131 v\u0259 durumu bar\u0259d\u0259 h\u0259l\u0259lik m\u0259lumat verilmir&#187;. Sad\u0259c\u0259 yazma\u011fa v\u0259 dem\u0259y\u0259 s\u00f6z tapm\u0131r\u0131q. \u018fsg\u0259r\u0259 v\u0259 d\u00f6y\u00fc\u015f\u00e7\u00fcy\u0259 bunca etinas\u0131z m\u00fcnasib\u0259t b\u0259sl\u0259y\u0259n nazirlikd\u0259n a\u00e7\u0131qlama g\u00f6zl\u0259yirik&#8230;<\/strong><\/p>\n","protected":false},"excerpt":{"rendered":"<p>Rusiyan\u0131n Qaraba\u011fdak\u0131 s\u00fclhm\u0259raml\u0131 kontingentinin komandan\u0131 general-leytenant R\u00fcst\u0259m Muradov A\u011fd\u0259r\u0259d\u0259 erm\u0259ni separat\u00e7\u0131lar\u0131 t\u0259r\u0259find\u0259n \u0259sir g\u00f6t\u00fcr\u00fcl\u0259n Az\u0259rbaycan h\u0259rb\u00e7isi C\u0259mil Babayev il\u0259 g\u00f6r\u00fc\u015f\u00fcb. Bu bar\u0259d\u0259 m\u0259lumat\u0131 \u201cSputnik<\/p>\n","protected":false},"author":2,"featured_media":0,"comment_status":"closed","ping_status":"closed","sticky":false,"template":"","format":"standard","meta":{"footnotes":""},"categories":[4],"tags":[],"class_list":["post-47411","post","type-post","status-publish","format-standard","hentry","category-qarabag"],"aioseo_notices":[],"_links":{"self":[{"href":"https:\/\/fedai.az\/index.php?rest_route=\/wp\/v2\/posts\/47411","targetHints":{"allow":["GET"]}}],"collection":[{"href":"https:\/\/fedai.az\/index.php?rest_route=\/wp\/v2\/posts"}],"about":[{"href":"https:\/\/fedai.az\/index.php?rest_route=\/wp\/v2\/types\/post"}],"author":[{"embeddable":true,"href":"https:\/\/fedai.az\/index.php?rest_route=\/wp\/v2\/users\/2"}],"replies":[{"embeddable":true,"href":"https:\/\/fedai.az\/index.php?rest_route=%2Fwp%2Fv2%2Fcomments&post=47411"}],"version-history":[{"count":1,"href":"https:\/\/fedai.az\/index.php?rest_route=\/wp\/v2\/posts\/47411\/revisions"}],"predecessor-version":[{"id":47413,"href":"https:\/\/fedai.az\/index.php?rest_route=\/wp\/v2\/posts\/47411\/revisions\/47413"}],"wp:attachment":[{"href":"https:\/\/fedai.az\/index.php?rest_route=%2Fwp%2Fv2%2Fmedia&parent=47411"}],"wp:term":[{"taxonomy":"category","embeddable":true,"href":"https:\/\/fedai.az\/index.php?rest_route=%2Fwp%2Fv2%2Fcategories&post=47411"},{"taxonomy":"post_tag","embeddable":true,"href":"https:\/\/fedai.az\/index.php?rest_route=%2Fwp%2Fv2%2Ftags&post=47411"}],"curies":[{"name":"wp","href":"https:\/\/api.w.org\/{rel}","templated":true}]}}