{"id":47414,"date":"2021-09-04T01:33:20","date_gmt":"2021-09-03T21:33:20","guid":{"rendered":"https:\/\/fedai.az\/?p=47414"},"modified":"2021-09-04T01:33:40","modified_gmt":"2021-09-03T21:33:40","slug":"armen-qriqoryan-erm%c9%99nistan-delimitasiya-v%c9%99-demarkasiyaya-hazirdir","status":"publish","type":"post","link":"https:\/\/fedai.az\/?p=47414","title":{"rendered":"Armen Qriqoryan: \u201cErm\u0259nistan delimitasiya v\u0259 demarkasiyaya haz\u0131rd\u0131r\u201d"},"content":{"rendered":"\n<p><strong>Erm\u0259nistan T\u0259hl\u00fck\u0259sizlik \u015euras\u0131n\u0131n katibi Armen Qriqoryan jurnalistl\u0259r\u0259 a\u00e7\u0131qlamas\u0131nda bildirib ki, Erm\u0259nistan delimitasiya v\u0259 demarkasiya prosesin\u0259&nbsp;haz\u0131rd\u0131r.<\/strong><\/p>\n\n\n\n<p>Bu bar\u0259d\u0259 Erm\u0259nistan m\u0259tbuat\u0131 m\u0259lumat verib.<\/p>\n\n\n\n<p><br>&#171;Haz\u0131rda he\u00e7 bir i\u015f (s\u0259rh\u0259dd\u0259- red) apar\u0131lm\u0131r, Az\u0259rbaycan\u0131n reaksiyas\u0131n\u0131\u00a0g\u00f6zl\u0259yirik. Qar\u015f\u0131 t\u0259r\u0259fin reaksiyas\u0131 s\u0259rh\u0259dd\u0259ki m\u00f6vcud b\u00f6hran\u0131 tez bir zamanda aradan qald\u0131rmaq\u00a0\u00fc\u00e7\u00fcn, delimitasiya v\u0259 demarkasiya i\u015fl\u0259rin\u0259 tez ba\u015flamaq \u00fc\u00e7\u00fcn f\u00fcrs\u0259t yaradacaq\u201d, &#8212; dey\u0259 Erm\u0259nistan T\u0259hl\u00fck\u0259sizlik \u015euras\u0131n\u0131n katibi s\u00f6yl\u0259yib.<\/p>\n\n\n\n<p>M\u0259nb\u0259: <strong><strong>www.anews.az<\/strong><\/strong><\/p>\n","protected":false},"excerpt":{"rendered":"<p>Erm\u0259nistan T\u0259hl\u00fck\u0259sizlik \u015euras\u0131n\u0131n katibi Armen Qriqoryan jurnalistl\u0259r\u0259 a\u00e7\u0131qlamas\u0131nda bildirib ki, Erm\u0259nistan delimitasiya v\u0259 demarkasiya prosesin\u0259&nbsp;haz\u0131rd\u0131r. Bu bar\u0259d\u0259 Erm\u0259nistan m\u0259tbuat\u0131 m\u0259lumat verib. &#171;Haz\u0131rda he\u00e7 bir<\/p>\n","protected":false},"author":2,"featured_media":0,"comment_status":"closed","ping_status":"closed","sticky":false,"template":"","format":"standard","meta":{"footnotes":""},"categories":[1],"tags":[],"class_list":["post-47414","post","type-post","status-publish","format-standard","hentry","category-siyast"],"aioseo_notices":[],"_links":{"self":[{"href":"https:\/\/fedai.az\/index.php?rest_route=\/wp\/v2\/posts\/47414","targetHints":{"allow":["GET"]}}],"collection":[{"href":"https:\/\/fedai.az\/index.php?rest_route=\/wp\/v2\/posts"}],"about":[{"href":"https:\/\/fedai.az\/index.php?rest_route=\/wp\/v2\/types\/post"}],"author":[{"embeddable":true,"href":"https:\/\/fedai.az\/index.php?rest_route=\/wp\/v2\/users\/2"}],"replies":[{"embeddable":true,"href":"https:\/\/fedai.az\/index.php?rest_route=%2Fwp%2Fv2%2Fcomments&post=47414"}],"version-history":[{"count":2,"href":"https:\/\/fedai.az\/index.php?rest_route=\/wp\/v2\/posts\/47414\/revisions"}],"predecessor-version":[{"id":47417,"href":"https:\/\/fedai.az\/index.php?rest_route=\/wp\/v2\/posts\/47414\/revisions\/47417"}],"wp:attachment":[{"href":"https:\/\/fedai.az\/index.php?rest_route=%2Fwp%2Fv2%2Fmedia&parent=47414"}],"wp:term":[{"taxonomy":"category","embeddable":true,"href":"https:\/\/fedai.az\/index.php?rest_route=%2Fwp%2Fv2%2Fcategories&post=47414"},{"taxonomy":"post_tag","embeddable":true,"href":"https:\/\/fedai.az\/index.php?rest_route=%2Fwp%2Fv2%2Ftags&post=47414"}],"curies":[{"name":"wp","href":"https:\/\/api.w.org\/{rel}","templated":true}]}}