{"id":47421,"date":"2021-09-04T02:01:59","date_gmt":"2021-09-03T22:01:59","guid":{"rendered":"https:\/\/fedai.az\/?p=47421"},"modified":"2021-09-04T02:02:04","modified_gmt":"2021-09-03T22:02:04","slug":"taliban-%c9%99fqanistana-n%c9%99zar%c9%99ti-t%c9%99min-etdi-rusiyanin-yalanlari-ozunu-dogrutmadi","status":"publish","type":"post","link":"https:\/\/fedai.az\/?p=47421","title":{"rendered":"Taliban \u018ffqan\u0131stana n\u0259zar\u0259ti t\u0259min etdi-Rusiyan\u0131n yalanlar\u0131 \u00f6z\u00fcn\u00fc do\u011frutmad\u0131"},"content":{"rendered":"\n<p><strong>\u201cTaliban\u201d s\u00f6z\u00e7\u00fcs\u00fc P\u0259nc\u015firin bir ne\u00e7\u0259 rayonunun \u0259l\u0259 ke\u00e7irildiyini a\u00e7\u0131qlay\u0131b.<\/strong><\/p>\n\n\n\n<p>H\u0259r\u0259kat\u0131n s\u00f6z\u00e7\u00fcs\u00fc Zabiullah M\u00fccahidin verdiyi m\u0259lumata g\u00f6r\u0259, \u201cTaliban\u201d yaraql\u0131lar\u0131\u00a0 P\u0259nc\u015fird\u0259 bir ne\u00e7\u0259 \u0259razini v\u0259 d\u00f6rd n\u0259zar\u0259t m\u0259nt\u0259q\u0259sind\u0259 n\u0259zar\u0259ti alt\u0131na al\u0131b.<\/p>\n\n\n\n<p>M\u0259lumatda o da bildirilib ki, P\u0259nc\u015fird\u0259ki m\u00fcqavim\u0259t q\u00fcvv\u0259l\u0259rinin 30-dan \u00e7ox d\u00f6y\u00fc\u015f\u00e7\u00fcs\u00fc, o c\u00fcml\u0259d\u0259n \u00fc\u00e7 komandir \u00f6ld\u00fcr\u00fcl\u00fcb.<\/p>\n\n\n\n<figure class=\"wp-block-image size-large\"><img decoding=\"async\" src=\"https:\/\/fedai.az\/wp-content\/uploads\/2021\/09\/213170515_4717774568251994_6865723105473992071_n-1.jpg\" alt=\"\" class=\"wp-image-47422\"\/><\/figure>\n\n\n\n<p>Xat\u0131rladaq ki, \u018ffqan\u0131stan M\u00fcqavim\u0259t C\u0259bh\u0259sinin lideri \u018fhm\u0259d M\u0259sudla u\u011fursuz dan\u0131\u015f\u0131qlardan sonra \u201cTaliban\u201d \u0131n d\u00fcn\u0259n h\u0259rbi \u0259m\u0259liyyata ba\u015flamas\u0131 q\u0259rar\u0131 verdiyi bar\u0259d\u0259 m\u0259lumat vermi\u015fdik.<\/p>\n\n\n\n<p>\u018ffqan\u0131stan\u0131n P\u0259nc\u015fir \u0259yal\u0259tin\u0259 n\u0259zar\u0259t \u201cTaliban\u201d n\u00fcmay\u0259nd\u0259l\u0259rinin \u0259lin\u0259 ke\u00e7ib.<\/p>\n\n\n\n<p>Bu bar\u0259d\u0259 T\u00fcrkiy\u0259nin \u201cYeni \u015eafak\u201d q\u0259zeti Kabild\u0259ki m\u00fcxbirin\u0259 istinad\u0259n m\u0259lumat yay\u0131b.<\/p>\n\n\n\n<p>Bel\u0259likl\u0259, \u201cTaliban\u201d \u018ffqan\u0131stan\u0131n b\u00fct\u00fcn \u0259razisini n\u0259zar\u0259t\u0259 g\u00f6t\u00fcr\u00fcb.<\/p>\n\n\n\n<p>Rusiya m\u0259tbuat\u0131 is\u0259 \u00f6z uydurdu\u011fu (bizim m\u0259tbuat da onun z\u00fcy\u00fcn\u00fc tutdu\u011funu x\u0259b\u0259r vermi\u015fdik &#8212; red.) yalan\u0131 yozmaqla m\u0259\u015f\u011ful olub. Fakt\u0131 t\u0259sdiql\u0259m\u0259kl\u0259 yana\u015f\u0131, h\u0259m d\u0259 Taliban\u0131n s\u00f6z\u00e7\u00fcs\u00fc Bilal K\u0259rimi \u00f6z Tvitter s\u0259hif\u0259sind\u0259 (TASS): <\/p>\n\n\n\n<figure class=\"wp-block-image size-large is-resized\"><img loading=\"lazy\" decoding=\"async\" src=\"https:\/\/fedai.az\/wp-content\/uploads\/2021\/09\/f4-1.jpg\" alt=\"\" class=\"wp-image-47423\" width=\"890\" height=\"500\" srcset=\"https:\/\/fedai.az\/wp-content\/uploads\/2021\/09\/f4-1.jpg 734w, https:\/\/fedai.az\/wp-content\/uploads\/2021\/09\/f4-1-300x168.jpg 300w, https:\/\/fedai.az\/wp-content\/uploads\/2021\/09\/f4-1-150x84.jpg 150w\" sizes=\"auto, (max-width: 890px) 100vw, 890px\" \/><\/figure>\n\n\n\n<p>\u201cSon x\u0259b\u0259rl\u0259r\u0259 g\u00f6r\u0259, P\u0259nc\u015firin \u0259n b\u00f6y\u00fck b\u00f6lg\u0259si (Pariyan) tamamil\u0259 M\u00fccahidl\u0259rin \u0259lin\u0259 ke\u00e7ib. Pariyan, M\u00fccahidl\u0259rin \u0259lin\u0259 ke\u00e7\u0259n \u015eotuldan sonra ikinci b\u00f6lg\u0259dir&#187; dey\u0259 yaz\u0131b.<\/p>\n\n\n\n<p>&#171;Toqqu\u015fmalar zaman\u0131 Rusiya istehsal\u0131 olan zirehli personal da\u015f\u0131y\u0131c\u0131lar\u0131 v\u0259 dig\u0259r h\u0259rbi texnika da d\u00fc\u015fm\u0259nd\u0259n q\u0259nim\u0259t kimi \u0259l\u0259 ke\u00e7irilib. D\u00fc\u015fm\u0259nin \u0259hval &#8212; ruhiyy\u0259si a\u015fa\u011f\u0131d\u0131r v\u0259 \u0259m\u0259liyyatlar s\u00fcr\u0259tl\u0259 gedir&#187; &#8212; dey\u0259 K\u0259rimi qeyd edib.<\/p>\n\n\n\n<p>Bel\u0259c\u0259 \u0259l\u0259 ke\u00e7iril\u0259n rus texnikalar\u0131 v\u0259 silahlar\u0131 b\u0259zi n\u00fcanslara i\u015f\u0131q sal\u0131r.<\/p>\n\n\n\n<p>Bu g\u00fcn New China tv is\u0259 h\u0259r k\u0259sin heyr\u0259tin\u0259 s\u0259b\u0259b olan g\u00f6r\u00fcnt\u00fcl\u0259r yay\u0131b. \u018ffqan\u0131stana tam n\u0259zar\u0259ti t\u0259min ed\u0259n Taliban h\u0259r\u0259kat\u0131 g\u00f6vd\u0259 g\u00f6st\u0259risi yay\u0131b. N\u00fcmayi\u015f olunan silahlar aras\u0131nda AB\u015e sursatlar\u0131 il\u0259 yana\u015f\u0131 intihar h\u00fccumlar\u0131 t\u0259\u015fkil etm\u0259k \u00fc\u00e7\u00fcn minalanm\u0131\u015f avtomobill\u0259r v\u0259 kamikadze g\u00f6d\u0259k\u00e7\u0259l\u0259rinin olmas\u0131 m\u00fczakir\u0259l\u0259r\u0259 yol a\u00e7\u0131b.<\/p>\n\n\n\n<figure class=\"wp-block-embed is-type-video is-provider-youtube wp-block-embed-youtube wp-embed-aspect-16-9 wp-has-aspect-ratio\"><div class=\"wp-block-embed__wrapper\">\n<iframe loading=\"lazy\" title=\"GLOBALink | Taliban hold parade with U.S.-made military vehicles in Kandahar\" width=\"715\" height=\"402\" src=\"https:\/\/www.youtube.com\/embed\/CGG7LXBhym8?feature=oembed\" frameborder=\"0\" allow=\"accelerometer; autoplay; clipboard-write; encrypted-media; gyroscope; picture-in-picture\" allowfullscreen><\/iframe>\n<\/div><\/figure>\n","protected":false},"excerpt":{"rendered":"<p>\u201cTaliban\u201d s\u00f6z\u00e7\u00fcs\u00fc P\u0259nc\u015firin bir ne\u00e7\u0259 rayonunun \u0259l\u0259 ke\u00e7irildiyini a\u00e7\u0131qlay\u0131b. H\u0259r\u0259kat\u0131n s\u00f6z\u00e7\u00fcs\u00fc Zabiullah M\u00fccahidin verdiyi m\u0259lumata g\u00f6r\u0259, \u201cTaliban\u201d yaraql\u0131lar\u0131\u00a0 P\u0259nc\u015fird\u0259 bir ne\u00e7\u0259 \u0259razini v\u0259 d\u00f6rd<\/p>\n","protected":false},"author":2,"featured_media":47424,"comment_status":"closed","ping_status":"closed","sticky":false,"template":"","format":"standard","meta":{"footnotes":""},"categories":[1],"tags":[],"class_list":["post-47421","post","type-post","status-publish","format-standard","has-post-thumbnail","hentry","category-siyast"],"aioseo_notices":[],"_links":{"self":[{"href":"https:\/\/fedai.az\/index.php?rest_route=\/wp\/v2\/posts\/47421","targetHints":{"allow":["GET"]}}],"collection":[{"href":"https:\/\/fedai.az\/index.php?rest_route=\/wp\/v2\/posts"}],"about":[{"href":"https:\/\/fedai.az\/index.php?rest_route=\/wp\/v2\/types\/post"}],"author":[{"embeddable":true,"href":"https:\/\/fedai.az\/index.php?rest_route=\/wp\/v2\/users\/2"}],"replies":[{"embeddable":true,"href":"https:\/\/fedai.az\/index.php?rest_route=%2Fwp%2Fv2%2Fcomments&post=47421"}],"version-history":[{"count":1,"href":"https:\/\/fedai.az\/index.php?rest_route=\/wp\/v2\/posts\/47421\/revisions"}],"predecessor-version":[{"id":47425,"href":"https:\/\/fedai.az\/index.php?rest_route=\/wp\/v2\/posts\/47421\/revisions\/47425"}],"wp:featuredmedia":[{"embeddable":true,"href":"https:\/\/fedai.az\/index.php?rest_route=\/wp\/v2\/media\/47424"}],"wp:attachment":[{"href":"https:\/\/fedai.az\/index.php?rest_route=%2Fwp%2Fv2%2Fmedia&parent=47421"}],"wp:term":[{"taxonomy":"category","embeddable":true,"href":"https:\/\/fedai.az\/index.php?rest_route=%2Fwp%2Fv2%2Fcategories&post=47421"},{"taxonomy":"post_tag","embeddable":true,"href":"https:\/\/fedai.az\/index.php?rest_route=%2Fwp%2Fv2%2Ftags&post=47421"}],"curies":[{"name":"wp","href":"https:\/\/api.w.org\/{rel}","templated":true}]}}