{"id":47491,"date":"2021-09-05T00:15:06","date_gmt":"2021-09-04T20:15:06","guid":{"rendered":"https:\/\/fedai.az\/?p=47491"},"modified":"2021-09-05T00:15:11","modified_gmt":"2021-09-04T20:15:11","slug":"%c9%99rdogan-az%c9%99rbaycanla-bagli-3-muhum-muqavil%c9%99ni-t%c9%99sdiql%c9%99di","status":"publish","type":"post","link":"https:\/\/fedai.az\/?p=47491","title":{"rendered":"\u018frdo\u011fan Az\u0259rbaycanla ba\u011fl\u0131 3 m\u00fch\u00fcm m\u00fcqavil\u0259ni t\u0259sdiql\u0259di"},"content":{"rendered":"\n<p><strong>T\u00fcrkiy\u0259 Prezidenti R\u0259c\u0259b Tayyib \u018frdo\u011fan Az\u0259rbaycanla imzalanm\u0131\u015f \u00fc\u00e7 m\u00fcqavil\u0259nin q\u00fcvv\u0259y\u0259 minm\u0259 tarixl\u0259rini t\u0259sdiq edib.<\/strong><\/p>\n\n\n\n<p>Bu bar\u0259d\u0259 q\u0259rarlar \u201cResmi Gazete\u201dd\u0259 d\u0259rc olunub.<\/p>\n\n\n\n<p>S\u0259n\u0259dl\u0259r m\u00fcvafiq olaraq 29 aprel 2021-ci il, 21 aprel 2021-ci il, 30 mart 2021-ci il tarixl\u0259rind\u0259n q\u00fcvv\u0259y\u0259 minmi\u015f hesab edilib.<\/p>\n\n\n\n<p>\u201cSiyah\u0131da imzaland\u0131\u011f\u0131 yer v\u0259 tarixl\u0259r yaz\u0131lm\u0131\u015f anla\u015fmalar\u0131n q\u00fcvv\u0259y\u0259 minm\u0259 tarixl\u0259rinin g\u00f6st\u0259rildiyi kimi m\u00fc\u0259yy\u0259n edilm\u0259sin\u0259 q\u0259rar verilmi\u015fdir\u201d, &#8212; m\u0259lumatda qeyd edilib.<\/p>\n","protected":false},"excerpt":{"rendered":"<p>T\u00fcrkiy\u0259 Prezidenti R\u0259c\u0259b Tayyib \u018frdo\u011fan Az\u0259rbaycanla imzalanm\u0131\u015f \u00fc\u00e7 m\u00fcqavil\u0259nin q\u00fcvv\u0259y\u0259 minm\u0259 tarixl\u0259rini t\u0259sdiq edib. Bu bar\u0259d\u0259 q\u0259rarlar \u201cResmi Gazete\u201dd\u0259 d\u0259rc olunub. S\u0259n\u0259dl\u0259r m\u00fcvafiq olaraq<\/p>\n","protected":false},"author":2,"featured_media":47492,"comment_status":"closed","ping_status":"closed","sticky":false,"template":"","format":"standard","meta":{"footnotes":""},"categories":[3],"tags":[],"class_list":["post-47491","post","type-post","status-publish","format-standard","has-post-thumbnail","hentry","category-gundm"],"aioseo_notices":[],"_links":{"self":[{"href":"https:\/\/fedai.az\/index.php?rest_route=\/wp\/v2\/posts\/47491","targetHints":{"allow":["GET"]}}],"collection":[{"href":"https:\/\/fedai.az\/index.php?rest_route=\/wp\/v2\/posts"}],"about":[{"href":"https:\/\/fedai.az\/index.php?rest_route=\/wp\/v2\/types\/post"}],"author":[{"embeddable":true,"href":"https:\/\/fedai.az\/index.php?rest_route=\/wp\/v2\/users\/2"}],"replies":[{"embeddable":true,"href":"https:\/\/fedai.az\/index.php?rest_route=%2Fwp%2Fv2%2Fcomments&post=47491"}],"version-history":[{"count":1,"href":"https:\/\/fedai.az\/index.php?rest_route=\/wp\/v2\/posts\/47491\/revisions"}],"predecessor-version":[{"id":47493,"href":"https:\/\/fedai.az\/index.php?rest_route=\/wp\/v2\/posts\/47491\/revisions\/47493"}],"wp:featuredmedia":[{"embeddable":true,"href":"https:\/\/fedai.az\/index.php?rest_route=\/wp\/v2\/media\/47492"}],"wp:attachment":[{"href":"https:\/\/fedai.az\/index.php?rest_route=%2Fwp%2Fv2%2Fmedia&parent=47491"}],"wp:term":[{"taxonomy":"category","embeddable":true,"href":"https:\/\/fedai.az\/index.php?rest_route=%2Fwp%2Fv2%2Fcategories&post=47491"},{"taxonomy":"post_tag","embeddable":true,"href":"https:\/\/fedai.az\/index.php?rest_route=%2Fwp%2Fv2%2Ftags&post=47491"}],"curies":[{"name":"wp","href":"https:\/\/api.w.org\/{rel}","templated":true}]}}