{"id":47494,"date":"2021-09-05T00:25:05","date_gmt":"2021-09-04T20:25:05","guid":{"rendered":"https:\/\/fedai.az\/?p=47494"},"modified":"2021-09-05T00:25:10","modified_gmt":"2021-09-04T20:25:10","slug":"erm%c9%99nil%c9%99rin-hec-vaxt-q%c9%99l%c9%99b%c9%99y%c9%99-sansi-olmayib-indi-d%c9%99-yoxdur-tiqran-abramyan","status":"publish","type":"post","link":"https:\/\/fedai.az\/?p=47494","title":{"rendered":"\u201cErm\u0259nil\u0259rin he\u00e7 vaxt q\u0259l\u0259b\u0259y\u0259 \u015fans\u0131 olmay\u0131b, indi d\u0259 yoxdur\u201d \u2013 Tiqran Abramyan"},"content":{"rendered":"\n<p><strong>\u201cBizi \u0259min etm\u0259y\u0259 \u00e7al\u0131\u015f\u0131rlar ki, erm\u0259nil\u0259rin he\u00e7 vaxt q\u0259l\u0259b\u0259y\u0259 \u015fans\u0131 olmay\u0131b, indi d\u0259 yoxdur\u201d.<\/strong><\/p>\n\n\n\n<p>Erm\u0259ni m\u0259tbuat\u0131 x\u0259b\u0259r verir ki, bu fikirl\u0259ri \u201c\u015f\u0259r\u0259fim var\u201d fraksiyas\u0131ndan deputat olan Tiqran Abramyan s\u0259sl\u0259ndirib.<\/p>\n\n\n\n<p>O bildirib ki, h\u00f6kum\u0259t c\u0259miyy\u0259ti yeni g\u00fcz\u0259\u015ftl\u0259r\u0259 haz\u0131rlay\u0131r: \u201cM\u00fcharib\u0259d\u0259n sonrak\u0131 d\u00f6vr\u00fcn \u0259n b\u00f6y\u00fck probleml\u0259rind\u0259n biri d\u0259 odur ki, insanlar\u0131m\u0131z\u0131 psixoloji m\u0259hv etm\u0259y\u0259 \u00e7al\u0131\u015f\u0131rlar. H\u0259m orduda, h\u0259m d\u0259 c\u0259miyy\u0259td\u0259 saxta s\u00fclhsev\u0259r motivl\u0259r v\u0259 \u201cs\u00fclh d\u00f6vr\u00fc\u201d v\u0259dl\u0259ri il\u0259 m\u00fcbariz\u0259 ruhunu pozma\u011fa c\u0259hd edirl\u0259r. Bizi inand\u0131rma\u011fa \u00e7al\u0131\u015f\u0131rlar ki, art\u0131q m\u00fcbariz\u0259 m\u0259nas\u0131zd\u0131r v\u0259 erm\u0259nil\u0259rin q\u0259l\u0259b\u0259y\u0259 he\u00e7 bir \u015fans\u0131 olmay\u0131b, indi d\u0259 yoxdur. Son m\u0259qs\u0259d is\u0259 c\u0259miyy\u0259ti yeni g\u00fcz\u0259\u015ftl\u0259r\u0259 haz\u0131rlamaqd\u0131r. Bunun \u00fc\u00e7\u00fcn insanlar\u0131 g\u00fcz\u0259\u015ftsiz s\u00fclh\u00fcn olmayaca\u011f\u0131na inand\u0131r\u0131rlar\u201d \u2013 Abramyan vur\u011fulay\u0131b.<\/p>\n\n\n\n<p>\u201cSe\u00e7ki sonras\u0131 apatiyan\u0131 (laqeydlik, mara\u011f\u0131n olmamas\u0131) aradan qald\u0131rmaq, \u0259n\u0259n\u0259vi m\u00fcbariz\u0259 \u00fcsullar\u0131n\u0131 d\u0259yi\u015fdirm\u0259k v\u0259 insanlarla ba\u015fa d\u00fc\u015fd\u00fckl\u0259ri bir dild\u0259 dan\u0131\u015fmaq laz\u0131md\u0131r\u201d \u2013 dey\u0259 Tiqran Abramyan bildirib.<\/p>\n\n\n\n<p><strong>M\u00fc\u015fviq Tofiqo\u011flu<\/strong><\/p>\n\n\n\n<p>M\u0259nb\u0259: KONKRET.az<\/p>\n","protected":false},"excerpt":{"rendered":"<p>\u201cBizi \u0259min etm\u0259y\u0259 \u00e7al\u0131\u015f\u0131rlar ki, erm\u0259nil\u0259rin he\u00e7 vaxt q\u0259l\u0259b\u0259y\u0259 \u015fans\u0131 olmay\u0131b, indi d\u0259 yoxdur\u201d. Erm\u0259ni m\u0259tbuat\u0131 x\u0259b\u0259r verir ki, bu fikirl\u0259ri \u201c\u015f\u0259r\u0259fim var\u201d fraksiyas\u0131ndan<\/p>\n","protected":false},"author":2,"featured_media":0,"comment_status":"closed","ping_status":"closed","sticky":false,"template":"","format":"standard","meta":{"footnotes":""},"categories":[1],"tags":[],"class_list":["post-47494","post","type-post","status-publish","format-standard","hentry","category-siyast"],"aioseo_notices":[],"_links":{"self":[{"href":"https:\/\/fedai.az\/index.php?rest_route=\/wp\/v2\/posts\/47494","targetHints":{"allow":["GET"]}}],"collection":[{"href":"https:\/\/fedai.az\/index.php?rest_route=\/wp\/v2\/posts"}],"about":[{"href":"https:\/\/fedai.az\/index.php?rest_route=\/wp\/v2\/types\/post"}],"author":[{"embeddable":true,"href":"https:\/\/fedai.az\/index.php?rest_route=\/wp\/v2\/users\/2"}],"replies":[{"embeddable":true,"href":"https:\/\/fedai.az\/index.php?rest_route=%2Fwp%2Fv2%2Fcomments&post=47494"}],"version-history":[{"count":1,"href":"https:\/\/fedai.az\/index.php?rest_route=\/wp\/v2\/posts\/47494\/revisions"}],"predecessor-version":[{"id":47496,"href":"https:\/\/fedai.az\/index.php?rest_route=\/wp\/v2\/posts\/47494\/revisions\/47496"}],"wp:attachment":[{"href":"https:\/\/fedai.az\/index.php?rest_route=%2Fwp%2Fv2%2Fmedia&parent=47494"}],"wp:term":[{"taxonomy":"category","embeddable":true,"href":"https:\/\/fedai.az\/index.php?rest_route=%2Fwp%2Fv2%2Fcategories&post=47494"},{"taxonomy":"post_tag","embeddable":true,"href":"https:\/\/fedai.az\/index.php?rest_route=%2Fwp%2Fv2%2Ftags&post=47494"}],"curies":[{"name":"wp","href":"https:\/\/api.w.org\/{rel}","templated":true}]}}