{"id":47501,"date":"2021-09-05T00:39:59","date_gmt":"2021-09-04T20:39:59","guid":{"rendered":"https:\/\/fedai.az\/?p=47501"},"modified":"2021-09-05T00:40:02","modified_gmt":"2021-09-04T20:40:02","slug":"r%c9%99smi-baki-rusiyaya-etiraz-etdi-v%c9%99-moskva-s%c9%99hvi-boynuna-aldi","status":"publish","type":"post","link":"https:\/\/fedai.az\/?p=47501","title":{"rendered":"R\u0259smi Bak\u0131 Rusiyaya etiraz etdi v\u0259 Moskva s\u0259hvi boynuna ald\u0131"},"content":{"rendered":"\n<p><strong>Az\u0259rbaycan Respublikas\u0131n\u0131n Xarici \u0130\u015fl\u0259r Nazirliyinin M\u0259tbuat Xidm\u0259ti \u0130dar\u0259sinin r\u0259isi Leyla Abdullayeva Rusiyan\u0131n ticar\u0259t sah\u0259sind\u0259 vahid informasiya sisteminin r\u0259smi internet s\u0259hif\u0259sind\u0259 (<a href=\"http:\/\/zakupki.gov.ru\/\" target=\"_blank\" rel=\"noreferrer noopener\">zakupki.gov.ru<\/a>) Az\u0259rbaycan \u0259razil\u0259rind\u0259 m\u00fcv\u0259qq\u0259ti yerl\u0259\u015f\u0259n s\u00fclhm\u0259raml\u0131lar\u0131n t\u0259minat\u0131 il\u0259 \u0259laq\u0259dar tender elan\u0131 il\u0259 ba\u011fl\u0131 yerl\u0259\u015fdirilmi\u015f m\u0259lumatda qondarma \u201cDa\u011fl\u0131q Qaraba\u011f Respublikas\u0131\u201d qeyd olunmas\u0131 m\u0259s\u0259l\u0259sin\u0259 m\u00fcnasib\u0259t bildirib.<\/strong><\/p>\n\n\n\n<p>Bu bar\u0259d\u0259 X\u0130N-d\u0259n bildirilib.<\/p>\n\n\n\n<p>&#171;Qeyd etm\u0259k ist\u0259rdik ki, bu m\u0259s\u0259l\u0259 il\u0259 ba\u011fl\u0131 Az\u0259rbaycan Respublikas\u0131n\u0131n Xarici \u0130\u015fl\u0259r Nazirliyi etiraz\u0131n\u0131 diplomatik kanallarla d\u0259rhal Rusiya t\u0259r\u0259fin\u0259 \u00e7atd\u0131rm\u0131\u015fd\u0131r. Bu kimi yanl\u0131\u015f m\u0259lumatlar\u0131n iki \u00f6lk\u0259 aras\u0131ndak\u0131 dostluq v\u0259 \u0259m\u0259kda\u015fl\u0131q m\u00fcnasib\u0259tl\u0259rinin ruhuna cavab verm\u0259diyi qar\u015f\u0131 t\u0259r\u0259fin diqq\u0259tin\u0259 \u00e7atd\u0131r\u0131l\u0131b. Qar\u015f\u0131 t\u0259r\u0259f is\u0259 \u00f6z n\u00f6vb\u0259sind\u0259 m\u0259s\u0259l\u0259nin texniki s\u0259hv oldu\u011funu qeyd edib v\u0259 aradan qald\u0131r\u0131lmas\u0131 \u00fc\u00e7\u00fcn m\u00fcvafiq add\u0131mlar\u0131n at\u0131laca\u011f\u0131n\u0131, habel\u0259 bu kimi m\u0259s\u0259l\u0259l\u0259r\u0259 g\u0259l\u0259c\u0259kd\u0259 diqq\u0259tl\u0259 yana\u015f\u0131laca\u011f\u0131n\u0131 ifad\u0259 edib&#187;, &#8212; m\u0259lumatda qeyd olunub.<\/p>\n","protected":false},"excerpt":{"rendered":"<p>Az\u0259rbaycan Respublikas\u0131n\u0131n Xarici \u0130\u015fl\u0259r Nazirliyinin M\u0259tbuat Xidm\u0259ti \u0130dar\u0259sinin r\u0259isi Leyla Abdullayeva Rusiyan\u0131n ticar\u0259t sah\u0259sind\u0259 vahid informasiya sisteminin r\u0259smi internet s\u0259hif\u0259sind\u0259 (zakupki.gov.ru) Az\u0259rbaycan \u0259razil\u0259rind\u0259 m\u00fcv\u0259qq\u0259ti<\/p>\n","protected":false},"author":2,"featured_media":0,"comment_status":"closed","ping_status":"closed","sticky":false,"template":"","format":"standard","meta":{"footnotes":""},"categories":[1],"tags":[],"class_list":["post-47501","post","type-post","status-publish","format-standard","hentry","category-siyast"],"aioseo_notices":[],"_links":{"self":[{"href":"https:\/\/fedai.az\/index.php?rest_route=\/wp\/v2\/posts\/47501","targetHints":{"allow":["GET"]}}],"collection":[{"href":"https:\/\/fedai.az\/index.php?rest_route=\/wp\/v2\/posts"}],"about":[{"href":"https:\/\/fedai.az\/index.php?rest_route=\/wp\/v2\/types\/post"}],"author":[{"embeddable":true,"href":"https:\/\/fedai.az\/index.php?rest_route=\/wp\/v2\/users\/2"}],"replies":[{"embeddable":true,"href":"https:\/\/fedai.az\/index.php?rest_route=%2Fwp%2Fv2%2Fcomments&post=47501"}],"version-history":[{"count":1,"href":"https:\/\/fedai.az\/index.php?rest_route=\/wp\/v2\/posts\/47501\/revisions"}],"predecessor-version":[{"id":47504,"href":"https:\/\/fedai.az\/index.php?rest_route=\/wp\/v2\/posts\/47501\/revisions\/47504"}],"wp:attachment":[{"href":"https:\/\/fedai.az\/index.php?rest_route=%2Fwp%2Fv2%2Fmedia&parent=47501"}],"wp:term":[{"taxonomy":"category","embeddable":true,"href":"https:\/\/fedai.az\/index.php?rest_route=%2Fwp%2Fv2%2Fcategories&post=47501"},{"taxonomy":"post_tag","embeddable":true,"href":"https:\/\/fedai.az\/index.php?rest_route=%2Fwp%2Fv2%2Ftags&post=47501"}],"curies":[{"name":"wp","href":"https:\/\/api.w.org\/{rel}","templated":true}]}}