{"id":47505,"date":"2021-09-05T00:43:47","date_gmt":"2021-09-04T20:43:47","guid":{"rendered":"https:\/\/fedai.az\/?p=47505"},"modified":"2021-09-05T00:43:50","modified_gmt":"2021-09-04T20:43:50","slug":"mehriban-%c9%99liyevadan-tokioda-ugur-qazanan-idmancilarimiza-t%c9%99brik","status":"publish","type":"post","link":"https:\/\/fedai.az\/?p=47505","title":{"rendered":"Mehriban \u018fliyevadan Tokioda u\u011fur qazanan idman\u00e7\u0131lar\u0131m\u0131za t\u0259brik"},"content":{"rendered":"\n<p><strong>Az\u0259rbaycan\u0131n Birinci vitse-prezident Mehriban \u018fliyeva Tokio-2020\u201d Yay Paralimpiya Oyunlar\u0131nda Paralimpiya Oyunlar\u0131nda n\u00f6vb\u0259ti q\u0131z\u0131l medallar qazanan idman\u00e7\u0131lar\u0131m\u0131z\u0131 t\u0259brik edib.<\/strong><\/p>\n\n\n\n<p><br>Birinci vitse-prezidentin instaqram hesab\u0131nda bununla ba\u011fl\u0131 etdiyi payla\u015f\u0131mda deyilir:<\/p>\n\n\n\n<p><br><strong><em>&#171;Az\u0259rbaycan &#171;Tokio-2020\u201d Yay Paralimpiya Oyunlar\u0131nda i\u015ftirak\u0131n\u0131 ba\u015fa \u00e7atd\u0131rd\u0131! N\u00f6vb\u0259ti q\u0131z\u0131l medallar\u0131 Orxan Aslanov v\u0259 Paralimpiyada rekordunu t\u0259z\u0259l\u0259mi\u015f Lamiy\u0259 V\u0259liyeva qazand\u0131lar! B\u00fct\u00fcn qalibl\u0259ri s\u0259mimi-q\u0259lbd\u0259n t\u0259brik edir\u0259m! \u0130dman\u00e7\u0131lar\u0131m\u0131za t\u0259\u015f\u0259kk\u00fcr edir\u0259m! Siz Az\u0259rbaycan\u0131 layiqinc\u0259 t\u0259msil etdiniz! Y\u00fcks\u0259k bacar\u0131q, q\u0259tiyy\u0259t, m\u0259qs\u0259dy\u00f6nl\u00fcl\u00fck n\u00fcmayi\u015f etdir\u0259r\u0259k, siz b\u00fct\u00fcn azarke\u015fl\u0259rinizin \u00fcmidl\u0259rini do\u011frultdunuz! Bizim 14 q\u0131z\u0131l, 1 g\u00fcm\u00fc\u015f v\u0259 4 b\u00fcr\u00fcnc medal\u0131m\u0131z var! Buna g\u00f6r\u0259 \u00e7ox sa\u011f olun! H\u0259r biriniz\u0259 m\u00f6hk\u0259m cansa\u011fl\u0131\u011f\u0131, sevinc, s\u0259ad\u0259t, yeni-yeni q\u0259l\u0259b\u0259l\u0259r v\u0259 nailiyy\u0259tl\u0259r arzulay\u0131ram!\u201d.<\/em><\/strong><\/p>\n","protected":false},"excerpt":{"rendered":"<p>Az\u0259rbaycan\u0131n Birinci vitse-prezident Mehriban \u018fliyeva Tokio-2020\u201d Yay Paralimpiya Oyunlar\u0131nda Paralimpiya Oyunlar\u0131nda n\u00f6vb\u0259ti q\u0131z\u0131l medallar qazanan idman\u00e7\u0131lar\u0131m\u0131z\u0131 t\u0259brik edib. Birinci vitse-prezidentin instaqram hesab\u0131nda bununla ba\u011fl\u0131<\/p>\n","protected":false},"author":2,"featured_media":0,"comment_status":"closed","ping_status":"closed","sticky":false,"template":"","format":"standard","meta":{"footnotes":""},"categories":[11],"tags":[],"class_list":["post-47505","post","type-post","status-publish","format-standard","hentry","category-tbrik"],"aioseo_notices":[],"_links":{"self":[{"href":"https:\/\/fedai.az\/index.php?rest_route=\/wp\/v2\/posts\/47505","targetHints":{"allow":["GET"]}}],"collection":[{"href":"https:\/\/fedai.az\/index.php?rest_route=\/wp\/v2\/posts"}],"about":[{"href":"https:\/\/fedai.az\/index.php?rest_route=\/wp\/v2\/types\/post"}],"author":[{"embeddable":true,"href":"https:\/\/fedai.az\/index.php?rest_route=\/wp\/v2\/users\/2"}],"replies":[{"embeddable":true,"href":"https:\/\/fedai.az\/index.php?rest_route=%2Fwp%2Fv2%2Fcomments&post=47505"}],"version-history":[{"count":1,"href":"https:\/\/fedai.az\/index.php?rest_route=\/wp\/v2\/posts\/47505\/revisions"}],"predecessor-version":[{"id":47507,"href":"https:\/\/fedai.az\/index.php?rest_route=\/wp\/v2\/posts\/47505\/revisions\/47507"}],"wp:attachment":[{"href":"https:\/\/fedai.az\/index.php?rest_route=%2Fwp%2Fv2%2Fmedia&parent=47505"}],"wp:term":[{"taxonomy":"category","embeddable":true,"href":"https:\/\/fedai.az\/index.php?rest_route=%2Fwp%2Fv2%2Fcategories&post=47505"},{"taxonomy":"post_tag","embeddable":true,"href":"https:\/\/fedai.az\/index.php?rest_route=%2Fwp%2Fv2%2Ftags&post=47505"}],"curies":[{"name":"wp","href":"https:\/\/api.w.org\/{rel}","templated":true}]}}