{"id":47508,"date":"2021-09-05T01:06:34","date_gmt":"2021-09-04T21:06:34","guid":{"rendered":"https:\/\/fedai.az\/?p=47508"},"modified":"2021-09-05T01:06:37","modified_gmt":"2021-09-04T21:06:37","slug":"erm%c9%99ni-terrorculari-agd%c9%99r%c9%99d%c9%99-xackar-ucaldir-ivan-is%c9%99-h%c9%99l%c9%99-d%c9%99-qarabagdadir","status":"publish","type":"post","link":"https:\/\/fedai.az\/?p=47508","title":{"rendered":"Erm\u0259ni terror\u00e7ular\u0131 A\u011fd\u0259r\u0259d\u0259 Xa\u00e7kar ucald\u0131r, \u0130van is\u0259 h\u0259l\u0259 d\u0259 Qaraba\u011fdad\u0131r!"},"content":{"rendered":"\n<p><strong>Qaraba\u011fda h\u0259l\u0259 d\u0259 rus d\u0259st\u0259yiyl\u0259 ili\u015fib qalan erm\u0259ni qanunsuz terror qrupla\u015fmalar\u0131 A\u011fd\u0259r\u0259 q\u0259s\u0259b\u0259sind\u0259 t\u0259dbir ke\u00e7irib.<\/strong><\/p>\n\n\n\n<p>A\u011fd\u0259r\u0259d\u0259 seperat\u00e7\u0131lar, h\u0259rbi hiss\u0259l\u0259rin birind\u0259 m\u00fcharib\u0259 zaman\u0131 gorbagor olan erm\u0259ni \u0259sg\u0259rl\u0259rin xatir\u0259sin\u0259 abid\u0259 (xa\u00e7kar) a\u00e7\u0131blar&#8230;<\/p>\n\n\n\n<p>&#171;S\u00fclhm\u0259raml\u0131&#187; ad\u0131yla \u00f6lk\u0259mizd\u0259 i\u015f\u011fal\u00e7\u0131l\u0131q missiyas\u0131 h\u0259yata ke\u00e7ir\u0259n Rusiya h\u0259rbi kontenginti art\u0131q imza atd\u0131\u011f\u0131 sazi\u015fin 4-c\u00fc madd\u0259sind\u0259 bu yaz\u0131lanlar\u0131 dey\u0259s\u0259n unudub: <strong>&#171;Rusiya Federasiyas\u0131n\u0131n s\u00fclhm\u0259raml\u0131 kontingenti erm\u0259ni silahl\u0131 q\u00fcvv\u0259l\u0259rinin \u00e7\u0131xar\u0131lmas\u0131 il\u0259 paralel \u015f\u0259kild\u0259 yerl\u0259\u015fdirilir. Rusiya Federasiyas\u0131n\u0131n s\u00fclhm\u0259raml\u0131 kontingentinin qalma m\u00fcdd\u0259ti 5 ildir v\u0259 m\u00fcdd\u0259tin bitm\u0259sin\u0259 6 ay qalm\u0131\u015f haz\u0131rk\u0131 m\u00fcdd\u0259an\u0131n t\u0259tbiqin\u0259 xitam verilm\u0259si niyy\u0259ti il\u0259 ba\u011fl\u0131 T\u0259r\u0259fl\u0259rd\u0259n h\u0259r hans\u0131 biri \u00e7\u0131x\u0131\u015f etm\u0259zs\u0259, m\u00fcdd\u0259t avtomatik olaraq n\u00f6vb\u0259ti 5 il\u0259 uzad\u0131l\u0131r&#187;.<\/strong><\/p>\n\n\n\n<p>K\u00fcl ba\u015f\u0131v\u0131za hans\u0131 g\u00fcn\u00fcv\u00fcz\u0259 abid\u0259 a\u00e7\u0131rs\u0131z! <\/p>\n\n\n\n<p>Sizi d\u0259 tezlikl\u0259 ordan it kimi qovacay\u0131q!<\/p>\n\n\n\n<p><strong>Leyla H\u0259s\u0259nova<\/strong><\/p>\n\n\n\n<figure class=\"wp-block-image size-large\"><img decoding=\"async\" src=\"https:\/\/fedai.az\/wp-content\/uploads\/2021\/09\/241214527_6099362853468489_5974743577262913014_n-1024x889.jpg\" alt=\"\" class=\"wp-image-47509\"\/><\/figure>\n","protected":false},"excerpt":{"rendered":"<p>Qaraba\u011fda h\u0259l\u0259 d\u0259 rus d\u0259st\u0259yiyl\u0259 ili\u015fib qalan erm\u0259ni qanunsuz terror qrupla\u015fmalar\u0131 A\u011fd\u0259r\u0259 q\u0259s\u0259b\u0259sind\u0259 t\u0259dbir ke\u00e7irib. A\u011fd\u0259r\u0259d\u0259 seperat\u00e7\u0131lar, h\u0259rbi hiss\u0259l\u0259rin birind\u0259 m\u00fcharib\u0259 zaman\u0131 gorbagor olan<\/p>\n","protected":false},"author":2,"featured_media":0,"comment_status":"closed","ping_status":"closed","sticky":false,"template":"","format":"standard","meta":{"footnotes":""},"categories":[4],"tags":[],"class_list":["post-47508","post","type-post","status-publish","format-standard","hentry","category-qarabag"],"aioseo_notices":[],"_links":{"self":[{"href":"https:\/\/fedai.az\/index.php?rest_route=\/wp\/v2\/posts\/47508","targetHints":{"allow":["GET"]}}],"collection":[{"href":"https:\/\/fedai.az\/index.php?rest_route=\/wp\/v2\/posts"}],"about":[{"href":"https:\/\/fedai.az\/index.php?rest_route=\/wp\/v2\/types\/post"}],"author":[{"embeddable":true,"href":"https:\/\/fedai.az\/index.php?rest_route=\/wp\/v2\/users\/2"}],"replies":[{"embeddable":true,"href":"https:\/\/fedai.az\/index.php?rest_route=%2Fwp%2Fv2%2Fcomments&post=47508"}],"version-history":[{"count":1,"href":"https:\/\/fedai.az\/index.php?rest_route=\/wp\/v2\/posts\/47508\/revisions"}],"predecessor-version":[{"id":47511,"href":"https:\/\/fedai.az\/index.php?rest_route=\/wp\/v2\/posts\/47508\/revisions\/47511"}],"wp:attachment":[{"href":"https:\/\/fedai.az\/index.php?rest_route=%2Fwp%2Fv2%2Fmedia&parent=47508"}],"wp:term":[{"taxonomy":"category","embeddable":true,"href":"https:\/\/fedai.az\/index.php?rest_route=%2Fwp%2Fv2%2Fcategories&post=47508"},{"taxonomy":"post_tag","embeddable":true,"href":"https:\/\/fedai.az\/index.php?rest_route=%2Fwp%2Fv2%2Ftags&post=47508"}],"curies":[{"name":"wp","href":"https:\/\/api.w.org\/{rel}","templated":true}]}}