{"id":48061,"date":"2021-09-12T01:01:54","date_gmt":"2021-09-11T21:01:54","guid":{"rendered":"https:\/\/fedai.az\/?p=48061"},"modified":"2021-09-12T01:01:56","modified_gmt":"2021-09-11T21:01:56","slug":"uzd%c9%99niraq-arayikin-t%c9%99z%c9%99-oynasi-kamo-vardanyan","status":"publish","type":"post","link":"https:\/\/fedai.az\/?p=48061","title":{"rendered":"\u00dczd\u0259niraq Arayikin t\u0259z\u0259 &#171;oyna\u015f\u0131&#187; Kamo Vardanyan"},"content":{"rendered":"\n<p><strong>General-mayor Kamo Vardanyan Arayikin qudur d\u0259st\u0259l\u0259rin\u0259 komandan\u0131 t\u0259yin edilib.<\/strong><\/p>\n\n\n\n<p><br>General \u0259vv\u0259ll\u0259r ordu q\u0259rargah r\u0259isi v\u0259 komandirin birinci m\u00fcavini v\u0259zif\u0259l\u0259rind\u0259 \u00e7al\u0131\u015f\u0131b. Vardanyan\u0131 bu v\u0259zif\u0259d\u0259 \u00f6z \u0259riz\u0259si il\u0259 v\u0259zif\u0259sind\u0259n azad edil\u0259n general -leytenant Mikael Arzumanyan \u0259v\u0259z edib.<\/p>\n\n\n\n<figure class=\"wp-block-image size-large\"><img decoding=\"async\" src=\"https:\/\/fedai.az\/wp-content\/uploads\/2021\/09\/241695780_206367418153206_6168886390457186628_n.jpg\" alt=\"\" class=\"wp-image-48062\"\/><\/figure>\n\n\n\n<p>Kamo Vardanyan 18 mart 1966 -c\u0131 ild\u0259 Xocav\u0259nd rayonunun Norshen k\u0259ndind\u0259 anadan olub. 1 fevral 1992 -ci ild\u0259n separat\u00e7\u0131 terror\u00e7ular\u0131n t\u0259rkibind\u0259 Az\u0259rbaycana qar\u015f\u0131 d\u00f6y\u00fc\u015f\u00fcb.<\/p>\n\n\n\n<p><br>2006 -c\u0131 ild\u0259 is\u0259 bu terror\u00e7u-separatizmi d\u0259st\u0259kl\u0259y\u0259n v\u0259 yaradan Rusiyan\u0131n Silahl\u0131 Q\u00fcvv\u0259l\u0259rinin Akademiyas\u0131n\u0131, 2019 -cu ild\u0259 Rusiya Silahl\u0131 Q\u00fcvv\u0259l\u0259ri Ba\u015f Q\u0259rargah\u0131n\u0131n H\u0259rbi Akademiyas\u0131n\u0131 bitirib.<\/p>\n\n\n\n<p>General Vardanyan 1992-1994-c\u00fc ill\u0259rd\u0259 ilk Qaraba\u011f m\u00fcharib\u0259sind\u0259, 2016-c\u0131 ilin aprel d\u00f6y\u00fc\u015fl\u0259rind\u0259 v\u0259 2020-ci ilin pay\u0131z\u0131nda 44 g\u00fcnl\u00fck m\u00fcharib\u0259d\u0259 i\u015ftirak etmi\u015fdir. H\u0259bs olunmas\u0131 \u00fc\u00e7\u00fcn yet\u0259rinc\u0259 &#171;xidm\u0259tl\u0259ri&#187; var.<\/p>\n\n\n\n<p><br>P.S. Bel\u0259 \u00e7\u0131x\u0131r ki, bundan sonra h\u0259r 3 rayon birl\u0259\u015fib bir m\u00fcdafi\u0259 naziri v\u0259 ya bir Arayik qoyacaqlar?<\/p>\n","protected":false},"excerpt":{"rendered":"<p>General-mayor Kamo Vardanyan Arayikin qudur d\u0259st\u0259l\u0259rin\u0259 komandan\u0131 t\u0259yin edilib. General \u0259vv\u0259ll\u0259r ordu q\u0259rargah r\u0259isi v\u0259 komandirin birinci m\u00fcavini v\u0259zif\u0259l\u0259rind\u0259 \u00e7al\u0131\u015f\u0131b. Vardanyan\u0131 bu v\u0259zif\u0259d\u0259 \u00f6z<\/p>\n","protected":false},"author":2,"featured_media":47402,"comment_status":"closed","ping_status":"closed","sticky":false,"template":"","format":"standard","meta":{"footnotes":""},"categories":[15],"tags":[],"class_list":["post-48061","post","type-post","status-publish","format-standard","has-post-thumbnail","hentry","category-atmaca"],"aioseo_notices":[],"_links":{"self":[{"href":"https:\/\/fedai.az\/index.php?rest_route=\/wp\/v2\/posts\/48061","targetHints":{"allow":["GET"]}}],"collection":[{"href":"https:\/\/fedai.az\/index.php?rest_route=\/wp\/v2\/posts"}],"about":[{"href":"https:\/\/fedai.az\/index.php?rest_route=\/wp\/v2\/types\/post"}],"author":[{"embeddable":true,"href":"https:\/\/fedai.az\/index.php?rest_route=\/wp\/v2\/users\/2"}],"replies":[{"embeddable":true,"href":"https:\/\/fedai.az\/index.php?rest_route=%2Fwp%2Fv2%2Fcomments&post=48061"}],"version-history":[{"count":1,"href":"https:\/\/fedai.az\/index.php?rest_route=\/wp\/v2\/posts\/48061\/revisions"}],"predecessor-version":[{"id":48063,"href":"https:\/\/fedai.az\/index.php?rest_route=\/wp\/v2\/posts\/48061\/revisions\/48063"}],"wp:featuredmedia":[{"embeddable":true,"href":"https:\/\/fedai.az\/index.php?rest_route=\/wp\/v2\/media\/47402"}],"wp:attachment":[{"href":"https:\/\/fedai.az\/index.php?rest_route=%2Fwp%2Fv2%2Fmedia&parent=48061"}],"wp:term":[{"taxonomy":"category","embeddable":true,"href":"https:\/\/fedai.az\/index.php?rest_route=%2Fwp%2Fv2%2Fcategories&post=48061"},{"taxonomy":"post_tag","embeddable":true,"href":"https:\/\/fedai.az\/index.php?rest_route=%2Fwp%2Fv2%2Ftags&post=48061"}],"curies":[{"name":"wp","href":"https:\/\/api.w.org\/{rel}","templated":true}]}}