{"id":48242,"date":"2021-09-13T12:41:54","date_gmt":"2021-09-13T08:41:54","guid":{"rendered":"https:\/\/fedai.az\/?p=48242"},"modified":"2021-09-13T12:42:35","modified_gmt":"2021-09-13T08:42:35","slug":"ramin-bayramlinin-istefasi-q%c9%99bul-edildi","status":"publish","type":"post","link":"https:\/\/fedai.az\/?p=48242","title":{"rendered":"Ramin Bayraml\u0131n\u0131n istefas\u0131 q\u0259bul edildi"},"content":{"rendered":"\n<p><strong>\u201cTibbi \u018frazi B\u00f6lm\u0259l\u0259rini \u0130dar\u0259etm\u0259 Birliyi\u201d publik h\u00fcquqi \u015f\u0259xsin (T\u018fB\u0130B) \u0130dar\u0259 Hey\u0259tinin s\u0259dri Ramin Bayraml\u0131 \u00f6z \u0259riz\u0259si il\u0259 tutdu\u011fu v\u0259zif\u0259d\u0259n azad edilib.<\/strong><\/p>\n\n\n\n<p>Bu bar\u0259d\u0259 \u0130cbari Tibbi S\u0131\u011forta \u00fczr\u0259 D\u00f6vl\u0259t Agentliyinin m\u0259lumat yay\u0131b.<\/p>\n\n\n\n<p>Bildirilib ki, \u0130cbari Tibbi S\u0131\u011forta \u00fczr\u0259 D\u00f6vl\u0259t Agentliyinin (Agentlik) \u0130dar\u0259 Hey\u0259tinin s\u0259dri Zaur \u018fliyevin \u0259mri il\u0259 T\u018fB\u0130B-in \u0130dar\u0259 Hey\u0259tinin s\u0259dri v\u0259zif\u0259l\u0259rini m\u00fcv\u0259qq\u0259ti icra etm\u0259k s\u0259lahiyy\u0259ti V\u00fcqar Cavan\u015fir o\u011flu Qurbanova verilib. O haz\u0131rda Agentliyin Tibbi iddialar departamentinin r\u0259hb\u0259ri v\u0259zif\u0259l\u0259rini icra edir.<\/p>\n","protected":false},"excerpt":{"rendered":"<p>\u201cTibbi \u018frazi B\u00f6lm\u0259l\u0259rini \u0130dar\u0259etm\u0259 Birliyi\u201d publik h\u00fcquqi \u015f\u0259xsin (T\u018fB\u0130B) \u0130dar\u0259 Hey\u0259tinin s\u0259dri Ramin Bayraml\u0131 \u00f6z \u0259riz\u0259si il\u0259 tutdu\u011fu v\u0259zif\u0259d\u0259n azad edilib. Bu bar\u0259d\u0259 \u0130cbari<\/p>\n","protected":false},"author":2,"featured_media":0,"comment_status":"closed","ping_status":"closed","sticky":false,"template":"","format":"standard","meta":{"footnotes":""},"categories":[3],"tags":[],"class_list":["post-48242","post","type-post","status-publish","format-standard","hentry","category-gundm"],"aioseo_notices":[],"_links":{"self":[{"href":"https:\/\/fedai.az\/index.php?rest_route=\/wp\/v2\/posts\/48242","targetHints":{"allow":["GET"]}}],"collection":[{"href":"https:\/\/fedai.az\/index.php?rest_route=\/wp\/v2\/posts"}],"about":[{"href":"https:\/\/fedai.az\/index.php?rest_route=\/wp\/v2\/types\/post"}],"author":[{"embeddable":true,"href":"https:\/\/fedai.az\/index.php?rest_route=\/wp\/v2\/users\/2"}],"replies":[{"embeddable":true,"href":"https:\/\/fedai.az\/index.php?rest_route=%2Fwp%2Fv2%2Fcomments&post=48242"}],"version-history":[{"count":2,"href":"https:\/\/fedai.az\/index.php?rest_route=\/wp\/v2\/posts\/48242\/revisions"}],"predecessor-version":[{"id":48244,"href":"https:\/\/fedai.az\/index.php?rest_route=\/wp\/v2\/posts\/48242\/revisions\/48244"}],"wp:attachment":[{"href":"https:\/\/fedai.az\/index.php?rest_route=%2Fwp%2Fv2%2Fmedia&parent=48242"}],"wp:term":[{"taxonomy":"category","embeddable":true,"href":"https:\/\/fedai.az\/index.php?rest_route=%2Fwp%2Fv2%2Fcategories&post=48242"},{"taxonomy":"post_tag","embeddable":true,"href":"https:\/\/fedai.az\/index.php?rest_route=%2Fwp%2Fv2%2Ftags&post=48242"}],"curies":[{"name":"wp","href":"https:\/\/api.w.org\/{rel}","templated":true}]}}