{"id":48250,"date":"2021-09-14T00:27:16","date_gmt":"2021-09-13T20:27:16","guid":{"rendered":"https:\/\/fedai.az\/?p=48250"},"modified":"2021-09-14T00:27:20","modified_gmt":"2021-09-13T20:27:20","slug":"milli-f%c9%99rari-fuad-muradovun-%c9%99m%c9%99ll%c9%99ri-bar%c9%99d%c9%99-qht-r%c9%99hb%c9%99rl%c9%99ri-muraci%c9%99t-ed%c9%99c%c9%99kl%c9%99r","status":"publish","type":"post","link":"https:\/\/fedai.az\/?p=48250","title":{"rendered":"Milli f\u0259rari Fuad Muradovun \u0259m\u0259ll\u0259ri bar\u0259d\u0259 QHT r\u0259hb\u0259rl\u0259ri m\u00fcraci\u0259t ed\u0259c\u0259kl\u0259r"},"content":{"rendered":"\n<p><strong>\u201cMilli &#171;F\u0259dail\u0259r&#187; H\u0259r\u0259kat\u0131\u201dn\u0131n qurucusu Fuad Muradov saxlan\u0131l\u0131b.<\/strong><\/p>\n\n\n\n<p>Bu bar\u0259d\u0259 tan\u0131nm\u0131\u015f h\u00fcquq\u015f\u00fcnas Aslan \u0130smay\u0131lov m\u0259lumat yay\u0131b.<\/p>\n\n\n\n<p><em><strong>H\u00fcquq\u015f\u00fcnas\u0131n yayd\u0131\u011f\u0131 m\u0259lumat\u0131 oldu\u011fu kimi t\u0259qdim edirik:<\/strong><\/em><\/p>\n\n\n\n<p>\u201cUzun m\u00fcdd\u0259tdir ki, sosial \u015f\u0259b\u0259k\u0259l\u0259rd\u0259 ictimai aktiv \u015f\u0259xsl\u0259ri k\u00fc\u00e7\u0259 s\u00f6y\u00fc\u015fl\u0259ri il\u0259 t\u0259hqir edib \u0259xlaqs\u0131zl\u0131qda b\u00fct\u00fcn \u0259ndaz\u0259l\u0259ri a\u015fan saxta \u201cf\u0259dai\u201d Fuad Muradov haqq\u0131nda qanuni t\u0259dbirl\u0259rin g\u00f6r\u00fclm\u0259si \u00fc\u00e7\u00fcn 10 sentyarda Az\u0259rbaycan Respublikas\u0131n\u0131n Daxili \u0130\u015fl\u0259r Nazirliyin\u0259 m\u00fcraci\u0259t edib, \u0259riz\u0259ni d\u0259 oldu\u011fu kimi burada payla\u015fm\u0131\u015fd\u0131m.<\/p>\n\n\n\n<p>Bu g\u00fcn \u0259riz\u0259 il\u0259 ba\u011fl\u0131 D\u0130N-nin Ba\u015f M\u00fct\u0259\u015f\u0259kkil Cinay\u0259tkarl\u0131qla M\u00fcbariz\u0259 \u0130dar\u0259sin\u0259 d\u0259v\u0259t edildim v\u0259 s\u00fcbutlar\u0131m\u0131 t\u0259qdim etdim. \u018friz\u0259 \u00fczr\u0259 ara\u015fd\u0131rma davam edir. F. Muradov \u015f\u00fcbh\u0259li \u015f\u0259xs kimi saxlan\u0131l\u0131b v\u0259 hal-haz\u0131rda ad\u0131\u00e7\u0259kil\u0259n idar\u0259d\u0259dir. Ona g\u00f6r\u0259 d\u0259 m\u0259n\u0259 F. Muradovun qanunsuzluqlar\u0131 il\u0259 ba\u011fl\u0131 m\u00fcraci\u0259t ed\u0259n \u015f\u0259xsl\u0259rd\u0259n xahi\u015f edir\u0259m ki, h\u0259min idar\u0259y\u0259 m\u00fcraci\u0259t edib s\u00fcbutlar\u0131n\u0131 t\u0259qdim etsinl\u0259r\u201d.<\/p>\n\n\n\n<p><strong>Bu \u00f6z\u00fcnd\u0259n &#171;f\u0259dai&#187;nin, \u0259slind\u0259 f\u0259rarinin QHT r\u0259hb\u0259rl\u0259rini t\u0259hqir etm\u0259sinin qaranl\u0131q m\u0259qamlar\u0131 var. Aidiyyatl\u0131 qurumlardan Fuad Muradovun kiml\u0259r\u0259 xidm\u0259t etm\u0259sinin ara\u015fd\u0131r\u0131lmas\u0131 t\u0259l\u0259biyl\u0259 QHT r\u0259hb\u0259rl\u0259ri aidiyyatl\u0131 orqanlara m\u00fcraci\u0259t ed\u0259c\u0259kl\u0259rini bildiribl\u0259r.<\/strong><\/p>\n","protected":false},"excerpt":{"rendered":"<p>\u201cMilli &#171;F\u0259dail\u0259r&#187; H\u0259r\u0259kat\u0131\u201dn\u0131n qurucusu Fuad Muradov saxlan\u0131l\u0131b. Bu bar\u0259d\u0259 tan\u0131nm\u0131\u015f h\u00fcquq\u015f\u00fcnas Aslan \u0130smay\u0131lov m\u0259lumat yay\u0131b. H\u00fcquq\u015f\u00fcnas\u0131n yayd\u0131\u011f\u0131 m\u0259lumat\u0131 oldu\u011fu kimi t\u0259qdim edirik: \u201cUzun m\u00fcdd\u0259tdir<\/p>\n","protected":false},"author":2,"featured_media":48252,"comment_status":"closed","ping_status":"closed","sticky":false,"template":"","format":"standard","meta":{"footnotes":""},"categories":[3],"tags":[],"class_list":["post-48250","post","type-post","status-publish","format-standard","has-post-thumbnail","hentry","category-gundm"],"aioseo_notices":[],"_links":{"self":[{"href":"https:\/\/fedai.az\/index.php?rest_route=\/wp\/v2\/posts\/48250","targetHints":{"allow":["GET"]}}],"collection":[{"href":"https:\/\/fedai.az\/index.php?rest_route=\/wp\/v2\/posts"}],"about":[{"href":"https:\/\/fedai.az\/index.php?rest_route=\/wp\/v2\/types\/post"}],"author":[{"embeddable":true,"href":"https:\/\/fedai.az\/index.php?rest_route=\/wp\/v2\/users\/2"}],"replies":[{"embeddable":true,"href":"https:\/\/fedai.az\/index.php?rest_route=%2Fwp%2Fv2%2Fcomments&post=48250"}],"version-history":[{"count":1,"href":"https:\/\/fedai.az\/index.php?rest_route=\/wp\/v2\/posts\/48250\/revisions"}],"predecessor-version":[{"id":48253,"href":"https:\/\/fedai.az\/index.php?rest_route=\/wp\/v2\/posts\/48250\/revisions\/48253"}],"wp:featuredmedia":[{"embeddable":true,"href":"https:\/\/fedai.az\/index.php?rest_route=\/wp\/v2\/media\/48252"}],"wp:attachment":[{"href":"https:\/\/fedai.az\/index.php?rest_route=%2Fwp%2Fv2%2Fmedia&parent=48250"}],"wp:term":[{"taxonomy":"category","embeddable":true,"href":"https:\/\/fedai.az\/index.php?rest_route=%2Fwp%2Fv2%2Fcategories&post=48250"},{"taxonomy":"post_tag","embeddable":true,"href":"https:\/\/fedai.az\/index.php?rest_route=%2Fwp%2Fv2%2Ftags&post=48250"}],"curies":[{"name":"wp","href":"https:\/\/api.w.org\/{rel}","templated":true}]}}