{"id":48361,"date":"2021-09-15T17:26:22","date_gmt":"2021-09-15T13:26:22","guid":{"rendered":"https:\/\/fedai.az\/?p=48361"},"modified":"2021-09-15T17:26:26","modified_gmt":"2021-09-15T13:26:26","slug":"z%c9%99ng%c9%99zuru-itirdik-pkk-il%c9%99-razilasib-az%c9%99rbaycana-qarsi-terrorcu-diversiya-qruplari-yaratmaliyiq-ayvazyan","status":"publish","type":"post","link":"https:\/\/fedai.az\/?p=48361","title":{"rendered":"\u201cZ\u0259ng\u0259zuru itirdik, PKK il\u0259 raz\u0131la\u015f\u0131b Az\u0259rbaycana qar\u015f\u0131 terror\u00e7u-diversiya qruplar\u0131 yaratmal\u0131y\u0131q\u201d \u2013 Ayvazyan"},"content":{"rendered":"\n<p><strong>Erm\u0259nistanda terror\u00e7u-diversiya qruplar\u0131 yarad\u0131lmal\u0131d\u0131r. Tarix\u0259 n\u0259z\u0259r salsaq g\u00f6r\u0259rik ki, m\u0259hz terrora \u0259l atmaq erm\u0259ni xalq\u0131n\u0131n son \u00fcmid yeri olub.<\/strong><\/p>\n\n\n\n<p>Fedai.az axar.az-a istinad\u0259n x\u0259b\u0259r verir ki, bu b\u0259yanatla\u00a0\u201cMonax\u201d l\u0259q\u0259bli ke\u00e7mi\u015f erm\u0259ni zabiti Artur Ayvazyan\u00a0\u00e7\u0131x\u0131\u015f edib.<\/p>\n\n\n\n<p>Ayvazyan erm\u0259ni xalq\u0131na m\u00fcraci\u0259t ed\u0259r\u0259k, bu qruplar\u0131n formala\u015fd\u0131r\u0131lmas\u0131nda, t\u0259limind\u0259 k\u00f6m\u0259klik etm\u0259y\u0259 \u00e7a\u011f\u0131r\u0131b.<\/p>\n\n\n\n<p>\u201cBizim ba\u015fqa yolumuz qalmay\u0131b: yaln\u0131z x\u0131rda terror aktlar\u0131 t\u00f6r\u0259d\u0259r\u0259k d\u00fc\u015fm\u0259n\u0259 z\u0259rb\u0259 endirm\u0259k. Bunun \u00fc\u00e7\u00fcn bizim x\u00fcsusi t\u0259lim g\u00f6rm\u00fc\u015f pe\u015f\u0259karlara ehtiyac\u0131m\u0131z olacaq. Biz sonradan PKK il\u0259 d\u0259 h\u0259r hans\u0131 bir yolla raz\u0131la\u015fa bil\u0259rik. Onlar\u0131n biz\u0259 bu i\u015fd\u0259 \u00e7ox k\u00f6m\u0259yi d\u0259y\u0259 bil\u0259r. V\u0259ziyy\u0259t \u00e7ox ciddidir. Biz h\u0259r g\u00fcn bir add\u0131m geri \u00e7ekilirik. Z\u0259ng\u0259zuru \u00fcmumiyy\u0259tl\u0259 yaddan \u00e7\u0131xar\u0131n art\u0131q. Z\u0259ng\u0259zur \u0259limizd\u0259n getdi. \u0130ndi \u0130r\u0259vanda ham\u0131 bir-birini ittiham etm\u0259kl\u0259 m\u0259\u015f\u011fuldur. Amma bu \u00e7\u0131x\u0131\u015f yolu deyil. Bizim t\u0259k yolumuz \u2013 diversiya qruplar\u0131 yaratmaqd\u0131r.<\/p>\n\n\n\n<p>Amma bunu h\u00fcquqi m\u00fcst\u0259vid\u0259 etm\u0259k m\u00fcmk\u00fcn deyil. Biz bunu d\u00f6vl\u0259td\u0259n k\u0259nar yol il\u0259 yaratmal\u0131y\u0131q. M\u0259ni bu dedikl\u0259rim\u0259 g\u00f6r\u0259 q\u0131nayan \u00e7ox olacaq, amma h\u0259min adamlara bir sual\u0131m var: Ba\u015fqa yolumuz varm\u0131?\u201d, \u2013 dey\u0259 o qeyd edib.<\/p>\n\n\n\n<p><strong>P.S.<\/strong> <strong>Xat\u0131rladaq ki, Az\u0259rbaycan PKK-n\u0131 h\u0259l\u0259 d\u0259 terror t\u0259\u015fkilat\u0131 kimi tan\u0131may\u0131b..<\/strong><\/p>\n","protected":false},"excerpt":{"rendered":"<p>Erm\u0259nistanda terror\u00e7u-diversiya qruplar\u0131 yarad\u0131lmal\u0131d\u0131r. Tarix\u0259 n\u0259z\u0259r salsaq g\u00f6r\u0259rik ki, m\u0259hz terrora \u0259l atmaq erm\u0259ni xalq\u0131n\u0131n son \u00fcmid yeri olub. Fedai.az axar.az-a istinad\u0259n x\u0259b\u0259r verir<\/p>\n","protected":false},"author":2,"featured_media":48362,"comment_status":"closed","ping_status":"closed","sticky":false,"template":"","format":"standard","meta":{"footnotes":""},"categories":[4],"tags":[],"class_list":["post-48361","post","type-post","status-publish","format-standard","has-post-thumbnail","hentry","category-qarabag"],"aioseo_notices":[],"_links":{"self":[{"href":"https:\/\/fedai.az\/index.php?rest_route=\/wp\/v2\/posts\/48361","targetHints":{"allow":["GET"]}}],"collection":[{"href":"https:\/\/fedai.az\/index.php?rest_route=\/wp\/v2\/posts"}],"about":[{"href":"https:\/\/fedai.az\/index.php?rest_route=\/wp\/v2\/types\/post"}],"author":[{"embeddable":true,"href":"https:\/\/fedai.az\/index.php?rest_route=\/wp\/v2\/users\/2"}],"replies":[{"embeddable":true,"href":"https:\/\/fedai.az\/index.php?rest_route=%2Fwp%2Fv2%2Fcomments&post=48361"}],"version-history":[{"count":1,"href":"https:\/\/fedai.az\/index.php?rest_route=\/wp\/v2\/posts\/48361\/revisions"}],"predecessor-version":[{"id":48363,"href":"https:\/\/fedai.az\/index.php?rest_route=\/wp\/v2\/posts\/48361\/revisions\/48363"}],"wp:featuredmedia":[{"embeddable":true,"href":"https:\/\/fedai.az\/index.php?rest_route=\/wp\/v2\/media\/48362"}],"wp:attachment":[{"href":"https:\/\/fedai.az\/index.php?rest_route=%2Fwp%2Fv2%2Fmedia&parent=48361"}],"wp:term":[{"taxonomy":"category","embeddable":true,"href":"https:\/\/fedai.az\/index.php?rest_route=%2Fwp%2Fv2%2Fcategories&post=48361"},{"taxonomy":"post_tag","embeddable":true,"href":"https:\/\/fedai.az\/index.php?rest_route=%2Fwp%2Fv2%2Ftags&post=48361"}],"curies":[{"name":"wp","href":"https:\/\/api.w.org\/{rel}","templated":true}]}}