{"id":48364,"date":"2021-09-15T20:06:18","date_gmt":"2021-09-15T16:06:18","guid":{"rendered":"https:\/\/fedai.az\/?p=48364"},"modified":"2021-09-16T14:01:03","modified_gmt":"2021-09-16T10:01:03","slug":"xank%c9%99ndin%c9%99-gir%c9%99n-iki-iranli-h%c9%99bs-edilib","status":"publish","type":"post","link":"https:\/\/fedai.az\/?p=48364","title":{"rendered":"Xank\u0259ndin\u0259 gir\u0259n iki iranl\u0131 H\u018fBS ED\u0130L\u0130B"},"content":{"rendered":"\n<p><strong>Gorus-Qafan avtomobil yolunda \u0130randan g\u0259l\u0259n&nbsp;iki y\u00fck ma\u015f\u0131n\u0131n\u0131n s\u00fcr\u00fcc\u00fcs\u00fc Az\u0259rbaycan polisi t\u0259r\u0259find\u0259n h\u0259bs edilib.<\/strong><\/p>\n\n\n\n<p>M\u0259s\u0259l\u0259&nbsp;il\u0259 &nbsp;ba\u011fl\u0131&nbsp;a\u00e7\u0131qlama ver\u0259n D\u0130N m\u0259tbuat xidm\u0259tinin r\u0259isi &nbsp;Ehsan Zahidov bildirib ki, &nbsp;saxlanlan s\u00fcr\u00fcc\u00fcl\u0259r qanunsuz yollarla Az\u0259rbaycan \u0259razisin\u0259&nbsp;giribl\u0259r:<\/p>\n\n\n\n<p>\u201cErm\u0259nistan \u0259razisind\u0259n&nbsp;y\u00fck da\u015f\u0131maq m\u0259qs\u0259di il\u0259&nbsp;qanunsuz yollarla Az\u0259rbaycan \u0259razisin\u0259 ke\u00e7\u0259n avtomobill\u0259r&nbsp;Az\u0259rbaycan\u0131n aidiyyat\u0131 d\u00f6vl\u0259t qurumlar\u0131n\u0131n \u0259m\u0259kda\u015flar\u0131 t\u0259r\u0259find\u0259n saxlan\u0131l\u0131blar.&nbsp; H\u0259min avtomobill\u0259rin s\u00fcr\u00fcc\u00fcl\u0259ri &nbsp;bar\u0259sind\u0259 Az\u0259rbaycan Respublikas\u0131n\u0131n qanunlar\u0131na uy\u011fun m\u00fcvafiq t\u0259dbirl\u0259r g\u00f6r\u00fcl\u0259c\u0259k\u201d.<\/p>\n\n\n\n<p>Az\u0259rbaycan polisi Gorus-Qafan avtomobil yolunda \u0130randan g\u0259l\u0259n&nbsp;iki y\u00fck ma\u015f\u0131n\u0131n\u0131n s\u00fcr\u00fcc\u00fcs\u00fcn\u00fc h\u0259bs edib.<\/p>\n\n\n\n<p>Bu bar\u0259d\u0259 erm\u0259ni&nbsp; Para tv&nbsp; sayt\u0131 m\u0259lumat&nbsp; yay\u0131b.&nbsp;Bildirilir ki,&nbsp; Az\u0259rbaycan polisi az\u0259rbaycanl\u0131lar Vorotan icmas\u0131n\u0131n Gorus-Qafan hiss\u0259sind\u0259 Xank\u0259ndi v\u0259 \u0130r\u0259vana bitum da\u015f\u0131yan (b\u0259zi m\u0259nb\u0259l\u0259rd\u0259 is\u0259 Xank\u0259ndin\u0259&nbsp;v\u0259 \u0130r\u0259vana sement da\u015f\u0131d\u0131\u011f\u0131 bildirilir) iki iranl\u0131 s\u00fcr\u00fcc\u00fcn\u00fc h\u0259bs edibl\u0259r.<\/p>\n\n\n\n<p>M\u0259nb\u0259nin bildirdiyin\u0259 g\u00f6r\u0259, s\u00fcr\u00fcc\u00fcl\u0259r h\u0259bs edildikl\u0259rini, az\u0259rbaycanl\u0131lar\u0131n onlar\u0131 yoxlama\u011fa haz\u0131rla\u015fd\u0131qlar\u0131n\u0131 telefonla bildirm\u0259yi bacar\u0131blar, bundan sonra \u0259laq\u0259 k\u0259silib.<\/p>\n\n\n\n<figure class=\"wp-block-image size-large is-resized\"><img loading=\"lazy\" decoding=\"async\" src=\"https:\/\/fedai.az\/wp-content\/uploads\/2021\/09\/242024141_1679383322454134_8562265653060620310_n-768x1024-1.jpg\" alt=\"\" class=\"wp-image-48476\" width=\"919\" height=\"1225\" srcset=\"https:\/\/fedai.az\/wp-content\/uploads\/2021\/09\/242024141_1679383322454134_8562265653060620310_n-768x1024-1.jpg 768w, https:\/\/fedai.az\/wp-content\/uploads\/2021\/09\/242024141_1679383322454134_8562265653060620310_n-768x1024-1-225x300.jpg 225w, https:\/\/fedai.az\/wp-content\/uploads\/2021\/09\/242024141_1679383322454134_8562265653060620310_n-768x1024-1-113x150.jpg 113w\" sizes=\"auto, (max-width: 919px) 100vw, 919px\" \/><\/figure>\n\n\n\n<p><strong><span class=\"has-inline-color has-vivid-red-color\">H\u0259m\u00e7inin bu d\u0259f\u0259 d\u0259 erm\u0259ni axmaql\u0131\u011f\u0131 molla rejimli \u0130ran\u0131n anti m\u0259zh\u0259b v\u0259 anti \u0130slam xisl\u0259tini \u0259l\u0259 verib. Q\u0259bzl\u0259rd\u0259n birind\u0259 &#171;Stepanakert Armenia&#187; yazacaq q\u0259d\u0259r \u015f\u0259r\u0259fsiz olan \u0130ran Anti \u0130slam d\u00f6vl\u0259ti \u0130slam ad\u0131na bir qara l\u0259k\u0259dir.<\/span><\/strong><\/p>\n\n\n\n<p><strong>Q\u0259hr\u0259man Az\u0259rbaycan ordusuna v\u0259 polisin\u0259 e\u015fq olsun!<\/strong><\/p>\n\n\n\n<figure class=\"wp-block-gallery columns-2 is-cropped wp-block-gallery-1 is-layout-flex wp-block-gallery-is-layout-flex\"><ul class=\"blocks-gallery-grid\"><li class=\"blocks-gallery-item\"><figure><img loading=\"lazy\" decoding=\"async\" width=\"742\" height=\"1024\" src=\"https:\/\/fedai.az\/wp-content\/uploads\/2021\/09\/241861392_1679447959114337_7365105152660375049_n-742x1024.jpg\" alt=\"\" data-id=\"48365\" data-link=\"https:\/\/fedai.az\/?attachment_id=48365\" class=\"wp-image-48365\" srcset=\"https:\/\/fedai.az\/wp-content\/uploads\/2021\/09\/241861392_1679447959114337_7365105152660375049_n-742x1024.jpg 742w, https:\/\/fedai.az\/wp-content\/uploads\/2021\/09\/241861392_1679447959114337_7365105152660375049_n-218x300.jpg 218w, https:\/\/fedai.az\/wp-content\/uploads\/2021\/09\/241861392_1679447959114337_7365105152660375049_n-109x150.jpg 109w, https:\/\/fedai.az\/wp-content\/uploads\/2021\/09\/241861392_1679447959114337_7365105152660375049_n-768x1059.jpg 768w, https:\/\/fedai.az\/wp-content\/uploads\/2021\/09\/241861392_1679447959114337_7365105152660375049_n.jpg 928w\" sizes=\"auto, (max-width: 742px) 100vw, 742px\" \/><\/figure><\/li><li class=\"blocks-gallery-item\"><figure><img loading=\"lazy\" decoding=\"async\" width=\"768\" height=\"1024\" src=\"https:\/\/fedai.az\/wp-content\/uploads\/2021\/09\/242024141_1679383322454134_8562265653060620310_n-768x1024.jpg\" alt=\"\" data-id=\"48366\" data-full-url=\"https:\/\/fedai.az\/wp-content\/uploads\/2021\/09\/242024141_1679383322454134_8562265653060620310_n.jpg\" data-link=\"https:\/\/fedai.az\/?attachment_id=48366\" class=\"wp-image-48366\" srcset=\"https:\/\/fedai.az\/wp-content\/uploads\/2021\/09\/242024141_1679383322454134_8562265653060620310_n-768x1024.jpg 768w, https:\/\/fedai.az\/wp-content\/uploads\/2021\/09\/242024141_1679383322454134_8562265653060620310_n-225x300.jpg 225w, https:\/\/fedai.az\/wp-content\/uploads\/2021\/09\/242024141_1679383322454134_8562265653060620310_n-113x150.jpg 113w, https:\/\/fedai.az\/wp-content\/uploads\/2021\/09\/242024141_1679383322454134_8562265653060620310_n.jpg 810w\" sizes=\"auto, (max-width: 768px) 100vw, 768px\" \/><\/figure><\/li><\/ul><\/figure>\n\n\n\n<p><\/p>\n","protected":false},"excerpt":{"rendered":"<p>Gorus-Qafan avtomobil yolunda \u0130randan g\u0259l\u0259n&nbsp;iki y\u00fck ma\u015f\u0131n\u0131n\u0131n s\u00fcr\u00fcc\u00fcs\u00fc Az\u0259rbaycan polisi t\u0259r\u0259find\u0259n h\u0259bs edilib. M\u0259s\u0259l\u0259&nbsp;il\u0259 &nbsp;ba\u011fl\u0131&nbsp;a\u00e7\u0131qlama ver\u0259n D\u0130N m\u0259tbuat xidm\u0259tinin r\u0259isi &nbsp;Ehsan Zahidov bildirib ki,<\/p>\n","protected":false},"author":2,"featured_media":48367,"comment_status":"closed","ping_status":"closed","sticky":false,"template":"","format":"standard","meta":{"footnotes":""},"categories":[4],"tags":[],"class_list":["post-48364","post","type-post","status-publish","format-standard","has-post-thumbnail","hentry","category-qarabag"],"aioseo_notices":[],"_links":{"self":[{"href":"https:\/\/fedai.az\/index.php?rest_route=\/wp\/v2\/posts\/48364","targetHints":{"allow":["GET"]}}],"collection":[{"href":"https:\/\/fedai.az\/index.php?rest_route=\/wp\/v2\/posts"}],"about":[{"href":"https:\/\/fedai.az\/index.php?rest_route=\/wp\/v2\/types\/post"}],"author":[{"embeddable":true,"href":"https:\/\/fedai.az\/index.php?rest_route=\/wp\/v2\/users\/2"}],"replies":[{"embeddable":true,"href":"https:\/\/fedai.az\/index.php?rest_route=%2Fwp%2Fv2%2Fcomments&post=48364"}],"version-history":[{"count":3,"href":"https:\/\/fedai.az\/index.php?rest_route=\/wp\/v2\/posts\/48364\/revisions"}],"predecessor-version":[{"id":48478,"href":"https:\/\/fedai.az\/index.php?rest_route=\/wp\/v2\/posts\/48364\/revisions\/48478"}],"wp:featuredmedia":[{"embeddable":true,"href":"https:\/\/fedai.az\/index.php?rest_route=\/wp\/v2\/media\/48367"}],"wp:attachment":[{"href":"https:\/\/fedai.az\/index.php?rest_route=%2Fwp%2Fv2%2Fmedia&parent=48364"}],"wp:term":[{"taxonomy":"category","embeddable":true,"href":"https:\/\/fedai.az\/index.php?rest_route=%2Fwp%2Fv2%2Fcategories&post=48364"},{"taxonomy":"post_tag","embeddable":true,"href":"https:\/\/fedai.az\/index.php?rest_route=%2Fwp%2Fv2%2Ftags&post=48364"}],"curies":[{"name":"wp","href":"https:\/\/api.w.org\/{rel}","templated":true}]}}