{"id":48369,"date":"2021-09-15T20:25:38","date_gmt":"2021-09-15T16:25:38","guid":{"rendered":"https:\/\/fedai.az\/?p=48369"},"modified":"2021-09-15T20:25:42","modified_gmt":"2021-09-15T16:25:42","slug":"naxcivanda-m%c9%99kt%c9%99bl%c9%99rin-butun-sinifl%c9%99ri-uzr%c9%99-t%c9%99dris%c9%99-baslanilib","status":"publish","type":"post","link":"https:\/\/fedai.az\/?p=48369","title":{"rendered":"Nax\u00e7\u0131vanda m\u0259kt\u0259bl\u0259rin b\u00fct\u00fcn sinifl\u0259ri \u00fczr\u0259 t\u0259dris\u0259 ba\u015flan\u0131l\u0131b"},"content":{"rendered":"\n<p><strong>Bu g\u00fcnd\u0259n Nax\u00e7\u0131van Muxtar Respublikas\u0131nda m\u0259kt\u0259bl\u0259rin b\u00fct\u00fcn sinifl\u0259ri \u00fczr\u0259 t\u0259dris\u0259 ba\u015flan\u0131l\u0131b.<\/strong><\/p>\n\n\n\n<p>Nax\u00e7\u0131van MR-d\u0259 b\u00fct\u00fcn \u00fcmumt\u0259hsil m\u00fc\u0259ssis\u0259l\u0259rind\u0259 \u0259n\u0259n\u0259vi t\u0259dris\u0259 start verilib.<\/p>\n\n\n\n<p>M\u0259kt\u0259bl\u0259rd\u0259 t\u0259dris iki n\u00f6vb\u0259li h\u0259yata ke\u00e7iril\u0259c\u0259k.<\/p>\n\n\n\n<p>Qeyd ed\u0259k ki, bu g\u00fcn &#8212; sentyabr\u0131n 15-i Az\u0259rbaycanda Bilik G\u00fcn\u00fcd\u00fcr. Pandemiya \u015f\u0259raiti il\u0259 \u0259laq\u0259dar 2021\/2022-ci t\u0259dris ilinin ba\u015flama tarixi d\u0259yi\u015fdirilib. \u00d6lk\u0259d\u0259 a\u015fa\u011f\u0131 sinifl\u0259r \u00fc\u00e7\u00fcn d\u0259rsl\u0259r sentyabr\u0131n 22-d\u0259, ali t\u0259hsil v\u0259 orta ixtisas t\u0259hsil m\u00fc\u0259ssis\u0259l\u0259rind\u0259 is\u0259 sentyabr\u0131n 29-da ba\u015flayacaq.<\/p>\n\n\n\n<p>Buna baxmayaraq, Bilik G\u00fcn\u00fc \u0259n\u0259n\u0259vi qaydada sentybar\u0131n 15-d\u0259 qeyd olunur.<\/p>\n","protected":false},"excerpt":{"rendered":"<p>Bu g\u00fcnd\u0259n Nax\u00e7\u0131van Muxtar Respublikas\u0131nda m\u0259kt\u0259bl\u0259rin b\u00fct\u00fcn sinifl\u0259ri \u00fczr\u0259 t\u0259dris\u0259 ba\u015flan\u0131l\u0131b. Nax\u00e7\u0131van MR-d\u0259 b\u00fct\u00fcn \u00fcmumt\u0259hsil m\u00fc\u0259ssis\u0259l\u0259rind\u0259 \u0259n\u0259n\u0259vi t\u0259dris\u0259 start verilib. M\u0259kt\u0259bl\u0259rd\u0259 t\u0259dris iki n\u00f6vb\u0259li<\/p>\n","protected":false},"author":2,"featured_media":48371,"comment_status":"closed","ping_status":"closed","sticky":false,"template":"","format":"standard","meta":{"footnotes":""},"categories":[8],"tags":[],"class_list":["post-48369","post","type-post","status-publish","format-standard","has-post-thumbnail","hentry","category-thsil"],"aioseo_notices":[],"_links":{"self":[{"href":"https:\/\/fedai.az\/index.php?rest_route=\/wp\/v2\/posts\/48369","targetHints":{"allow":["GET"]}}],"collection":[{"href":"https:\/\/fedai.az\/index.php?rest_route=\/wp\/v2\/posts"}],"about":[{"href":"https:\/\/fedai.az\/index.php?rest_route=\/wp\/v2\/types\/post"}],"author":[{"embeddable":true,"href":"https:\/\/fedai.az\/index.php?rest_route=\/wp\/v2\/users\/2"}],"replies":[{"embeddable":true,"href":"https:\/\/fedai.az\/index.php?rest_route=%2Fwp%2Fv2%2Fcomments&post=48369"}],"version-history":[{"count":1,"href":"https:\/\/fedai.az\/index.php?rest_route=\/wp\/v2\/posts\/48369\/revisions"}],"predecessor-version":[{"id":48372,"href":"https:\/\/fedai.az\/index.php?rest_route=\/wp\/v2\/posts\/48369\/revisions\/48372"}],"wp:featuredmedia":[{"embeddable":true,"href":"https:\/\/fedai.az\/index.php?rest_route=\/wp\/v2\/media\/48371"}],"wp:attachment":[{"href":"https:\/\/fedai.az\/index.php?rest_route=%2Fwp%2Fv2%2Fmedia&parent=48369"}],"wp:term":[{"taxonomy":"category","embeddable":true,"href":"https:\/\/fedai.az\/index.php?rest_route=%2Fwp%2Fv2%2Fcategories&post=48369"},{"taxonomy":"post_tag","embeddable":true,"href":"https:\/\/fedai.az\/index.php?rest_route=%2Fwp%2Fv2%2Ftags&post=48369"}],"curies":[{"name":"wp","href":"https:\/\/api.w.org\/{rel}","templated":true}]}}