{"id":48386,"date":"2021-09-16T00:47:55","date_gmt":"2021-09-15T20:47:55","guid":{"rendered":"https:\/\/fedai.az\/?p=48386"},"modified":"2021-09-16T00:48:01","modified_gmt":"2021-09-15T20:48:01","slug":"susada-h%c9%99rbi-yurus","status":"publish","type":"post","link":"https:\/\/fedai.az\/?p=48386","title":{"rendered":"\u015eu\u015fada h\u0259rbi y\u00fcr\u00fc\u015f"},"content":{"rendered":"\n<p><strong>Bak\u0131n\u0131n erm\u0259ni-bol\u015fevik birl\u0259\u015fm\u0259l\u0259rinin i\u015f\u011fal\u0131ndan azad olunmas\u0131n\u0131n 103-c\u00fc ild\u00f6n\u00fcm\u00fc m\u00fcnasib\u0259til\u0259 \u015eu\u015fa \u015f\u0259h\u0259rind\u0259 h\u0259rbi y\u00fcr\u00fc\u015f ke\u00e7irilib.<\/strong><\/p>\n\n\n\n<p>H\u0259rbi qulluq\u00e7ular orkestrin m\u00fc\u015fayi\u0259ti il\u0259 y\u00fcr\u00fc\u015f edibl\u0259r.<\/p>\n\n\n\n<p>Qeyd ed\u0259k ki, bu g\u00fcn Bak\u0131n\u0131n erm\u0259ni-bol\u015fevik birl\u0259\u015fm\u0259l\u0259rinin i\u015f\u011fal\u0131ndan azad olunmas\u0131n\u0131n ild\u00f6n\u00fcm\u00fcd\u00fcr.<\/p>\n\n\n\n<p>1918-ci il sentyabr\u0131n 15-d\u0259 Az\u0259rbaycan v\u0259 T\u00fcrkiy\u0259 \u0259sg\u0259rl\u0259ri Bak\u0131n\u0131 bol\u015fevik-da\u015fnak i\u015f\u011fal\u0131ndan azad ed\u0259r\u0259k Az\u0259rbaycan d\u00f6vl\u0259tinin tarixin\u0259 \u015f\u0259r\u0259fli g\u00fcn yaz\u0131blar. Bununla da m\u00fcst\u0259qilliyini t\u0259min ed\u0259n Az\u0259rbaycanda erm\u0259nil\u0259rin v\u0259 bol\u015fevikl\u0259rin Bak\u0131 v\u0259 \u0259traf rayonlardak\u0131 a\u011fal\u0131\u011f\u0131na son qoyulub.<\/p>\n\n\n\n<figure class=\"wp-block-embed is-type-video is-provider-youtube wp-block-embed-youtube wp-embed-aspect-16-9 wp-has-aspect-ratio\"><div class=\"wp-block-embed__wrapper\">\n<iframe loading=\"lazy\" title=\"\u015eu\u015fada h\u0259rbi y\u00fcr\u00fc\u015f ke\u00e7irildi - Baku TV\" width=\"715\" height=\"402\" src=\"https:\/\/www.youtube.com\/embed\/FPGOlgwp4Ew?feature=oembed\" frameborder=\"0\" allow=\"accelerometer; autoplay; clipboard-write; encrypted-media; gyroscope; picture-in-picture\" allowfullscreen><\/iframe>\n<\/div><\/figure>\n","protected":false},"excerpt":{"rendered":"<p>Bak\u0131n\u0131n erm\u0259ni-bol\u015fevik birl\u0259\u015fm\u0259l\u0259rinin i\u015f\u011fal\u0131ndan azad olunmas\u0131n\u0131n 103-c\u00fc ild\u00f6n\u00fcm\u00fc m\u00fcnasib\u0259til\u0259 \u015eu\u015fa \u015f\u0259h\u0259rind\u0259 h\u0259rbi y\u00fcr\u00fc\u015f ke\u00e7irilib. H\u0259rbi qulluq\u00e7ular orkestrin m\u00fc\u015fayi\u0259ti il\u0259 y\u00fcr\u00fc\u015f edibl\u0259r. Qeyd ed\u0259k ki,<\/p>\n","protected":false},"author":2,"featured_media":48387,"comment_status":"closed","ping_status":"closed","sticky":false,"template":"","format":"standard","meta":{"footnotes":""},"categories":[4],"tags":[],"class_list":["post-48386","post","type-post","status-publish","format-standard","has-post-thumbnail","hentry","category-qarabag"],"aioseo_notices":[],"_links":{"self":[{"href":"https:\/\/fedai.az\/index.php?rest_route=\/wp\/v2\/posts\/48386","targetHints":{"allow":["GET"]}}],"collection":[{"href":"https:\/\/fedai.az\/index.php?rest_route=\/wp\/v2\/posts"}],"about":[{"href":"https:\/\/fedai.az\/index.php?rest_route=\/wp\/v2\/types\/post"}],"author":[{"embeddable":true,"href":"https:\/\/fedai.az\/index.php?rest_route=\/wp\/v2\/users\/2"}],"replies":[{"embeddable":true,"href":"https:\/\/fedai.az\/index.php?rest_route=%2Fwp%2Fv2%2Fcomments&post=48386"}],"version-history":[{"count":1,"href":"https:\/\/fedai.az\/index.php?rest_route=\/wp\/v2\/posts\/48386\/revisions"}],"predecessor-version":[{"id":48388,"href":"https:\/\/fedai.az\/index.php?rest_route=\/wp\/v2\/posts\/48386\/revisions\/48388"}],"wp:featuredmedia":[{"embeddable":true,"href":"https:\/\/fedai.az\/index.php?rest_route=\/wp\/v2\/media\/48387"}],"wp:attachment":[{"href":"https:\/\/fedai.az\/index.php?rest_route=%2Fwp%2Fv2%2Fmedia&parent=48386"}],"wp:term":[{"taxonomy":"category","embeddable":true,"href":"https:\/\/fedai.az\/index.php?rest_route=%2Fwp%2Fv2%2Fcategories&post=48386"},{"taxonomy":"post_tag","embeddable":true,"href":"https:\/\/fedai.az\/index.php?rest_route=%2Fwp%2Fv2%2Ftags&post=48386"}],"curies":[{"name":"wp","href":"https:\/\/api.w.org\/{rel}","templated":true}]}}