{"id":48393,"date":"2021-09-16T01:00:07","date_gmt":"2021-09-15T21:00:07","guid":{"rendered":"https:\/\/fedai.az\/?p=48393"},"modified":"2021-09-16T01:00:11","modified_gmt":"2021-09-15T21:00:11","slug":"az%c9%99rbaycan-polisi-erm%c9%99ni-yuk-masinlarini-da-yoxlamaga-basladi","status":"publish","type":"post","link":"https:\/\/fedai.az\/?p=48393","title":{"rendered":"Az\u0259rbaycan polisi erm\u0259ni y\u00fck ma\u015f\u0131nlar\u0131n\u0131 da yoxlama\u011fa ba\u015flad\u0131"},"content":{"rendered":"\n<p><br><strong>\u201cM\u0259n 3 s\u00fcr\u00fcc\u00fcn\u00fcn yoxlan\u0131ld\u0131\u011f\u0131 v\u0259 burax\u0131ld\u0131\u011f\u0131 haqda m\u0259lumat ald\u0131m. S\u0259b\u0259bl\u0259ri a\u00e7\u0131qlanmay\u0131b\u201d, &#8212; o deyib.<\/strong><\/p>\n\n\n\n<p>K\u00f6\u00e7\u0259ryan bildirib ki, Az\u0259rbaycan \u0259razisind\u0259n ke\u00e7\u0259n yolda h\u0259r\u0259k\u0259t getdikc\u0259 \u00e7\u0259tinl\u0259\u015fir. Yeni yolun \u00e7\u0259kili\u015fi is\u0259 h\u0259l\u0259 tamamlanmay\u0131b.<\/p>\n\n\n\n<p>\u201cYeni yol s\u00fcr\u00fcc\u00fcl\u0259r \u00fc\u00e7\u00fcn s\u0259rf\u0259li olacaqm\u0131\u201d sual\u0131na K\u00f6\u00e7\u0259ryan cavab verm\u0259kd\u0259 \u00e7\u0259tinlik \u00e7\u0259kib.<\/p>\n\n\n\n<p>\u201cBiz h\u0259r \u015fey\u0259 adaptasiya oluruq. He\u00e7 n\u0259 etmirik v\u0259 yax\u015f\u0131 he\u00e7 n\u0259 g\u00f6zl\u0259mirik. D\u00fc\u015fm\u0259n he\u00e7 d\u0259 pis f\u0259aliyy\u0259t g\u00f6st\u0259rmir, biz is\u0259 f\u0259aliyy\u0259tsizik\u201d, &#8212; dey\u0259 o \u00e7ar\u0259sizc\u0259 bildirib.<\/p>\n\n\n\n<p>M\u0259nb\u0259: Axar.az<\/p>\n\n\n\n<figure class=\"wp-block-image size-large is-resized\"><img loading=\"lazy\" decoding=\"async\" src=\"https:\/\/fedai.az\/wp-content\/uploads\/2021\/09\/gorus.jpg\" alt=\"\" class=\"wp-image-48395\" width=\"919\" height=\"521\" srcset=\"https:\/\/fedai.az\/wp-content\/uploads\/2021\/09\/gorus.jpg 616w, https:\/\/fedai.az\/wp-content\/uploads\/2021\/09\/gorus-300x170.jpg 300w, https:\/\/fedai.az\/wp-content\/uploads\/2021\/09\/gorus-150x85.jpg 150w\" sizes=\"auto, (max-width: 919px) 100vw, 919px\" \/><\/figure>\n","protected":false},"excerpt":{"rendered":"<p>\u201cM\u0259n 3 s\u00fcr\u00fcc\u00fcn\u00fcn yoxlan\u0131ld\u0131\u011f\u0131 v\u0259 burax\u0131ld\u0131\u011f\u0131 haqda m\u0259lumat ald\u0131m. S\u0259b\u0259bl\u0259ri a\u00e7\u0131qlanmay\u0131b\u201d, &#8212; o deyib. K\u00f6\u00e7\u0259ryan bildirib ki, Az\u0259rbaycan \u0259razisind\u0259n ke\u00e7\u0259n yolda h\u0259r\u0259k\u0259t getdikc\u0259 \u00e7\u0259tinl\u0259\u015fir.<\/p>\n","protected":false},"author":2,"featured_media":48394,"comment_status":"closed","ping_status":"closed","sticky":false,"template":"","format":"standard","meta":{"footnotes":""},"categories":[4],"tags":[],"class_list":["post-48393","post","type-post","status-publish","format-standard","has-post-thumbnail","hentry","category-qarabag"],"aioseo_notices":[],"_links":{"self":[{"href":"https:\/\/fedai.az\/index.php?rest_route=\/wp\/v2\/posts\/48393","targetHints":{"allow":["GET"]}}],"collection":[{"href":"https:\/\/fedai.az\/index.php?rest_route=\/wp\/v2\/posts"}],"about":[{"href":"https:\/\/fedai.az\/index.php?rest_route=\/wp\/v2\/types\/post"}],"author":[{"embeddable":true,"href":"https:\/\/fedai.az\/index.php?rest_route=\/wp\/v2\/users\/2"}],"replies":[{"embeddable":true,"href":"https:\/\/fedai.az\/index.php?rest_route=%2Fwp%2Fv2%2Fcomments&post=48393"}],"version-history":[{"count":1,"href":"https:\/\/fedai.az\/index.php?rest_route=\/wp\/v2\/posts\/48393\/revisions"}],"predecessor-version":[{"id":48396,"href":"https:\/\/fedai.az\/index.php?rest_route=\/wp\/v2\/posts\/48393\/revisions\/48396"}],"wp:featuredmedia":[{"embeddable":true,"href":"https:\/\/fedai.az\/index.php?rest_route=\/wp\/v2\/media\/48394"}],"wp:attachment":[{"href":"https:\/\/fedai.az\/index.php?rest_route=%2Fwp%2Fv2%2Fmedia&parent=48393"}],"wp:term":[{"taxonomy":"category","embeddable":true,"href":"https:\/\/fedai.az\/index.php?rest_route=%2Fwp%2Fv2%2Fcategories&post=48393"},{"taxonomy":"post_tag","embeddable":true,"href":"https:\/\/fedai.az\/index.php?rest_route=%2Fwp%2Fv2%2Ftags&post=48393"}],"curies":[{"name":"wp","href":"https:\/\/api.w.org\/{rel}","templated":true}]}}