{"id":48397,"date":"2021-09-16T01:26:25","date_gmt":"2021-09-15T21:26:25","guid":{"rendered":"https:\/\/fedai.az\/?p=48397"},"modified":"2021-09-16T01:26:28","modified_gmt":"2021-09-15T21:26:28","slug":"15-sentyabrla-bagli-qardasligimizin-dun%c9%99ni-bu-gunu-v%c9%99-sabahi-adli-t%c9%99dbir-kecirilib","status":"publish","type":"post","link":"https:\/\/fedai.az\/?p=48397","title":{"rendered":"15 Sentyabrla ba\u011fl\u0131 \u201cQarda\u015fl\u0131\u011f\u0131m\u0131z\u0131n d\u00fcn\u0259ni, bu g\u00fcn\u00fc v\u0259 sabah\u0131\u201d adl\u0131 t\u0259dbir ke\u00e7irilib"},"content":{"rendered":"\n<p><strong>\u201cQarda\u015fl\u0131\u011f\u0131m\u0131z \u018fb\u0259didir\u201d QHT Koalisiyas\u0131n\u0131n t\u0259\u015fkilat\u00e7\u0131l\u0131\u011f\u0131 il\u0259 Bak\u0131n\u0131n i\u015f\u011faldan azad olunmas\u0131n\u0131n 103 illiyi m\u00fcnasib\u0259til\u0259 G\u0259ncliy\u0259 Yard\u0131m Fondunun ofisind\u0259 \u201cQarda\u015fl\u0131\u011f\u0131m\u0131z\u0131n d\u00fcn\u0259ni, bu g\u00fcn\u00fc v\u0259 sabah\u0131\u201d adl\u0131 t\u0259dbir ke\u00e7irilib.<\/strong><\/p>\n\n\n\n<p>T\u0259dbird\u0259 mill\u0259t v\u0259kill\u0259ri, tarix\u00e7i aliml\u0259r, \u015f\u0259hid ail\u0259l\u0259ri v\u0259 qazil\u0259r i\u015ftirak edib. \u018fvv\u0259lc\u0259 Bak\u0131n\u0131n qurtulu\u015fu yolunda, \u00c7anaqqala d\u00f6y\u00fc\u015fl\u0259rind\u0259, h\u0259m\u00e7inin birinci v\u0259 ikinci Qaraba\u011f d\u00f6y\u00fc\u015fl\u0259rinin \u015f\u0259hidl\u0259ri bir d\u0259qiq\u0259lik s\u00fckutla yad edilib. Daha sonra iki qarda\u015f d\u00f6vl\u0259t Az\u0259rbaycan v\u0259 T\u00fcrkiy\u0259 Respublikas\u0131n\u0131n d\u00f6vl\u0259t himnl\u0259ri s\u0259sl\u0259ndirilib.<br><br>T\u0259dbir\u0259 giri\u015f s\u00f6z\u00fc il\u0259 a\u00e7an \u201cT\u0259rxis Olunmu\u015f H\u0259rb\u00e7il\u0259rin G\u0259ncl\u0259rin Maarifl\u0259ndirm\u0259\u201d \u0130ctimai Birliyinin v\u0259 \u201cQarda\u015fl\u0131\u011f\u0131m\u0131z \u0259b\u0259didir\u201d QHT Koalisiyas\u0131n\u0131n s\u0259dri Emin H\u0259s\u0259nli \u00e7\u0131x\u0131\u015f ed\u0259r\u0259k Koalisiyan\u0131n t\u0259sis olundu\u011fu g\u00fcnd\u0259n h\u0259r zaman bu kimi tarixl\u0259r\u0259 x\u00fcsusi diqq\u0259t yetirdiyini qeyd ed\u0259r\u0259k Bak\u0131n\u0131n i\u015f\u011faldan azad edilm\u0259sinin tarixin \u0259n b\u00f6y\u00fck z\u0259f\u0259rl\u0259rind\u0259n biri oldu\u011funu, Qafqaz \u0130slam Ordusunun qarda\u015fl\u0131q k\u00f6m\u0259yinin he\u00e7 vaxt unudulmayaca\u011f\u0131n\u0131 bildirib. Koalisiya s\u0259dri \u0259lav\u0259 edib ki, 44 g\u00fcnl\u00fck ikinci Qaraba\u011f m\u00fcharib\u0259si zaman\u0131 da qarda\u015f T\u00fcrkiy\u0259 \u00f6z d\u0259st\u0259yini \u0259n y\u00fcks\u0259k s\u0259viyy\u0259d\u0259 bariz n\u00fcmun\u0259l\u0259rl\u0259 ifad\u0259 etdi.<\/p>\n\n\n\n<figure class=\"wp-block-image size-large\"><img loading=\"lazy\" decoding=\"async\" width=\"960\" height=\"640\" src=\"https:\/\/fedai.az\/wp-content\/uploads\/2021\/09\/1bf608902520.jpg\" alt=\"\" class=\"wp-image-48398\" srcset=\"https:\/\/fedai.az\/wp-content\/uploads\/2021\/09\/1bf608902520.jpg 960w, https:\/\/fedai.az\/wp-content\/uploads\/2021\/09\/1bf608902520-300x200.jpg 300w, https:\/\/fedai.az\/wp-content\/uploads\/2021\/09\/1bf608902520-150x100.jpg 150w, https:\/\/fedai.az\/wp-content\/uploads\/2021\/09\/1bf608902520-768x512.jpg 768w\" sizes=\"auto, (max-width: 960px) 100vw, 960px\" \/><\/figure>\n\n\n\n<p><br>Bu g\u00fcn iki qarda\u015f \u00f6lk\u0259 aras\u0131nda olan m\u00fcnasib\u0259tl\u0259r bir mill\u0259t iki d\u00f6vl\u0259t devizin\u0259 dayanaraq y\u00fcks\u0259l\u0259n x\u0259tl\u0259 b\u00fct\u00fcn sah\u0259l\u0259rd\u0259 m\u00f6hk\u0259ml\u0259ndirilir. Mill\u0259t v\u0259kili, professor Anar \u0130sg\u0259nd\u0259rov 1918-ci ild\u0259 Bak\u0131da ba\u015f ver\u0259n siyasi prosesl\u0259rin, erm\u0259ni vandalizmi, x\u00fcsusil\u0259 31 mart soyq\u0131r\u0131m\u0131n\u0131n Qafqaz \u0130slam Ordusunun ke\u00e7diyi \u00e7\u0259tin v\u0259 a\u011f\u0131r d\u00f6y\u00fc\u015f yolu, H\u0259rbi Akademiyan\u0131n m\u00fc\u0259llimi, General-Leytenant Ya\u015far Ayd\u0259mirov t\u00fcrk h\u0259rb tarixi v\u0259 Qafqaz \u0130slam Ordusunun ke\u00e7irdiyi h\u0259rbi strategiyalar\u0131, X\u0259z\u0259r Universitetinin m\u00fc\u0259llimi tarix\u00e7i alim Telman N\u00fcsr\u0259to\u011flu Osmanl\u0131 v\u0259 Az\u0259rbaycan d\u00f6vl\u0259tinin qarda\u015fl\u0131q m\u00fcnasib\u0259tl\u0259rinin q\u0259dim tarix\u0259 dayand\u0131\u011f\u0131 v\u0259 qarda\u015fl\u0131q tarixi haqq\u0131nda dan\u0131\u015f\u0131b. M\u00fcasir \u0130nki\u015faf Birliyinin s\u0259dri M\u00fcbariz G\u00f6y\u00fc\u015fl\u00fc Az\u0259rbaycana h\u0259r zaman \u0259n b\u00f6y\u00fck d\u0259st\u0259yi T\u00fcrkiy\u0259 D\u00f6vl\u0259tinin verdiyini, t\u0259kc\u0259 h\u0259rbi m\u00fcst\u0259vi d\u0259 deyil, fikri m\u00fcst\u0259vid\u0259 d\u0259 Az\u0259rbaycan ayd\u0131nlar\u0131n\u0131n T\u00fcrkiy\u0259y\u0259 ba\u011fl\u0131 oldu\u011funu bildirib.<\/p>\n\n\n\n<figure class=\"wp-block-image size-large\"><img loading=\"lazy\" decoding=\"async\" width=\"960\" height=\"640\" src=\"https:\/\/fedai.az\/wp-content\/uploads\/2021\/09\/b1078e0ed352.jpg\" alt=\"\" class=\"wp-image-48399\" srcset=\"https:\/\/fedai.az\/wp-content\/uploads\/2021\/09\/b1078e0ed352.jpg 960w, https:\/\/fedai.az\/wp-content\/uploads\/2021\/09\/b1078e0ed352-300x200.jpg 300w, https:\/\/fedai.az\/wp-content\/uploads\/2021\/09\/b1078e0ed352-150x100.jpg 150w, https:\/\/fedai.az\/wp-content\/uploads\/2021\/09\/b1078e0ed352-768x512.jpg 768w\" sizes=\"auto, (max-width: 960px) 100vw, 960px\" \/><\/figure>\n\n\n\n<p><br><br>Son olaraq \u00e7\u0131x\u0131\u015f ed\u0259n G\u0259ncliy\u0259 Yard\u0131m Fondunun prezidenti Ahmet Tecim 15 sentyabr tarixinin h\u0259m T\u00fcrkiy\u0259 D\u00f6vl\u0259ti, h\u0259m d\u0259 Az\u0259rbaycan Respublikas\u0131nda bir bayram oldu\u011funu vur\u011fulay\u0131b. H\u0259r iki d\u00f6vl\u0259tin uzun ill\u0259rdir davam ed\u0259n qarda\u015fl\u0131q \u0259laq\u0259l\u0259rinin \u00f6z b\u0259hr\u0259sini verdiyini, bunun \u0259n bariz n\u00fcmun\u0259sinin d\u0259 44 g\u00fcnl\u00fc \u015fanl\u0131 z\u0259f\u0259rl\u0259 Qaraba\u011f\u0131n i\u015f\u011faldan azad edildiyini qeyd edib.<\/p>\n\n\n\n<figure class=\"wp-block-image size-large\"><img loading=\"lazy\" decoding=\"async\" width=\"960\" height=\"640\" src=\"https:\/\/fedai.az\/wp-content\/uploads\/2021\/09\/69b317e2a57a-1.jpg\" alt=\"\" class=\"wp-image-48405\" srcset=\"https:\/\/fedai.az\/wp-content\/uploads\/2021\/09\/69b317e2a57a-1.jpg 960w, https:\/\/fedai.az\/wp-content\/uploads\/2021\/09\/69b317e2a57a-1-300x200.jpg 300w, https:\/\/fedai.az\/wp-content\/uploads\/2021\/09\/69b317e2a57a-1-150x100.jpg 150w, https:\/\/fedai.az\/wp-content\/uploads\/2021\/09\/69b317e2a57a-1-768x512.jpg 768w\" sizes=\"auto, (max-width: 960px) 100vw, 960px\" \/><\/figure>\n\n\n\n<p>Xat\u0131rladaq ki, \u201cQarda\u015fl\u0131\u011f\u0131m\u0131z \u018fb\u0259didir\u201d QHT Koalisiyas\u0131 Az\u0259rbaycan\u0131n bir qrup QHT-l\u0259ri t\u0259r\u0259find\u0259n 2018-ci ilin fevral ay\u0131nda Az\u0259rbaycan-T\u00fcrkiy\u0259 m\u00fcnasib\u0259tl\u0259rin\u0259 d\u0259st\u0259k verm\u0259k, iki qarda\u015f \u00f6lk\u0259 aras\u0131ndak\u0131 ictimai \u0259laq\u0259l\u0259ri daha da g\u00fccl\u0259ndirm\u0259k m\u0259ram\u0131 il\u0259 yarad\u0131l\u0131b. Koalisiyada M\u00fcasir \u0130nki\u015faf Birliyi, T\u0259rxis Olunmu\u015f G\u0259ncl\u0259rin H\u0259rbi\u00e7il\u0259ri Maarifl\u0259ndirm\u0259 Birliyi, G\u0259nc Alim, Doktorant v\u0259 Magistrl\u0259r C\u0259miyy\u0259ti, G\u0259ncliy\u0259 Yard\u0131m Fondu, D\u00fcnya G\u0259nc T\u00fcrk Yazarlar Birliyi, T\u00fcrk D\u00f6vl\u0259tl\u0259ril\u0259 Dostluq v\u0259 M\u0259d\u0259ni \u018flaq\u0259l\u0259r C\u0259miyy\u0259ti, &#171;K\u00f6n\u00fcll\u00fcl\u00fck F\u0259aliyy\u0259tinin T\u0259bli\u011fi&#187; g\u0259ncl\u0259r birliyi t\u0259msil olunur.<\/p>\n\n\n\n<p><strong>T\u0259dbird\u0259 \u00a0Az\u0259rbaycan V\u0259t\u0259n M\u00fcharib\u0259si Veteranlar\u0131 \u0130ctimai Birliyi (AVMV\u0130B)\u00a0s\u0259drinin m\u00fcavini Salman Musayev v\u0259 AVMV\u0130B s\u0259drinin m\u00fc\u015faviri \u015eahin A\u011fayev i\u015ftirak edibl\u0259r.<\/strong><\/p>\n\n\n\n<figure class=\"wp-block-image size-large\"><img loading=\"lazy\" decoding=\"async\" width=\"1024\" height=\"768\" src=\"https:\/\/fedai.az\/wp-content\/uploads\/2021\/09\/IMG-20210915-WA0032-1024x768.jpg\" alt=\"\" class=\"wp-image-48402\" srcset=\"https:\/\/fedai.az\/wp-content\/uploads\/2021\/09\/IMG-20210915-WA0032-1024x768.jpg 1024w, https:\/\/fedai.az\/wp-content\/uploads\/2021\/09\/IMG-20210915-WA0032-300x225.jpg 300w, https:\/\/fedai.az\/wp-content\/uploads\/2021\/09\/IMG-20210915-WA0032-150x113.jpg 150w, https:\/\/fedai.az\/wp-content\/uploads\/2021\/09\/IMG-20210915-WA0032-768x576.jpg 768w, https:\/\/fedai.az\/wp-content\/uploads\/2021\/09\/IMG-20210915-WA0032.jpg 1280w\" sizes=\"auto, (max-width: 1024px) 100vw, 1024px\" \/><\/figure>\n\n\n\n<figure class=\"wp-block-image size-large is-resized\"><img loading=\"lazy\" decoding=\"async\" src=\"https:\/\/fedai.az\/wp-content\/uploads\/2021\/09\/e0677181b9b9.jpg\" alt=\"\" class=\"wp-image-48401\" width=\"983\" height=\"655\" srcset=\"https:\/\/fedai.az\/wp-content\/uploads\/2021\/09\/e0677181b9b9.jpg 960w, https:\/\/fedai.az\/wp-content\/uploads\/2021\/09\/e0677181b9b9-300x200.jpg 300w, https:\/\/fedai.az\/wp-content\/uploads\/2021\/09\/e0677181b9b9-150x100.jpg 150w, https:\/\/fedai.az\/wp-content\/uploads\/2021\/09\/e0677181b9b9-768x512.jpg 768w\" sizes=\"auto, (max-width: 983px) 100vw, 983px\" \/><\/figure>\n","protected":false},"excerpt":{"rendered":"<p>\u201cQarda\u015fl\u0131\u011f\u0131m\u0131z \u018fb\u0259didir\u201d QHT Koalisiyas\u0131n\u0131n t\u0259\u015fkilat\u00e7\u0131l\u0131\u011f\u0131 il\u0259 Bak\u0131n\u0131n i\u015f\u011faldan azad olunmas\u0131n\u0131n 103 illiyi m\u00fcnasib\u0259til\u0259 G\u0259ncliy\u0259 Yard\u0131m Fondunun ofisind\u0259 \u201cQarda\u015fl\u0131\u011f\u0131m\u0131z\u0131n d\u00fcn\u0259ni, bu g\u00fcn\u00fc v\u0259 sabah\u0131\u201d adl\u0131<\/p>\n","protected":false},"author":2,"featured_media":48400,"comment_status":"closed","ping_status":"closed","sticky":false,"template":"","format":"standard","meta":{"footnotes":""},"categories":[3],"tags":[],"class_list":["post-48397","post","type-post","status-publish","format-standard","has-post-thumbnail","hentry","category-gundm"],"aioseo_notices":[],"_links":{"self":[{"href":"https:\/\/fedai.az\/index.php?rest_route=\/wp\/v2\/posts\/48397","targetHints":{"allow":["GET"]}}],"collection":[{"href":"https:\/\/fedai.az\/index.php?rest_route=\/wp\/v2\/posts"}],"about":[{"href":"https:\/\/fedai.az\/index.php?rest_route=\/wp\/v2\/types\/post"}],"author":[{"embeddable":true,"href":"https:\/\/fedai.az\/index.php?rest_route=\/wp\/v2\/users\/2"}],"replies":[{"embeddable":true,"href":"https:\/\/fedai.az\/index.php?rest_route=%2Fwp%2Fv2%2Fcomments&post=48397"}],"version-history":[{"count":1,"href":"https:\/\/fedai.az\/index.php?rest_route=\/wp\/v2\/posts\/48397\/revisions"}],"predecessor-version":[{"id":48406,"href":"https:\/\/fedai.az\/index.php?rest_route=\/wp\/v2\/posts\/48397\/revisions\/48406"}],"wp:featuredmedia":[{"embeddable":true,"href":"https:\/\/fedai.az\/index.php?rest_route=\/wp\/v2\/media\/48400"}],"wp:attachment":[{"href":"https:\/\/fedai.az\/index.php?rest_route=%2Fwp%2Fv2%2Fmedia&parent=48397"}],"wp:term":[{"taxonomy":"category","embeddable":true,"href":"https:\/\/fedai.az\/index.php?rest_route=%2Fwp%2Fv2%2Fcategories&post=48397"},{"taxonomy":"post_tag","embeddable":true,"href":"https:\/\/fedai.az\/index.php?rest_route=%2Fwp%2Fv2%2Ftags&post=48397"}],"curies":[{"name":"wp","href":"https:\/\/api.w.org\/{rel}","templated":true}]}}