{"id":48459,"date":"2021-09-16T03:10:13","date_gmt":"2021-09-15T23:10:13","guid":{"rendered":"https:\/\/fedai.az\/?p=48459"},"modified":"2021-09-16T03:10:17","modified_gmt":"2021-09-15T23:10:17","slug":"15-sentyabr-nuru-pasa-il%c9%99-ciyin-ciyin%c9%99-vurusan-kurd%c9%99xanali-kamil","status":"publish","type":"post","link":"https:\/\/fedai.az\/?p=48459","title":{"rendered":"15 SENTYABR: NURU PA\u015eA \u0130L\u018f \u00c7\u0130Y\u0130N-\u00c7\u0130Y\u0130N\u018f VURU\u015eAN K\u00dcRD\u018fXANALI KAM\u0130L"},"content":{"rendered":"\n<p><strong>Bak\u0131da erm\u0259ni-m\u00fcs\u0259lman davas\u0131nda Nuru Pa\u015fan\u0131n k\u00f6n\u00fcll\u00fcl\u0259ri s\u0131ras\u0131nda vuru\u015fan \u0259sl\u0259n Bak\u0131n\u0131n K\u00fcrd\u0259xanl\u0131 k\u0259ndind\u0259n olan Qas\u0131mov Kamil K\u0259rb\u0259layi Qas\u0131m o\u011flu da vard\u0131.<br><br>Onun d\u00f6y\u00fc\u015f yolu Bak\u0131, \u015eamax\u0131, Qaraba\u011f-\u015eu\u015faya q\u0259d\u0259r gedib \u00e7\u0131xm\u0131\u015fd\u0131r. Bu, onun \u00e7ox g\u0259nc ya\u015flar\u0131nda i\u015ftirak etdiyi ikinci \u00f6z\u00fcn\u00fcn dediyi kimi des\u0259k &#171;dava&#187; idi.<\/strong><\/p>\n\n\n\n<figure class=\"wp-block-image size-large\"><img loading=\"lazy\" decoding=\"async\" width=\"624\" height=\"960\" src=\"https:\/\/fedai.az\/wp-content\/uploads\/2021\/09\/LdT5O7.png\" alt=\"\" class=\"wp-image-48460\" srcset=\"https:\/\/fedai.az\/wp-content\/uploads\/2021\/09\/LdT5O7.png 624w, https:\/\/fedai.az\/wp-content\/uploads\/2021\/09\/LdT5O7-195x300.png 195w, https:\/\/fedai.az\/wp-content\/uploads\/2021\/09\/LdT5O7-98x150.png 98w\" sizes=\"auto, (max-width: 624px) 100vw, 624px\" \/><\/figure>\n\n\n\n<p><strong><br><br>\u0130lk d\u0259f\u0259, h\u0259rbi xidm\u0259t\u0259 \u00e7a\u011fr\u0131lan \u00f6z\u00fcnd\u0259n b\u00f6y\u00fck qarda\u015f\u0131 Laz\u0131m\u0131 (ni\u015fanl\u0131 oldu\u011fu \u00fc\u00e7\u00fcn) ail\u0259nin q\u0259rari il\u0259 \u0259v\u0259z etmi\u015fdir. (o d\u00f6vr\u00fcn dili il\u0259 des\u0259k &#171;qarda\u015f\u0131n\u0131n yerin\u0259 \u00f6l\u00fcm\u0259 getmi\u015fdir&#187;). Boyunu art\u0131rmaq \u00fc\u00e7\u00fcn ayaqqab\u0131lar\u0131na \u0259lav\u0259 alt v\u0259 daban vuraraq 15 ya\u015f\u0131nda s\u0131ralara qat\u0131lm\u0131\u015fd\u0131r. H\u0259rbi xidm\u0259ti ba\u015fa vurub qay\u0131dan kimi Nuru Pa\u015fan\u0131n komandal\u0131\u011f\u0131 etdiyi h\u0259rbi s\u0131ralara qo\u015fulmu\u015fdur.<br><br>O, \u00fc\u00e7\u00fcn\u00fcnc\u00fc d\u0259f\u0259 1941-45- ci il m\u00fcharib\u0259sinin i\u015ftirka\u00e7\u0131s\u0131 olmu\u015f, d\u00f6y\u00fc\u015fl\u0259rin \u0259n q\u0131z\u011f\u0131n b\u00f6lg\u0259l\u0259rind\u0259 -Kr\u0131m, Kre\u00e7 v\u0259 Mazdok c\u0259bh\u0259l\u0259rind\u0259 d\u00f6y\u00fc\u015fm\u00fc\u015f\u00fcr. M\u00fcharib\u0259nin sonuna yax\u0131n yaralanm\u0131\u015f, m\u0259rmi sol \u0259linin barmaqlar\u0131n\u0131 aparm\u0131\u015f, b\u0259d\u0259nind\u0259 d\u00fc\u015fm\u0259n m\u0259rminsinin q\u0259lp\u0259l\u0259ri il\u0259 ordudan t\u0259xris olunmu\u015fdur.<br><br>&#171;\u00dc\u00e7 dava&#187; g\u00f6rm\u00fc\u015f Kamilin Nuru Pa\u015fa il\u0259 ba\u011fl\u0131 xo\u015f xatir\u0259l\u0259ri onun \u00f6mr\u00fcn\u00fcn sonuna kimi \u0259n b\u00f6y\u00fck \u00f6y\u00fcnc\u00fc olmu\u015fdur.<br><br>Qas\u0131mov Kamil K\u0259rb\u0259lay\u0131 Qas\u0131m o\u011flu namuslu, l\u0259yaq\u0259tli, m\u0259rd v\u0259 halal bir \u00f6m\u00fcr s\u00fcrm\u00fc\u015f, 1973-c\u00fc ild\u0259 d\u00fcnyas\u0131n\u0131 d\u0259yi\u015fmi\u015f, do\u011fulub b\u00f6y\u00fcd\u00fcy\u00fc Bak\u0131n\u0131n K\u00fcrd\u0259xanl\u0131 k\u0259ndind\u0259 d\u0259fn olunmu\u015fdur.<\/strong><\/p>\n","protected":false},"excerpt":{"rendered":"<p>Bak\u0131da erm\u0259ni-m\u00fcs\u0259lman davas\u0131nda Nuru Pa\u015fan\u0131n k\u00f6n\u00fcll\u00fcl\u0259ri s\u0131ras\u0131nda vuru\u015fan \u0259sl\u0259n Bak\u0131n\u0131n K\u00fcrd\u0259xanl\u0131 k\u0259ndind\u0259n olan Qas\u0131mov Kamil K\u0259rb\u0259layi Qas\u0131m o\u011flu da vard\u0131. Onun d\u00f6y\u00fc\u015f yolu Bak\u0131,<\/p>\n","protected":false},"author":2,"featured_media":0,"comment_status":"closed","ping_status":"closed","sticky":false,"template":"","format":"standard","meta":{"footnotes":""},"categories":[7],"tags":[],"class_list":["post-48459","post","type-post","status-publish","format-standard","hentry","category-tarix"],"aioseo_notices":[],"_links":{"self":[{"href":"https:\/\/fedai.az\/index.php?rest_route=\/wp\/v2\/posts\/48459","targetHints":{"allow":["GET"]}}],"collection":[{"href":"https:\/\/fedai.az\/index.php?rest_route=\/wp\/v2\/posts"}],"about":[{"href":"https:\/\/fedai.az\/index.php?rest_route=\/wp\/v2\/types\/post"}],"author":[{"embeddable":true,"href":"https:\/\/fedai.az\/index.php?rest_route=\/wp\/v2\/users\/2"}],"replies":[{"embeddable":true,"href":"https:\/\/fedai.az\/index.php?rest_route=%2Fwp%2Fv2%2Fcomments&post=48459"}],"version-history":[{"count":1,"href":"https:\/\/fedai.az\/index.php?rest_route=\/wp\/v2\/posts\/48459\/revisions"}],"predecessor-version":[{"id":48461,"href":"https:\/\/fedai.az\/index.php?rest_route=\/wp\/v2\/posts\/48459\/revisions\/48461"}],"wp:attachment":[{"href":"https:\/\/fedai.az\/index.php?rest_route=%2Fwp%2Fv2%2Fmedia&parent=48459"}],"wp:term":[{"taxonomy":"category","embeddable":true,"href":"https:\/\/fedai.az\/index.php?rest_route=%2Fwp%2Fv2%2Fcategories&post=48459"},{"taxonomy":"post_tag","embeddable":true,"href":"https:\/\/fedai.az\/index.php?rest_route=%2Fwp%2Fv2%2Ftags&post=48459"}],"curies":[{"name":"wp","href":"https:\/\/api.w.org\/{rel}","templated":true}]}}