{"id":48463,"date":"2021-09-16T11:38:02","date_gmt":"2021-09-16T07:38:02","guid":{"rendered":"https:\/\/fedai.az\/?p=48463"},"modified":"2021-09-16T11:38:05","modified_gmt":"2021-09-16T07:38:05","slug":"bil%c9%99suvarda-s%c9%99hidin-dogum-gunu-qeyd-edilib","status":"publish","type":"post","link":"https:\/\/fedai.az\/?p=48463","title":{"rendered":"Bil\u0259suvarda \u015f\u0259hidin do\u011fum g\u00fcn\u00fc qeyd edilib"},"content":{"rendered":"\n<p><strong>Az\u0259rbaycan V\u0259t\u0259n M\u00fcharib\u0259si Veteranlar\u0131 \u0130ctimai Birliyi (AVMV\u0130B) Bil\u0259suvar rayon \u015f\u00f6b\u0259l\u0259rinin \u00fczvl\u0259ri \u015f\u0259hid Orxan Mehman o\u011flu Mirz\u0259yevin \u015f\u0259had\u0259td\u0259 ilk do\u011fum g\u00fcn\u00fcn\u00fc m\u0259zar\u0131 ba\u015f\u0131nda qeyd edibl\u0259r.<\/strong><\/p>\n\n\n\n<p>\u015e\u0259hid Orxan Mirz\u0259yevin m\u0259zar\u0131n\u0131 ziyar\u0259t ed\u0259n m\u00fcharib\u0259 veteranlar\u0131, \u015f\u0259hidl\u0259rimizi anmaqla yana\u015f\u0131, onlar\u0131n ruhlar\u0131na dualar oxumu\u015flar. <\/p>\n\n\n\n<p>Bu bar\u0259d\u0259 m\u0259lumat\u0131 AVMV\u0130B Bil\u0259suvar rayon \u015f\u00f6b\u0259sinin s\u0259dri Qurban Qurbanov verib.<\/p>\n\n\n\n<p>Xat\u0131rladaq ki, <strong>\u015f\u0259hid Orxan Mehman o\u011flu Mirz\u0259yev<\/strong> 44 g\u00fcnl\u00fck V\u0259t\u0259n m\u00fcharib\u0259sind\u0259 \u015f\u0259hid olub v\u0259 do\u011fuldu\u011fu Bil\u0259suvar rayonunda d\u0259fn olunub.<\/p>\n\n\n\n<p><strong>Allah \u015f\u0259hidl\u0259rimiz\u0259 r\u0259hm\u0259t el\u0259sin!<\/strong><\/p>\n\n\n\n<figure class=\"wp-block-image size-large\"><img loading=\"lazy\" decoding=\"async\" width=\"1024\" height=\"766\" src=\"https:\/\/fedai.az\/wp-content\/uploads\/2021\/09\/IMG-20210915-WA0036-1-1024x766.jpg\" alt=\"\" class=\"wp-image-48464\" srcset=\"https:\/\/fedai.az\/wp-content\/uploads\/2021\/09\/IMG-20210915-WA0036-1-1024x766.jpg 1024w, https:\/\/fedai.az\/wp-content\/uploads\/2021\/09\/IMG-20210915-WA0036-1-300x224.jpg 300w, https:\/\/fedai.az\/wp-content\/uploads\/2021\/09\/IMG-20210915-WA0036-1-150x112.jpg 150w, https:\/\/fedai.az\/wp-content\/uploads\/2021\/09\/IMG-20210915-WA0036-1-768x574.jpg 768w, https:\/\/fedai.az\/wp-content\/uploads\/2021\/09\/IMG-20210915-WA0036-1.jpg 1280w\" sizes=\"auto, (max-width: 1024px) 100vw, 1024px\" \/><\/figure>\n","protected":false},"excerpt":{"rendered":"<p>Az\u0259rbaycan V\u0259t\u0259n M\u00fcharib\u0259si Veteranlar\u0131 \u0130ctimai Birliyi (AVMV\u0130B) Bil\u0259suvar rayon \u015f\u00f6b\u0259l\u0259rinin \u00fczvl\u0259ri \u015f\u0259hid Orxan Mehman o\u011flu Mirz\u0259yevin \u015f\u0259had\u0259td\u0259 ilk do\u011fum g\u00fcn\u00fcn\u00fc m\u0259zar\u0131 ba\u015f\u0131nda qeyd edibl\u0259r.<\/p>\n","protected":false},"author":2,"featured_media":48465,"comment_status":"closed","ping_status":"closed","sticky":false,"template":"","format":"standard","meta":{"footnotes":""},"categories":[5],"tags":[],"class_list":["post-48463","post","type-post","status-publish","format-standard","has-post-thumbnail","hentry","category-veteran"],"aioseo_notices":[],"_links":{"self":[{"href":"https:\/\/fedai.az\/index.php?rest_route=\/wp\/v2\/posts\/48463","targetHints":{"allow":["GET"]}}],"collection":[{"href":"https:\/\/fedai.az\/index.php?rest_route=\/wp\/v2\/posts"}],"about":[{"href":"https:\/\/fedai.az\/index.php?rest_route=\/wp\/v2\/types\/post"}],"author":[{"embeddable":true,"href":"https:\/\/fedai.az\/index.php?rest_route=\/wp\/v2\/users\/2"}],"replies":[{"embeddable":true,"href":"https:\/\/fedai.az\/index.php?rest_route=%2Fwp%2Fv2%2Fcomments&post=48463"}],"version-history":[{"count":1,"href":"https:\/\/fedai.az\/index.php?rest_route=\/wp\/v2\/posts\/48463\/revisions"}],"predecessor-version":[{"id":48466,"href":"https:\/\/fedai.az\/index.php?rest_route=\/wp\/v2\/posts\/48463\/revisions\/48466"}],"wp:featuredmedia":[{"embeddable":true,"href":"https:\/\/fedai.az\/index.php?rest_route=\/wp\/v2\/media\/48465"}],"wp:attachment":[{"href":"https:\/\/fedai.az\/index.php?rest_route=%2Fwp%2Fv2%2Fmedia&parent=48463"}],"wp:term":[{"taxonomy":"category","embeddable":true,"href":"https:\/\/fedai.az\/index.php?rest_route=%2Fwp%2Fv2%2Fcategories&post=48463"},{"taxonomy":"post_tag","embeddable":true,"href":"https:\/\/fedai.az\/index.php?rest_route=%2Fwp%2Fv2%2Ftags&post=48463"}],"curies":[{"name":"wp","href":"https:\/\/api.w.org\/{rel}","templated":true}]}}