{"id":48471,"date":"2021-09-16T13:11:54","date_gmt":"2021-09-16T09:11:54","guid":{"rendered":"https:\/\/fedai.az\/?p=48471"},"modified":"2021-09-16T13:11:57","modified_gmt":"2021-09-16T09:11:57","slug":"ukraynada-erm%c9%99nistan-v%c9%99-belarus-%c9%99leyhin%c9%99-petisiya-yaradildi","status":"publish","type":"post","link":"https:\/\/fedai.az\/?p=48471","title":{"rendered":"Ukraynada Erm\u0259nistan v\u0259 Belarus \u0259leyhin\u0259 petisiya yarad\u0131ld\u0131"},"content":{"rendered":"\n<p><strong>Ukrayna Prezidentinin r\u0259smi internet sayt\u0131nda BMT Ba\u015f Assambleyas\u0131n\u0131n 76-c\u0131 sessiyas\u0131nda bu \u00f6lk\u0259nin \u0259razi b\u00fct\u00f6vl\u00fcy\u00fc \u0259leyhin\u0259 s\u0259s vermi\u015f Erm\u0259nistan v\u0259 Belarusa qar\u015f\u0131 sanksiyalar\u0131n t\u0259tbiq edilm\u0259si il\u0259 ba\u011fl\u0131&nbsp;<a href=\"https:\/\/petition.president.gov.ua\/petition\/123228\" target=\"_blank\" rel=\"noreferrer noopener\">petisiya yarad\u0131l\u0131b<\/a>.<\/strong><\/p>\n\n\n\n<p>Petitsiyan\u0131n t\u0259\u015f\u0259bb\u00fcs\u00e7\u00fcl\u0259rind\u0259n olan \u201c\u0130nformasiya m\u00fcqavim\u0259ti\u201d qrupunun koordinatoru, Ukrayna T\u0259hl\u00fck\u0259sizlik Ara\u015fd\u0131rmalar\u0131 M\u0259rk\u0259zinin apar\u0131c\u0131 m\u00fct\u0259x\u0259ssisi, h\u0259rbi v\u0259 siyasi \u015f\u0259rh\u00e7i Aleksandr Kovalenko \u201cReport\u201dun \u015e\u0259rqi Avropa b\u00fcrosuna bildirib ki, sentyabr\u0131n 14-d\u0259n elan olunan petisiyada s\u0259sverm\u0259 s\u00fcr\u0259tl\u0259 gedir.<\/p>\n\n\n\n<p>O deyib ki, petisiya 92 g\u00fcn davam ed\u0259c\u0259k v\u0259 25 min m\u00fcsb\u0259t r\u0259y ver\u0259n izl\u0259yici y\u0131\u011fmal\u0131d\u0131r: \u201cUkrayna il\u0259 t\u0259masdan, \u0259sas\u0259n d\u0259 iqtisadi \u0259laq\u0259l\u0259rd\u0259n faydalan\u0131b, amma \u00f6lk\u0259miz \u0259leyhin\u0259 s\u0259s ver\u0259nl\u0259ri qanun \u00e7\u0259r\u00e7iv\u0259sind\u0259 c\u0259zaland\u0131rmaq ist\u0259yirik. M\u0259s\u0259l\u0259n, Belarus Ukrayna il\u0259 ticari \u0259laq\u0259l\u0259rd\u0259n ild\u0259 xeyli fayda g\u00f6t\u00fcr\u00fcr. O c\u00fcml\u0259d\u0259n Erm\u0259nistan bundan da art\u0131q fayda g\u00f6t\u00fcr\u00fcr. Bundan ba\u015fqa Ukraynada kifay\u0259t q\u0259d\u0259r erm\u0259ni diasporu f\u0259aliyy\u0259t g\u00f6st\u0259rir ki, onlar da Erm\u0259nistan\u0131n b\u00fcdc\u0259sinin burdan faydalanmas\u0131nda rol oynay\u0131rlar. Bizim petisiyan\u0131n da m\u0259qs\u0259di b\u00fct\u00fcn bunlar\u0131n qar\u015f\u0131l\u0131\u011f\u0131nda Ukraynan\u0131n \u0259razi b\u00fct\u00f6vl\u00fcy\u00fcn\u0259 h\u00f6rm\u0259t qoymayan bu \u00f6lk\u0259y\u0259 v\u0259 diasporuna qar\u015f\u0131 ciddi sanksiyalar\u0131n t\u0259tbiq edilm\u0259sidir. \u00c7\u00fcnki Erm\u0259nistan ilk d\u0259f\u0259 deyil ki bel\u0259 h\u0259r\u0259k\u0259t\u0259 yol verir\u201d, &#8212; o \u0259lav\u0259 edib.<\/p>\n\n\n\n<p>Xat\u0131rladaq ki, \u201cUkraynan\u0131n m\u00fcv\u0259qq\u0259ti i\u015f\u011fal olunmu\u015f \u0259razil\u0259rind\u0259ki v\u0259ziyy\u0259t\u0259 dair\u201d adl\u0131 b\u0259ndin BMT Ba\u015f Assambleyas\u0131n\u0131n 76-c\u0131 sesiyas\u0131n\u0131n g\u00fcnd\u0259liyin\u0259 sal\u0131nmas\u0131na dair ke\u00e7iril\u0259n s\u0259sverm\u0259 zaman\u0131 Az\u0259rbaycan lehin\u0259, Erm\u0259nistan is\u0259 \u0259leyhin\u0259 s\u0259s verib.<\/p>\n","protected":false},"excerpt":{"rendered":"<p>Ukrayna Prezidentinin r\u0259smi internet sayt\u0131nda BMT Ba\u015f Assambleyas\u0131n\u0131n 76-c\u0131 sessiyas\u0131nda bu \u00f6lk\u0259nin \u0259razi b\u00fct\u00f6vl\u00fcy\u00fc \u0259leyhin\u0259 s\u0259s vermi\u015f Erm\u0259nistan v\u0259 Belarusa qar\u015f\u0131 sanksiyalar\u0131n t\u0259tbiq edilm\u0259si<\/p>\n","protected":false},"author":2,"featured_media":48473,"comment_status":"closed","ping_status":"closed","sticky":false,"template":"","format":"standard","meta":{"footnotes":""},"categories":[1],"tags":[],"class_list":["post-48471","post","type-post","status-publish","format-standard","has-post-thumbnail","hentry","category-siyast"],"aioseo_notices":[],"_links":{"self":[{"href":"https:\/\/fedai.az\/index.php?rest_route=\/wp\/v2\/posts\/48471","targetHints":{"allow":["GET"]}}],"collection":[{"href":"https:\/\/fedai.az\/index.php?rest_route=\/wp\/v2\/posts"}],"about":[{"href":"https:\/\/fedai.az\/index.php?rest_route=\/wp\/v2\/types\/post"}],"author":[{"embeddable":true,"href":"https:\/\/fedai.az\/index.php?rest_route=\/wp\/v2\/users\/2"}],"replies":[{"embeddable":true,"href":"https:\/\/fedai.az\/index.php?rest_route=%2Fwp%2Fv2%2Fcomments&post=48471"}],"version-history":[{"count":1,"href":"https:\/\/fedai.az\/index.php?rest_route=\/wp\/v2\/posts\/48471\/revisions"}],"predecessor-version":[{"id":48474,"href":"https:\/\/fedai.az\/index.php?rest_route=\/wp\/v2\/posts\/48471\/revisions\/48474"}],"wp:featuredmedia":[{"embeddable":true,"href":"https:\/\/fedai.az\/index.php?rest_route=\/wp\/v2\/media\/48473"}],"wp:attachment":[{"href":"https:\/\/fedai.az\/index.php?rest_route=%2Fwp%2Fv2%2Fmedia&parent=48471"}],"wp:term":[{"taxonomy":"category","embeddable":true,"href":"https:\/\/fedai.az\/index.php?rest_route=%2Fwp%2Fv2%2Fcategories&post=48471"},{"taxonomy":"post_tag","embeddable":true,"href":"https:\/\/fedai.az\/index.php?rest_route=%2Fwp%2Fv2%2Ftags&post=48471"}],"curies":[{"name":"wp","href":"https:\/\/api.w.org\/{rel}","templated":true}]}}