{"id":48483,"date":"2021-09-16T14:14:09","date_gmt":"2021-09-16T10:14:09","guid":{"rendered":"https:\/\/fedai.az\/?p=48483"},"modified":"2021-09-16T14:14:13","modified_gmt":"2021-09-16T10:14:13","slug":"iran-erm%c9%99nistanla-dini-%c9%99m%c9%99kdasliq-edir-dostlugu-islamdan-ustun-tuturlar","status":"publish","type":"post","link":"https:\/\/fedai.az\/?p=48483","title":{"rendered":"\u0130ran Erm\u0259nistanla dini \u0259m\u0259kda\u015fl\u0131q edir: \u201cDostlu\u011fu\u201d \u0130slamdan \u00fcst\u00fcn tuturlar&#8230;"},"content":{"rendered":"\n<p><strong>\u00d6z\u00fcn\u00fc islam d\u00fcnyas\u0131n\u0131n bayraqdar\u0131 v\u0259 d\u00fcnya m\u00fcs\u0259lmanlar\u0131n\u0131n t\u0259\u0259ss\u00fcbke\u015fi kimi q\u0259l\u0259m\u0259 ver\u0259n \u0130ran \u0130slam C\u00fcmhuriyy\u0259ti onillikl\u0259r boyu m\u00fcs\u0259lman Az\u0259rbaycan Respublikas\u0131n\u0131n torpaqlar\u0131n\u0131 i\u015f\u011falda saxlayan, q\u0259sb etdiyi \u0259razil\u0259rd\u0259 \u0130slam m\u0259d\u0259ni irsin\u0259 qar\u015f\u0131 v\u0259h\u015filikl\u0259r t\u00f6r\u0259d\u0259n Erm\u0259nistanla siyasi, iqtisadi, h\u0259rbi-texniki (nizami-f\u0259nni) v\u0259 m\u0259d\u0259ni \u0259laq\u0259l\u0259rinin ard\u0131nca, dini \u0259m\u0259kda\u015fl\u0131\u011f\u0131n\u0131 da geni\u015fl\u0259ndirm\u0259k niyy\u0259tind\u0259dir.<\/strong><\/p>\n\n\n\n<p>Dini \u0259m\u0259kda\u015fl\u0131q ifad\u0259si \u0130ran\u0131n Erm\u0259nistandak\u0131 s\u0259firinin Qriqoryan kils\u0259sinin r\u0259hb\u0259ri il\u0259 g\u00f6r\u00fc\u015f\u00fc bar\u0259d\u0259 islam c\u00fcmhuriyy\u0259tinin r\u0259smi d\u00f6vl\u0259t qurumunun M\u0259d\u0259niyy\u0259t v\u0259 \u0130slami \u018flaq\u0259l\u0259r T\u0259\u015fkilat\u0131n\u0131n sayt\u0131nda yerl\u0259\u015fdirilmi\u015f m\u0259lumatda i\u015fl\u0259nib.<\/p>\n\n\n\n<p>H\u0259min m\u0259lumat\u0131n ba\u015fl\u0131\u011f\u0131nda deyilir: \u201cE\u00e7mi\u0259dzin \u015f\u0259h\u0259rind\u0259 \u0130ran Erm\u0259nistan dini \u0259m\u0259kda\u015fl\u0131\u011f\u0131n\u0131n geni\u015fl\u0259ndirilm\u0259si z\u0259rur\u0259ti vur\u011fuland\u0131\u201d.<\/p>\n\n\n\n<p>\u00d6t\u0259n h\u0259ft\u0259 \u0130ran\u0131n Erm\u0259nistandak\u0131 f\u00f6vq\u0259lad\u0259 v\u0259 s\u0259lahiyy\u0259tli s\u0259firi Abbas B\u0259dax\u015fan Zohuri b\u00fct\u00fcn erm\u0259nil\u0259rin katolikosu II Qareqinl\u0259 g\u00f6r\u00fc\u015fm\u0259k \u00fc\u00e7\u00fcn E\u00e7mi\u0259dzin\u0259 s\u0259f\u0259r edib. S\u0259f\u0259r zaman\u0131 onu \u0130ran\u0131n Erm\u0259nistandak\u0131 M\u0259d\u0259niyy\u0259t M\u0259rk\u0259zinin ba\u015f\u00e7\u0131s\u0131 seyid H\u00fcseyn T\u0259bat\u0259bai m\u00fc\u015fayi\u0259t edib.<\/p>\n\n\n\n<p>Bu bar\u0259d\u0259 \u0130ran v\u0259 Erm\u0259nistan m\u0259tbuat\u0131n\u0131n yayd\u0131\u011f\u0131 m\u0259lumatlar b\u0259zi m\u0259qamlar\u0131 \u00fcz\u0259 \u00e7\u0131xar\u0131r. T\u0259sad\u00fcfi deyil ki, erm\u0259ni katolikosu h\u0259min g\u00f6r\u00fc\u015fd\u0259 \u0130ran\u0131 Erm\u0259nistan\u0131n h\u0259mi\u015f\u0259lik dostu adland\u0131r\u0131r. T\u0259sad\u00fcfi deyil ki, m\u00fcharib\u0259 bit\u0259nd\u0259n b\u0259ri \u0130randan n\u0259inki Erm\u0259nistana, h\u0259m d\u0259 qanunsuz \u015f\u0259kild\u0259 Az\u0259rbaycan\u0131n erm\u0259nil\u0259r ya\u015fayan \u0259razil\u0259rin\u0259 \u015f\u00fct\u00fcy\u0259n ma\u015f\u0131nlar\u0131n, da\u015f\u0131nan y\u00fckl\u0259rin ard\u0131-aras\u0131 k\u0259silmir.<\/p>\n\n\n\n<p>Az\u0259rbaycan\u0131n etdiyi r\u0259smi x\u0259b\u0259rdarl\u0131q v\u0259 etirazlar da \u0130ran\u0131n erm\u0259ni sevgisinin qar\u015f\u0131s\u0131n\u0131 ala bilmir. G\u00f6r\u00fc\u015f zaman\u0131 \u0130ran s\u0259firi b\u0259yan edib ki, \u00f6lk\u0259sind\u0259 erm\u0259nil\u0259rin dig\u0259r iranl\u0131larla dinc, yana\u015f\u0131 ya\u015famas\u0131 m\u00fcxt\u0259lif dinl\u0259rin birg\u0259 ya\u015fay\u0131\u015f\u0131na dair model kimi d\u00fcnyaya t\u0259qdim oluna bil\u0259r. Bunu vur\u011fulamaqla o, \u0130ran hakimiyy\u0259tinin dig\u0259r dinl\u0259rin n\u00fcmay\u0259nd\u0259l\u0259rin\u0259 guya d\u00f6z\u00fcml\u00fc m\u00fcnasib\u0259tini v\u0259 tolerantl\u0131\u011f\u0131n\u0131 diqq\u0259t\u0259 \u00e7atd\u0131rmaq ist\u0259yib.<\/p>\n\n\n\n<p>Lakin bir m\u0259s\u0259l\u0259 qaranl\u0131q qal\u0131r ki, n\u0259 \u00fc\u00e7\u00fcn bu d\u00f6z\u00fcml\u00fcl\u00fck yaln\u0131z erm\u0259nil\u0259rl\u0259 m\u0259hdudla\u015f\u0131r? Niy\u0259 eyni m\u00fcnasib\u0259t \u0130randak\u0131 dig\u0259r xristian v\u0259 m\u0259sihi v\u0259t\u0259nda\u015flara h\u0259tta islam\u0131n s\u00fcnni m\u0259zh\u0259binin t\u0259msil\u00e7il\u0259rin\u0259 \u015famil olunmur? Ax\u0131 h\u0259r il insan haqlar\u0131 t\u0259\u015fkilatlar\u0131n\u0131n v\u0259 beyn\u0259lxalq qurumlar\u0131n hesabatlar\u0131nda \u0130randa xristianlar\u0131n h\u0259bs v\u0259 t\u0259qib olunmas\u0131na dair m\u0259lumatlar yer al\u0131r. Dem\u0259k ki, m\u0259s\u0259l\u0259 he\u00e7 d\u0259 xristianl\u0131qda deyil, erm\u0259nilikd\u0259dir. \u0130ran s\u0259firi katolikosla g\u00f6r\u00fc\u015fd\u0259 \u0259b\u0259s yer\u0259 demir ki, Erm\u0259nistan\u0131n simas\u0131nda g\u00fccl\u00fc v\u0259 iqtisadi bax\u0131mdan inki\u015faf etmi\u015f qon\u015fuya malik olmaq \u0130ran \u00fc\u00e7\u00fcn \u00e7ox \u0259h\u0259miyy\u0259tlidir.&nbsp;<\/p>\n\n\n\n<p>Daha \u0259trafl\u0131\u00a0\u201cAzad \u0130ran\u201d\u00a0\u201cTelegram\u201d kanal\u0131n\u0131n haz\u0131rlad\u0131\u011f\u0131 s\u00fcjetd\u0259:<\/p>\n\n\n\n<figure class=\"wp-block-embed is-type-video is-provider-youtube wp-block-embed-youtube wp-embed-aspect-16-9 wp-has-aspect-ratio\"><div class=\"wp-block-embed__wrapper\">\n<iframe loading=\"lazy\" title=\"\u0130ran\u0131n erm\u0259nil\u0259rl\u0259 dini \u0259m\u0259kda\u015fl\u0131\u011f\u0131\" width=\"715\" height=\"402\" src=\"https:\/\/www.youtube.com\/embed\/DpbXhGbDXjM?feature=oembed\" frameborder=\"0\" allow=\"accelerometer; autoplay; clipboard-write; encrypted-media; gyroscope; picture-in-picture\" allowfullscreen><\/iframe>\n<\/div><\/figure>\n\n\n\n<p><strong>M\u0259nb\u0259: Oxu.az<\/strong><\/p>\n","protected":false},"excerpt":{"rendered":"<p>\u00d6z\u00fcn\u00fc islam d\u00fcnyas\u0131n\u0131n bayraqdar\u0131 v\u0259 d\u00fcnya m\u00fcs\u0259lmanlar\u0131n\u0131n t\u0259\u0259ss\u00fcbke\u015fi kimi q\u0259l\u0259m\u0259 ver\u0259n \u0130ran \u0130slam C\u00fcmhuriyy\u0259ti onillikl\u0259r boyu m\u00fcs\u0259lman Az\u0259rbaycan Respublikas\u0131n\u0131n torpaqlar\u0131n\u0131 i\u015f\u011falda saxlayan, q\u0259sb etdiyi<\/p>\n","protected":false},"author":2,"featured_media":48484,"comment_status":"closed","ping_status":"closed","sticky":false,"template":"","format":"standard","meta":{"footnotes":""},"categories":[13],"tags":[],"class_list":["post-48483","post","type-post","status-publish","format-standard","has-post-thumbnail","hentry","category-xarici"],"aioseo_notices":[],"_links":{"self":[{"href":"https:\/\/fedai.az\/index.php?rest_route=\/wp\/v2\/posts\/48483","targetHints":{"allow":["GET"]}}],"collection":[{"href":"https:\/\/fedai.az\/index.php?rest_route=\/wp\/v2\/posts"}],"about":[{"href":"https:\/\/fedai.az\/index.php?rest_route=\/wp\/v2\/types\/post"}],"author":[{"embeddable":true,"href":"https:\/\/fedai.az\/index.php?rest_route=\/wp\/v2\/users\/2"}],"replies":[{"embeddable":true,"href":"https:\/\/fedai.az\/index.php?rest_route=%2Fwp%2Fv2%2Fcomments&post=48483"}],"version-history":[{"count":1,"href":"https:\/\/fedai.az\/index.php?rest_route=\/wp\/v2\/posts\/48483\/revisions"}],"predecessor-version":[{"id":48485,"href":"https:\/\/fedai.az\/index.php?rest_route=\/wp\/v2\/posts\/48483\/revisions\/48485"}],"wp:featuredmedia":[{"embeddable":true,"href":"https:\/\/fedai.az\/index.php?rest_route=\/wp\/v2\/media\/48484"}],"wp:attachment":[{"href":"https:\/\/fedai.az\/index.php?rest_route=%2Fwp%2Fv2%2Fmedia&parent=48483"}],"wp:term":[{"taxonomy":"category","embeddable":true,"href":"https:\/\/fedai.az\/index.php?rest_route=%2Fwp%2Fv2%2Fcategories&post=48483"},{"taxonomy":"post_tag","embeddable":true,"href":"https:\/\/fedai.az\/index.php?rest_route=%2Fwp%2Fv2%2Ftags&post=48483"}],"curies":[{"name":"wp","href":"https:\/\/api.w.org\/{rel}","templated":true}]}}