{"id":48490,"date":"2021-09-17T00:41:26","date_gmt":"2021-09-16T20:41:26","guid":{"rendered":"https:\/\/fedai.az\/?p=48490"},"modified":"2021-09-17T00:41:26","modified_gmt":"2021-09-16T20:41:26","slug":"az%c9%99rbaycan-xin-erm%c9%99nistani-m%c9%99suliyy%c9%99t%c9%99-c%c9%99lb-ed%c9%99c%c9%99yik","status":"publish","type":"post","link":"https:\/\/fedai.az\/?p=48490","title":{"rendered":"Az\u0259rbaycan X\u0130N: &#171;Erm\u0259nistan\u0131 m\u0259suliyy\u0259t\u0259 c\u0259lb ed\u0259c\u0259yik&#187;"},"content":{"rendered":"\n<p><strong>Az\u0259rbaycan &#171;\u0130rqi ayr\u0131-se\u00e7kiliyin b\u00fct\u00fcn formalar\u0131n\u0131n l\u0259\u011fv edilm\u0259si haqq\u0131nda Beyn\u0259lxalq Konvensiya&#187;n\u0131n pozulmas\u0131na g\u00f6r\u0259 Erm\u0259nistan\u0131 m\u0259suliyy\u0259t\u0259 c\u0259lb ed\u0259c\u0259k.<\/strong><\/p>\n\n\n\n<p>Bu bar\u0259d\u0259 Az\u0259rbaycan xarici i\u015fl\u0259r nazirinin m\u00fcavini Elnur M\u0259mm\u0259dov \u00f6z tvitter hesab\u0131nda yaz\u0131b.<\/p>\n\n\n\n<p>&#171;\u00d6n\u00fcm\u00fczd\u0259ki g\u00fcnl\u0259rd\u0259 &#171;\u0130rqi ayr\u0131-se\u00e7kiliyin b\u00fct\u00fcn formalar\u0131n\u0131n l\u0259\u011fv edilm\u0259si haqq\u0131nda Beyn\u0259lxalq Konvensiya&#187;n\u0131nn\u0131n pozulmas\u0131na g\u00f6r\u0259 Erm\u0259nistan\u0131 m\u0259suliyy\u0259t\u0259 c\u0259lb ed\u0259c\u0259yik. \u0130\u015f\u011fal zaman\u0131 az\u0259rbaycanl\u0131lar\u0131n insan h\u00fcquqlar\u0131n\u0131n 30 il \u0259rzind\u0259 pozulmas\u0131 q\u0259buledilm\u0259zdir&#187;, &#8212; o yaz\u0131b.<\/p>\n\n\n\n<figure class=\"wp-block-embed is-type-rich is-provider-twitter wp-block-embed-twitter\"><div class=\"wp-block-embed__wrapper\">\n<blockquote class=\"twitter-tweet\" data-width=\"550\" data-dnt=\"true\"><p lang=\"en\" dir=\"ltr\">In the coming days, we will hold <a href=\"https:\/\/twitter.com\/hashtag\/Armenia?src=hash&amp;ref_src=twsrc%5Etfw\">#Armenia<\/a> to account for breaches of the International Convention on the Elimination of All Forms of Racial Discrimination. 30 years of human rights abuses against Azerbaijanis during occupation will not be tolerated.<\/p>&mdash; Elnur Mammadov (@ElnurIMammadov) <a href=\"https:\/\/twitter.com\/ElnurIMammadov\/status\/1438572621159882762?ref_src=twsrc%5Etfw\">September 16, 2021<\/a><\/blockquote><script async src=\"https:\/\/platform.twitter.com\/widgets.js\" charset=\"utf-8\"><\/script>\n<\/div><\/figure>\n","protected":false},"excerpt":{"rendered":"<p>Az\u0259rbaycan &#171;\u0130rqi ayr\u0131-se\u00e7kiliyin b\u00fct\u00fcn formalar\u0131n\u0131n l\u0259\u011fv edilm\u0259si haqq\u0131nda Beyn\u0259lxalq Konvensiya&#187;n\u0131n pozulmas\u0131na g\u00f6r\u0259 Erm\u0259nistan\u0131 m\u0259suliyy\u0259t\u0259 c\u0259lb ed\u0259c\u0259k. Bu bar\u0259d\u0259 Az\u0259rbaycan xarici i\u015fl\u0259r nazirinin m\u00fcavini Elnur<\/p>\n","protected":false},"author":2,"featured_media":48491,"comment_status":"closed","ping_status":"closed","sticky":false,"template":"","format":"standard","meta":{"footnotes":""},"categories":[3],"tags":[],"class_list":["post-48490","post","type-post","status-publish","format-standard","has-post-thumbnail","hentry","category-gundm"],"aioseo_notices":[],"_links":{"self":[{"href":"https:\/\/fedai.az\/index.php?rest_route=\/wp\/v2\/posts\/48490","targetHints":{"allow":["GET"]}}],"collection":[{"href":"https:\/\/fedai.az\/index.php?rest_route=\/wp\/v2\/posts"}],"about":[{"href":"https:\/\/fedai.az\/index.php?rest_route=\/wp\/v2\/types\/post"}],"author":[{"embeddable":true,"href":"https:\/\/fedai.az\/index.php?rest_route=\/wp\/v2\/users\/2"}],"replies":[{"embeddable":true,"href":"https:\/\/fedai.az\/index.php?rest_route=%2Fwp%2Fv2%2Fcomments&post=48490"}],"version-history":[{"count":1,"href":"https:\/\/fedai.az\/index.php?rest_route=\/wp\/v2\/posts\/48490\/revisions"}],"predecessor-version":[{"id":48492,"href":"https:\/\/fedai.az\/index.php?rest_route=\/wp\/v2\/posts\/48490\/revisions\/48492"}],"wp:featuredmedia":[{"embeddable":true,"href":"https:\/\/fedai.az\/index.php?rest_route=\/wp\/v2\/media\/48491"}],"wp:attachment":[{"href":"https:\/\/fedai.az\/index.php?rest_route=%2Fwp%2Fv2%2Fmedia&parent=48490"}],"wp:term":[{"taxonomy":"category","embeddable":true,"href":"https:\/\/fedai.az\/index.php?rest_route=%2Fwp%2Fv2%2Fcategories&post=48490"},{"taxonomy":"post_tag","embeddable":true,"href":"https:\/\/fedai.az\/index.php?rest_route=%2Fwp%2Fv2%2Ftags&post=48490"}],"curies":[{"name":"wp","href":"https:\/\/api.w.org\/{rel}","templated":true}]}}