{"id":48493,"date":"2021-09-17T00:44:59","date_gmt":"2021-09-16T20:44:59","guid":{"rendered":"https:\/\/fedai.az\/?p=48493"},"modified":"2021-09-17T00:45:02","modified_gmt":"2021-09-16T20:45:02","slug":"uc-qardas-2021-t%c9%99limi-davam-edir","status":"publish","type":"post","link":"https:\/\/fedai.az\/?p=48493","title":{"rendered":"&#171;\u00dc\u00e7 qarda\u015f &#8212; 2021\u201d t\u0259limi davam edir"},"content":{"rendered":"\n<p><strong>Az\u0259rbaycan, T\u00fcrkiy\u0259 v\u0259 Pakistan\u0131n X\u00fcsusi T\u0259yinatl\u0131 Q\u00fcvv\u0259l\u0259rinin n\u00fcmay\u0259nd\u0259l\u0259rinin i\u015ftirak\u0131 il\u0259 ke\u00e7iril\u0259n &#171;\u00dc\u00e7 qarda\u015f &#8212; 2021\u201d beyn\u0259lxalq t\u0259limi davam edir.<\/strong><\/p>\n\n\n\n<p>Bu bar\u0259d\u0259 M\u00fcdafi\u0259 Nazirliyi m\u0259lumat yay\u0131b.<\/p>\n\n\n\n<p><br>T\u0259limin n\u00f6vb\u0259ti m\u0259rh\u0259l\u0259sind\u0259 m\u0259hdud g\u00f6rm\u0259 \u015f\u0259raitind\u0259 hava yolu il\u0259 d\u00fc\u015fm\u0259n arxas\u0131na ke\u00e7\u0259n x\u00fcsusi t\u0259yinatl\u0131 b\u00f6lm\u0259l\u0259r gec\u0259 v\u0259 g\u00fcnd\u00fcz, m\u00fcxt\u0259lif \u015f\u0259raitl\u0259rd\u0259 d\u00f6y\u00fc\u015f tap\u015f\u0131r\u0131qlar\u0131n\u0131 m\u00fcv\u0259ff\u0259qiyy\u0259tl\u0259 icra edibl\u0259r.<\/p>\n\n\n\n<p><br>Qeyd ed\u0259k ki, &#171;\u00dc\u00e7 qarda\u015f &#8212; 2021\u201d beyn\u0259lxalq t\u0259limi sentyabr\u0131n 20-d\u0259k davam ed\u0259c\u0259k.<\/p>\n\n\n\n<figure class=\"wp-block-embed is-type-video is-provider-youtube wp-block-embed-youtube wp-embed-aspect-16-9 wp-has-aspect-ratio\"><div class=\"wp-block-embed__wrapper\">\n<iframe loading=\"lazy\" title=\"&quot;\u00dc\u00e7 qarda\u015f - 2021\u201d beyn\u0259lxalq t\u0259limi davam edir\" width=\"715\" height=\"402\" src=\"https:\/\/www.youtube.com\/embed\/V1k9TnoPxeA?feature=oembed\" frameborder=\"0\" allow=\"accelerometer; autoplay; clipboard-write; encrypted-media; gyroscope; picture-in-picture\" allowfullscreen><\/iframe>\n<\/div><\/figure>\n","protected":false},"excerpt":{"rendered":"<p>Az\u0259rbaycan, T\u00fcrkiy\u0259 v\u0259 Pakistan\u0131n X\u00fcsusi T\u0259yinatl\u0131 Q\u00fcvv\u0259l\u0259rinin n\u00fcmay\u0259nd\u0259l\u0259rinin i\u015ftirak\u0131 il\u0259 ke\u00e7iril\u0259n &#171;\u00dc\u00e7 qarda\u015f &#8212; 2021\u201d beyn\u0259lxalq t\u0259limi davam edir. Bu bar\u0259d\u0259 M\u00fcdafi\u0259 Nazirliyi m\u0259lumat<\/p>\n","protected":false},"author":2,"featured_media":48140,"comment_status":"closed","ping_status":"closed","sticky":false,"template":"","format":"standard","meta":{"footnotes":""},"categories":[3],"tags":[],"class_list":["post-48493","post","type-post","status-publish","format-standard","has-post-thumbnail","hentry","category-gundm"],"aioseo_notices":[],"_links":{"self":[{"href":"https:\/\/fedai.az\/index.php?rest_route=\/wp\/v2\/posts\/48493","targetHints":{"allow":["GET"]}}],"collection":[{"href":"https:\/\/fedai.az\/index.php?rest_route=\/wp\/v2\/posts"}],"about":[{"href":"https:\/\/fedai.az\/index.php?rest_route=\/wp\/v2\/types\/post"}],"author":[{"embeddable":true,"href":"https:\/\/fedai.az\/index.php?rest_route=\/wp\/v2\/users\/2"}],"replies":[{"embeddable":true,"href":"https:\/\/fedai.az\/index.php?rest_route=%2Fwp%2Fv2%2Fcomments&post=48493"}],"version-history":[{"count":1,"href":"https:\/\/fedai.az\/index.php?rest_route=\/wp\/v2\/posts\/48493\/revisions"}],"predecessor-version":[{"id":48494,"href":"https:\/\/fedai.az\/index.php?rest_route=\/wp\/v2\/posts\/48493\/revisions\/48494"}],"wp:featuredmedia":[{"embeddable":true,"href":"https:\/\/fedai.az\/index.php?rest_route=\/wp\/v2\/media\/48140"}],"wp:attachment":[{"href":"https:\/\/fedai.az\/index.php?rest_route=%2Fwp%2Fv2%2Fmedia&parent=48493"}],"wp:term":[{"taxonomy":"category","embeddable":true,"href":"https:\/\/fedai.az\/index.php?rest_route=%2Fwp%2Fv2%2Fcategories&post=48493"},{"taxonomy":"post_tag","embeddable":true,"href":"https:\/\/fedai.az\/index.php?rest_route=%2Fwp%2Fv2%2Ftags&post=48493"}],"curies":[{"name":"wp","href":"https:\/\/api.w.org\/{rel}","templated":true}]}}