{"id":48495,"date":"2021-09-17T00:51:43","date_gmt":"2021-09-16T20:51:43","guid":{"rendered":"https:\/\/fedai.az\/?p=48495"},"modified":"2021-09-17T00:51:45","modified_gmt":"2021-09-16T20:51:45","slug":"prezident-eldar-m%c9%99mm%c9%99d%c9%99liyevl%c9%99-bagli-s%c9%99r%c9%99ncam-imzaladi","status":"publish","type":"post","link":"https:\/\/fedai.az\/?p=48495","title":{"rendered":"Prezident Eldar M\u0259mm\u0259d\u0259liyevl\u0259 ba\u011fl\u0131 s\u0259r\u0259ncam imzalad\u0131"},"content":{"rendered":"\n<p><strong>Prezident \u0130lham \u018fliyev E.\u018f.M\u0259mm\u0259d\u0259liyevin \u201cAz\u0259rbaycan Respublikas\u0131 Prezidentinin f\u0259xri diplomu\u201d il\u0259 t\u0259ltif edilm\u0259si haqq\u0131nda S\u0259r\u0259ncam imzalay\u0131b.<\/strong><\/p>\n\n\n\n<p> S\u0259r\u0259ncama \u0259sas\u0259n, Az\u0259rbaycan Respublikas\u0131n\u0131n d\u00f6vl\u0259t orqanlar\u0131nda uzunm\u00fcdd\u0259tli s\u0259m\u0259r\u0259li f\u0259aliyy\u0259tin\u0259 g\u00f6r\u0259 Eldar \u018fli o\u011flu M\u0259mm\u0259d\u0259liyev \u201cAz\u0259rbaycan Respublikas\u0131 Prezidentinin f\u0259xri diplomu\u201d il\u0259 t\u0259ltif edilib.<\/p>\n","protected":false},"excerpt":{"rendered":"<p>Prezident \u0130lham \u018fliyev E.\u018f.M\u0259mm\u0259d\u0259liyevin \u201cAz\u0259rbaycan Respublikas\u0131 Prezidentinin f\u0259xri diplomu\u201d il\u0259 t\u0259ltif edilm\u0259si haqq\u0131nda S\u0259r\u0259ncam imzalay\u0131b. S\u0259r\u0259ncama \u0259sas\u0259n, Az\u0259rbaycan Respublikas\u0131n\u0131n d\u00f6vl\u0259t orqanlar\u0131nda uzunm\u00fcdd\u0259tli s\u0259m\u0259r\u0259li f\u0259aliyy\u0259tin\u0259<\/p>\n","protected":false},"author":2,"featured_media":48496,"comment_status":"closed","ping_status":"closed","sticky":false,"template":"","format":"standard","meta":{"footnotes":""},"categories":[3],"tags":[],"class_list":["post-48495","post","type-post","status-publish","format-standard","has-post-thumbnail","hentry","category-gundm"],"aioseo_notices":[],"_links":{"self":[{"href":"https:\/\/fedai.az\/index.php?rest_route=\/wp\/v2\/posts\/48495","targetHints":{"allow":["GET"]}}],"collection":[{"href":"https:\/\/fedai.az\/index.php?rest_route=\/wp\/v2\/posts"}],"about":[{"href":"https:\/\/fedai.az\/index.php?rest_route=\/wp\/v2\/types\/post"}],"author":[{"embeddable":true,"href":"https:\/\/fedai.az\/index.php?rest_route=\/wp\/v2\/users\/2"}],"replies":[{"embeddable":true,"href":"https:\/\/fedai.az\/index.php?rest_route=%2Fwp%2Fv2%2Fcomments&post=48495"}],"version-history":[{"count":1,"href":"https:\/\/fedai.az\/index.php?rest_route=\/wp\/v2\/posts\/48495\/revisions"}],"predecessor-version":[{"id":48497,"href":"https:\/\/fedai.az\/index.php?rest_route=\/wp\/v2\/posts\/48495\/revisions\/48497"}],"wp:featuredmedia":[{"embeddable":true,"href":"https:\/\/fedai.az\/index.php?rest_route=\/wp\/v2\/media\/48496"}],"wp:attachment":[{"href":"https:\/\/fedai.az\/index.php?rest_route=%2Fwp%2Fv2%2Fmedia&parent=48495"}],"wp:term":[{"taxonomy":"category","embeddable":true,"href":"https:\/\/fedai.az\/index.php?rest_route=%2Fwp%2Fv2%2Fcategories&post=48495"},{"taxonomy":"post_tag","embeddable":true,"href":"https:\/\/fedai.az\/index.php?rest_route=%2Fwp%2Fv2%2Ftags&post=48495"}],"curies":[{"name":"wp","href":"https:\/\/api.w.org\/{rel}","templated":true}]}}