{"id":48498,"date":"2021-09-17T01:01:56","date_gmt":"2021-09-16T21:01:56","guid":{"rendered":"https:\/\/fedai.az\/?p=48498"},"modified":"2021-09-17T01:01:59","modified_gmt":"2021-09-16T21:01:59","slug":"zakir-h%c9%99s%c9%99nov-erm%c9%99ni-silahli-d%c9%99st%c9%99l%c9%99rinin-t%c9%99xribatlarinin-qarsisi-alinir","status":"publish","type":"post","link":"https:\/\/fedai.az\/?p=48498","title":{"rendered":"Zakir H\u0259s\u0259nov: &#171;Erm\u0259ni silahl\u0131 d\u0259st\u0259l\u0259rinin t\u0259xribatlar\u0131n\u0131n qar\u015f\u0131s\u0131 al\u0131n\u0131r&#187;"},"content":{"rendered":"\n<p><strong>Az\u0259rbaycan\u0131n m\u00fcdafi\u0259 naziri general-polkovnik Zakir H\u0259s\u0259nov \u00f6lk\u0259mizd\u0259 s\u0259f\u0259rd\u0259 olan Avropa \u0130ttifaq\u0131n\u0131n C\u0259nubi Qafqaz \u00fczr\u0259 x\u00fcsusi n\u00fcmay\u0259nd\u0259si Toivo Klaar\u0131n ba\u015f\u00e7\u0131l\u0131q etdiyi n\u00fcmay\u0259nd\u0259 hey\u0259ti il\u0259 g\u00f6r\u00fc\u015f\u00fcb.<\/strong><\/p>\n\n\n\n<p><br>M\u00fcdafi\u0259 Nazirliyind\u0259n veril\u0259n m\u0259lumata g\u00f6r\u0259, nazir Az\u0259rbaycan Respublikas\u0131n\u0131n Prezidenti, Silahl\u0131 Q\u00fcvv\u0259l\u0259rin Ali Ba\u015f Komandan\u0131 c\u0259nab \u0130lham \u018fliyevin komandanl\u0131\u011f\u0131 alt\u0131nda Az\u0259rbaycan Ordusunun \u015fanl\u0131 q\u0259l\u0259b\u0259si il\u0259 ba\u015fa \u00e7atan V\u0259t\u0259n m\u00fcharib\u0259sind\u0259n sonra azad edil\u0259n \u0259razil\u0259rd\u0259 Ordumuz t\u0259r\u0259find\u0259n g\u00f6r\u00fcl\u0259n i\u015fl\u0259r bar\u0259d\u0259 m\u0259lumat verib.<\/p>\n\n\n\n<p><br>Sonra Erm\u0259nistan-Az\u0259rbaycan d\u00f6vl\u0259t s\u0259rh\u0259dind\u0259 v\u0259 Rusiya s\u00fclhm\u0259raml\u0131lar\u0131n\u0131n m\u00fcv\u0259qq\u0259ti yerl\u0259\u015fdirildiyi Az\u0259rbaycan \u0259razisind\u0259ki v\u0259ziyy\u0259t bar\u0259d\u0259 dan\u0131\u015fan nazir Az\u0259rbaycan Ordusunun \u00fc\u00e7t\u0259r\u0259fli b\u0259yanat\u0131n t\u0259l\u0259bl\u0259rin\u0259 tam \u0259m\u0259l etdiyini bildirib. Rusiya s\u00fclhm\u0259raml\u0131lar\u0131n\u0131n m\u00fcv\u0259qq\u0259ti yerl\u0259\u015fdirildiyi Az\u0259rbaycan \u0259razisind\u0259 qanunsuz erm\u0259ni silahl\u0131 d\u0259st\u0259l\u0259ri t\u0259r\u0259find\u0259n t\u00f6r\u0259dil\u0259n t\u0259xribatlar\u0131n qar\u015f\u0131s\u0131n\u0131n al\u0131nd\u0131\u011f\u0131 v\u0259 bundan sonra da ba\u015f ver\u0259 bil\u0259c\u0259k bu kimi hallara qar\u015f\u0131 m\u00fcvafiq t\u0259dbirl\u0259rin g\u00f6r\u00fcl\u0259c\u0259yi x\u00fcsusi vur\u011fulan\u0131b.<\/p>\n\n\n\n<p>Erm\u0259nistan t\u0259r\u0259finin v\u0259ziyy\u0259ti g\u0259rginl\u0259\u015fdirm\u0259y\u0259 c\u0259hd etm\u0259sinin q\u0259buledilm\u0259z oldu\u011funu qeyd ed\u0259n nazir beyn\u0259lxalq ictimaiyy\u0259t t\u0259r\u0259find\u0259n bu m\u0259s\u0259l\u0259y\u0259 layiqli qiym\u0259t verilm\u0259sinin v\u0259 m\u00fcvafiq add\u0131mlar at\u0131lmas\u0131n\u0131n vacibliyini bildirib.<\/p>\n\n\n\n<p><br>T.Klaar b\u00f6lg\u0259d\u0259 s\u00fclh\u00fcn t\u0259min olunmas\u0131 istiqam\u0259tind\u0259 Avropa \u0130ttifaq\u0131n\u0131n m\u00fcvafiq d\u0259st\u0259yi g\u00f6st\u0259rm\u0259y\u0259 haz\u0131r oldu\u011funu qeyd edib.<br>G\u00f6r\u00fc\u015fd\u0259 h\u0259m\u00e7inin postm\u00fcharib\u0259 \u015f\u0259raiti v\u0259 bir s\u0131ra dig\u0259r m\u0259s\u0259l\u0259l\u0259r m\u00fczakir\u0259 edilib.<\/p>\n","protected":false},"excerpt":{"rendered":"<p>Az\u0259rbaycan\u0131n m\u00fcdafi\u0259 naziri general-polkovnik Zakir H\u0259s\u0259nov \u00f6lk\u0259mizd\u0259 s\u0259f\u0259rd\u0259 olan Avropa \u0130ttifaq\u0131n\u0131n C\u0259nubi Qafqaz \u00fczr\u0259 x\u00fcsusi n\u00fcmay\u0259nd\u0259si Toivo Klaar\u0131n ba\u015f\u00e7\u0131l\u0131q etdiyi n\u00fcmay\u0259nd\u0259 hey\u0259ti il\u0259 g\u00f6r\u00fc\u015f\u00fcb.<\/p>\n","protected":false},"author":2,"featured_media":48499,"comment_status":"closed","ping_status":"closed","sticky":false,"template":"","format":"standard","meta":{"footnotes":""},"categories":[4],"tags":[],"class_list":["post-48498","post","type-post","status-publish","format-standard","has-post-thumbnail","hentry","category-qarabag"],"aioseo_notices":[],"_links":{"self":[{"href":"https:\/\/fedai.az\/index.php?rest_route=\/wp\/v2\/posts\/48498","targetHints":{"allow":["GET"]}}],"collection":[{"href":"https:\/\/fedai.az\/index.php?rest_route=\/wp\/v2\/posts"}],"about":[{"href":"https:\/\/fedai.az\/index.php?rest_route=\/wp\/v2\/types\/post"}],"author":[{"embeddable":true,"href":"https:\/\/fedai.az\/index.php?rest_route=\/wp\/v2\/users\/2"}],"replies":[{"embeddable":true,"href":"https:\/\/fedai.az\/index.php?rest_route=%2Fwp%2Fv2%2Fcomments&post=48498"}],"version-history":[{"count":1,"href":"https:\/\/fedai.az\/index.php?rest_route=\/wp\/v2\/posts\/48498\/revisions"}],"predecessor-version":[{"id":48500,"href":"https:\/\/fedai.az\/index.php?rest_route=\/wp\/v2\/posts\/48498\/revisions\/48500"}],"wp:featuredmedia":[{"embeddable":true,"href":"https:\/\/fedai.az\/index.php?rest_route=\/wp\/v2\/media\/48499"}],"wp:attachment":[{"href":"https:\/\/fedai.az\/index.php?rest_route=%2Fwp%2Fv2%2Fmedia&parent=48498"}],"wp:term":[{"taxonomy":"category","embeddable":true,"href":"https:\/\/fedai.az\/index.php?rest_route=%2Fwp%2Fv2%2Fcategories&post=48498"},{"taxonomy":"post_tag","embeddable":true,"href":"https:\/\/fedai.az\/index.php?rest_route=%2Fwp%2Fv2%2Ftags&post=48498"}],"curies":[{"name":"wp","href":"https:\/\/api.w.org\/{rel}","templated":true}]}}