{"id":48501,"date":"2021-09-17T01:09:57","date_gmt":"2021-09-16T21:09:57","guid":{"rendered":"https:\/\/fedai.az\/?p=48501"},"modified":"2021-09-17T01:10:00","modified_gmt":"2021-09-16T21:10:00","slug":"gorus-qafan-yolunda-saxlanilan-iranli-surucul%c9%99r-%c9%99slind%c9%99-kiml%c9%99rdir","status":"publish","type":"post","link":"https:\/\/fedai.az\/?p=48501","title":{"rendered":"Gorus-Qafan yolunda saxlan\u0131lan iranl\u0131 s\u00fcr\u00fcc\u00fcl\u0259r \u0259slind\u0259 kiml\u0259rdir\u2026"},"content":{"rendered":"\n<p><em><strong>Gorus-Qafan yolunun 21 kilometri Az\u0259rbaycan \u0259razisind\u0259n ke\u00e7ir. Az\u0259rbaycan t\u0259r\u0259fi sentyabr\u0131n 12-d\u0259n h\u0259min \u0259razid\u0259 post quraraq, \u0130randan Erm\u0259nistana ged\u0259n y\u00fck ma\u015f\u0131nlar\u0131n\u0131 yoxlama\u011fa ba\u015flay\u0131b. H\u0259min postun Erm\u0259nistan\u0131n Voratan k\u0259ndi yax\u0131nl\u0131\u011f\u0131nda \u2013 Az\u0259rbaycan\u0131n Qubadl\u0131 rayonunun Eyvazl\u0131 \u0259razisind\u0259 yerl\u0259\u015fdiriyi bildirilir. Bu yoxlamalar \u0130ran\u0131n Qaraba\u011fa qanunsuz y\u00fck da\u015f\u0131mas\u0131na Az\u0259rbaycan\u0131n adekvat cavabd\u0131r.<\/strong><\/em><\/p>\n\n\n\n<p>R\u0259smi Bak\u0131 d\u0259f\u0259l\u0259rl\u0259 m\u0259s\u0259l\u0259ni diplomatik kanallarla Tehran\u0131n diqq\u0259tin\u0259 \u00e7atd\u0131rsa da, qar\u015f\u0131 t\u0259r\u0259fin buna laqeyd yana\u015fmas\u0131 praktiki add\u0131mlar\u0131 aktualla\u015fd\u0131r\u0131b.<ins><\/ins><\/p>\n\n\n\n<blockquote class=\"wp-block-quote is-layout-flow wp-block-quote-is-layout-flow\"><p>Son g\u00fcnl\u0259r Az\u0259rbaycan\u0131n suveren \u0259razisind\u0259n tranzit kimi istifad\u0259 olunan \u0130ran ma\u015f\u0131nlar\u0131ndan tranzit haqq\u0131 al\u0131n\u0131r.<\/p><\/blockquote>\n\n\n\n<p>Erm\u0259nistan m\u0259tbuat\u0131n\u0131n yayd\u0131\u011f\u0131 m\u0259lumata \u0259sas\u0259n, Az\u0259rbaycan\u0131n Gorus-Qafan yolunda t\u0259tbiq etdiyi yoxlamalardan sonra \u0130randan Erm\u0259nistana y\u00fck v\u0259 neft m\u0259hsullar\u0131 da\u015f\u0131yan TIR-lar probleml\u0259 \u00fczl\u0259\u015fib. \u00c7ox sayda a\u011f\u0131r y\u00fck ma\u015f\u0131nlar\u0131n\u0131n Gorus- Qafan yolunda ili\u015fib qald\u0131\u011f\u0131 deyilir.<\/p>\n\n\n\n<p><strong>NOCOMMENT<\/strong>\u00a0x\u0259b\u0259r verir ki, bu yax\u0131nlarda Azadl\u0131q Radiosunun erm\u0259ni redaksiyas\u0131 Gorus-Qafan yolundak\u0131 postda saxlan\u0131lan iranl\u0131 s\u00fcr\u00fccl\u0259rl\u0259 dan\u0131\u015f\u0131b. Onlar bildiribl\u0259r ki, g\u00f6mr\u00fck tarifl\u0259rini \u00f6d\u0259m\u0259kl\u0259 ba\u011fl\u0131 \u00e7\u0259tin v\u0259ziyy\u0259t\u0259 d\u00fc\u015f\u00fcbl\u0259r.<\/p>\n\n\n\n<p>S\u00fcr\u00fcc\u00fcl\u0259rd\u0259n biri deyib ki, onlar Erm\u0259nistan \u0259razisin\u0259 ke\u00e7\u0259rk\u0259n bu \u00f6lk\u0259y\u0259 torpaqbasd\u0131 \u00f6d\u0259yibl\u0259r. Amma Az\u0259rbaycana da bunun \u00f6d\u0259nm\u0259li oldu\u011fundan x\u0259b\u0259rsiz olublar. \u0130randan Erm\u0259nistana yanacaq v\u0259 neft m\u0259hsullar\u0131 da\u015f\u0131yan TIR s\u00fcr\u00fcc\u00fcl\u0259ri Az\u0259rbaycan t\u0259r\u0259finin t\u0259l\u0259b etdiyi g\u00f6mr\u00fck r\u00fcsumuna etiraz edibl\u0259r.<\/p>\n\n\n\n<p>\u0130randan Erm\u0259nistana v\u0259 Az\u0259rbaycan\u0131n Qaraba\u011f b\u00f6lg\u0259sin\u0259 y\u00fck da\u015f\u0131yan s\u00fcr\u00fcc\u00fcl\u0259rin az\u0259rbaycanca dan\u0131\u015fmas\u0131 diqq\u0259t \u00e7\u0259kib. Bu m\u0259s\u0259l\u0259 art\u0131q sosial \u015f\u0259b\u0259k\u0259l\u0259rd\u0259 d\u0259 geni\u015f m\u00fczakir\u0259l\u0259r\u0259 s\u0259b\u0259b olub. B\u0259zil\u0259ri h\u0259min s\u00fcr\u00fcc\u00fcl\u0259rin \u0130randa m\u0259skunla\u015fan az\u0259rbaycanl\u0131lar oldu\u011funu d\u00fc\u015f\u00fcn\u00fcr. Lakin onlar\u0131n \u0130randa ya\u015fayan erm\u0259nil\u0259r olmas\u0131 varinat\u0131 da istisna deyil. H\u0259tta bel\u0259 fikirl\u0259r s\u0259sl\u0259ndirilir ki, az\u0259rbaycanca dan\u0131\u015fan erm\u0259nil\u0259r bununla G\u00fcneyd\u0259ki soyda\u015flar\u0131m\u0131zla Az\u0259rbaycan xalq\u0131 aras\u0131nda nifaq yaratma\u011f\u0131 qar\u015f\u0131lar\u0131na m\u0259qs\u0259d qoyublar. \u018flb\u0259tt\u0259, haz\u0131rki h\u0259ssas d\u00f6n\u0259md\u0259 erm\u0259nil\u0259rd\u0259n bu c\u00fcr t\u0259xribat\u00e7\u0131 add\u0131m\u0131 g\u00f6zl\u0259m\u0259k olar v\u0259 bu versiyan\u0131 ara\u015fd\u0131rmaq daha m\u0259qs\u0259d\u0259uy\u011fundur.<\/p>\n\n\n\n<p>\u0130ran \u00fczr\u0259 ekspert S\u0259dr\u0259ddin Soltan modern.az-a a\u00e7\u0131qlamas\u0131nda bildirib ki, h\u0259min s\u00fcr\u00fcc\u00fcl\u0259r \u0130ran v\u0259t\u0259nda\u015f\u0131d\u0131r v\u0259 s\u00fcr\u00fcc\u00fc kimi \u00e7al\u0131\u015fd\u0131\u011f\u0131 qurumun tap\u015f\u0131rd\u0131\u011f\u0131 v\u0259zif\u0259ni icra edir.<\/p>\n\n\n\n<p><strong>S.Soltan vur\u011fulay\u0131b ki, biz \u0130ran v\u0259t\u0259nda\u015f\u0131 olan G\u00fcney Az\u0259rbaycan sakinl\u0259rind\u0259n bu m\u0259s\u0259l\u0259d\u0259 Az\u0259rbaycan\u0131n \u0259dal\u0259tli m\u00f6vqeyini m\u00fcdafi\u0259 etm\u0259sini ist\u0259yirik:<\/strong>&nbsp;\u201c\u0130st\u0259yimiz odur ki, Az\u0259rbaycan\u0131n \u0259razi b\u00fct\u00f6vl\u00fcy\u00fc m\u0259s\u0259l\u0259sin\u0259 h\u00f6rm\u0259tl\u0259 yana\u015f\u0131ls\u0131n. Az\u0259rbaycan \u0259razisind\u0259n qanunsuz ke\u00e7m\u0259k yolverilm\u0259zdir. Erm\u0259nistan Ba\u015f naziri Nikol Pa\u015finyan da bunu a\u00e7\u0131q \u015f\u0259kild\u0259 etiraf edib. Pa\u015finyan bildirib ki, Gorus-Qafan avtomobil yolundan Erm\u0259nistan\u0131n istifad\u0259 etm\u0259sil\u0259 il\u0259 ba\u011fl\u0131 raz\u0131l\u0131q \u0259ld\u0259 olunub. Amma bu raz\u0131la\u015fmada xarici \u00f6lk\u0259l\u0259rin y\u00fck da\u015f\u0131maq \u00fc\u00e7\u00fcn buradan tranzit kimi istifad\u0259 etm\u0259si n\u0259z\u0259rd\u0259 tutulmay\u0131b. Az\u0259rbaycan da n\u0259z\u0259rd\u0259 tutulmayan bu m\u0259s\u0259l\u0259ni \u0259sas g\u00f6t\u00fcr\u0259r\u0259k, \u0130rana aid avtomobill\u0259rin y\u00fckl\u0259rini v\u0259 s\u00fcr\u00fcc\u00fcl\u0259rin s\u0259n\u0259dl\u0259rini yoxlay\u0131r. \u0130rana m\u0259xsus y\u00fck avtomobill\u0259rinin yoxlan\u0131lmas\u0131nda he\u00e7 bir qanunsuz \u0259m\u0259l yoxdur. Erm\u0259nistan\u0131n t\u0259qdim etdiyi video Az\u0259rbaycan \u00fc\u00e7\u00fcn n\u0259z\u0259rd\u0259 tutuldu\u011fundan daha \u00e7ox Az\u0259rbaycan dilini bil\u0259n s\u00fcr\u00fcc\u00fcl\u0259ri dan\u0131\u015fd\u0131r\u0131blar\u201d.<\/p>\n\n\n\n<blockquote class=\"wp-block-quote is-layout-flow wp-block-quote-is-layout-flow\"><p>Xat\u0131rladaq ki, Erm\u0259nistan m\u0259tbuat\u0131 Gorus-Qafan yolunda \u0130ran y\u00fck ma\u015f\u0131nlar\u0131n\u0131n iki s\u00fcr\u00fcc\u00fcs\u00fcn\u00fcn Az\u0259rbaycan polisi t\u0259r\u0259find\u0259n saxlan\u0131ld\u0131\u011f\u0131 bar\u0259d\u0259 m\u0259lumat yay\u0131b. S\u0259b\u0259b kimi h\u0259min s\u00fcr\u00fcc\u00fcl\u0259rin Xank\u0259ndiy\u0259 y\u00fck da\u015f\u0131mas\u0131n\u0131 t\u0259sdiq ed\u0259n s\u0259n\u0259dl\u0259rinin olmas\u0131 g\u00f6st\u0259rilib.<\/p><\/blockquote>\n\n\n\n<p>Az\u0259rbaycan Daxili \u0130\u015fl\u0259r Nazirliyinin (D\u0130N) m\u0259tbuat xidm\u0259tinin r\u0259isi, polis polkovniki Ehsan Zahidov iranl\u0131 s\u00fcr\u00fcc\u00fcl\u0259rin saxlan\u0131ld\u0131\u011f\u0131 bar\u0259d\u0259 m\u0259lumat\u0131 t\u0259sdiql\u0259yib. D\u0130N r\u0259smisi qeyd edib ki, saxlan\u0131lan s\u00fcr\u00fcc\u00fcl\u0259r qanunsuz yollarla Az\u0259rbaycan \u0259razisin\u0259 daxil olublar.<\/p>\n\n\n\n<figure class=\"wp-block-image size-large is-resized\"><img loading=\"lazy\" decoding=\"async\" src=\"https:\/\/fedai.az\/wp-content\/uploads\/2021\/09\/qafan-gorus-post-1.jpg\" alt=\"\" class=\"wp-image-48296\" width=\"922\" height=\"611\" srcset=\"https:\/\/fedai.az\/wp-content\/uploads\/2021\/09\/qafan-gorus-post-1.jpg 545w, https:\/\/fedai.az\/wp-content\/uploads\/2021\/09\/qafan-gorus-post-1-300x199.jpg 300w, https:\/\/fedai.az\/wp-content\/uploads\/2021\/09\/qafan-gorus-post-1-150x99.jpg 150w\" sizes=\"auto, (max-width: 922px) 100vw, 922px\" \/><\/figure>\n","protected":false},"excerpt":{"rendered":"<p>Gorus-Qafan yolunun 21 kilometri Az\u0259rbaycan \u0259razisind\u0259n ke\u00e7ir. Az\u0259rbaycan t\u0259r\u0259fi sentyabr\u0131n 12-d\u0259n h\u0259min \u0259razid\u0259 post quraraq, \u0130randan Erm\u0259nistana ged\u0259n y\u00fck ma\u015f\u0131nlar\u0131n\u0131 yoxlama\u011fa ba\u015flay\u0131b. H\u0259min postun<\/p>\n","protected":false},"author":2,"featured_media":48502,"comment_status":"closed","ping_status":"closed","sticky":false,"template":"","format":"standard","meta":{"footnotes":""},"categories":[4],"tags":[],"class_list":["post-48501","post","type-post","status-publish","format-standard","has-post-thumbnail","hentry","category-qarabag"],"aioseo_notices":[],"_links":{"self":[{"href":"https:\/\/fedai.az\/index.php?rest_route=\/wp\/v2\/posts\/48501","targetHints":{"allow":["GET"]}}],"collection":[{"href":"https:\/\/fedai.az\/index.php?rest_route=\/wp\/v2\/posts"}],"about":[{"href":"https:\/\/fedai.az\/index.php?rest_route=\/wp\/v2\/types\/post"}],"author":[{"embeddable":true,"href":"https:\/\/fedai.az\/index.php?rest_route=\/wp\/v2\/users\/2"}],"replies":[{"embeddable":true,"href":"https:\/\/fedai.az\/index.php?rest_route=%2Fwp%2Fv2%2Fcomments&post=48501"}],"version-history":[{"count":1,"href":"https:\/\/fedai.az\/index.php?rest_route=\/wp\/v2\/posts\/48501\/revisions"}],"predecessor-version":[{"id":48503,"href":"https:\/\/fedai.az\/index.php?rest_route=\/wp\/v2\/posts\/48501\/revisions\/48503"}],"wp:featuredmedia":[{"embeddable":true,"href":"https:\/\/fedai.az\/index.php?rest_route=\/wp\/v2\/media\/48502"}],"wp:attachment":[{"href":"https:\/\/fedai.az\/index.php?rest_route=%2Fwp%2Fv2%2Fmedia&parent=48501"}],"wp:term":[{"taxonomy":"category","embeddable":true,"href":"https:\/\/fedai.az\/index.php?rest_route=%2Fwp%2Fv2%2Fcategories&post=48501"},{"taxonomy":"post_tag","embeddable":true,"href":"https:\/\/fedai.az\/index.php?rest_route=%2Fwp%2Fv2%2Ftags&post=48501"}],"curies":[{"name":"wp","href":"https:\/\/api.w.org\/{rel}","templated":true}]}}