{"id":48517,"date":"2021-09-17T01:58:04","date_gmt":"2021-09-16T21:58:04","guid":{"rendered":"https:\/\/fedai.az\/?p=48517"},"modified":"2021-09-17T01:58:09","modified_gmt":"2021-09-16T21:58:09","slug":"fransaya-milyardlarla-z%c9%99rb%c9%99-kur%c9%99yimizd%c9%99n-vurulduq","status":"publish","type":"post","link":"https:\/\/fedai.az\/?p=48517","title":{"rendered":"Fransaya milyardlarla z\u0259rb\u0259: \u201cK\u00fcr\u0259yimizd\u0259n vurulduq\u201d"},"content":{"rendered":"\n<p><strong>Avstraliyan\u0131n Fransadan 90 mlrd dollarl\u0131q 12 sualt\u0131 qay\u0131\u011f\u0131n al\u0131nmas\u0131 il\u0259 ba\u011fl\u0131 ba\u011flad\u0131\u011f\u0131 m\u00fcqavil\u0259d\u0259n imtina etm\u0259si Fransa h\u00f6kum\u0259tinin q\u0259z\u0259bin\u0259 tu\u015f g\u0259lib.<\/strong><\/p>\n\n\n\n<p>Fransa Xarici i\u015fl\u0259r naziri Le Drian Avstraliyan\u0131n Fransa m\u00fcdafi\u0259 s\u0259nayesi \u00fc\u00e7\u00fcn&nbsp; \u201c\u0259srin m\u00fcqavil\u0259si\u201d olaraq da q\u0259bul edil\u0259n 12 n\u00fcv\u0259 enerjili sualt\u0131 g\u0259misi almaq \u00fc\u00e7\u00fcn 2016-c\u0131 ild\u0259 imzalanan&nbsp; 90 milyard dollarl\u0131q m\u00fcqavil\u0259ni l\u0259\u011fv etm\u0259sini arxadan vurulan z\u0259rb\u0259 kimi d\u0259y\u0259rl\u0259ndirib.<\/p>\n\n\n\n<p>Fransa X\u0130N ba\u015f\u00e7\u0131s\u0131 Jan-\u0130v Le Drian \u201cFransa.info\u201dya m\u00fcsahib\u0259sind\u0259\u00a0 Avstraliyan\u0131n Ba\u015f naziri Skot Morisonun Frans\u0131z H\u0259rbi D\u0259niz Q\u00fcvv\u0259l\u0259ri \u015firk\u0259tind\u0259n 12 sualt\u0131 g\u0259mi sat\u0131n almas\u0131n\u0131 l\u0259\u011fv etdikl\u0259rini, AB\u015e v\u0259 \u0130ngilt\u0259r\u0259 il\u0259 n\u00fcv\u0259 enerjisi il\u0259 i\u015fl\u0259y\u0259n sualt\u0131 qay\u0131qlar\u0131n in\u015fas\u0131na raz\u0131l\u0131q verdikl\u0259rini bildirm\u0259sin\u0259 k\u0259skin reaksiya verib.<\/p>\n\n\n\n<p>\u201cBiz h\u0259qiq\u0259t\u0259n d\u0259 arxadan vurulduq. Avstraliya il\u0259 etibarl\u0131l\u0131q \u0259laq\u0259si qurmu\u015fduq v\u0259 bu etimada x\u0259yan\u0259t edildi\u201d- fransal\u0131 nazir qeyd edib.<\/p>\n\n\n\n<p>Bu m\u0259s\u0259l\u0259d\u0259 AB\u015e prezidenti Co Baydenin idar\u0259\u00e7iliyini d\u0259 t\u0259nqid ed\u0259n Le Drian deyib ki, bu \u201cbirt\u0259r\u0259fli, kobud v\u0259 g\u00f6zl\u0259nilm\u0259z\u201d q\u0259rar AB\u015e-\u0131n ke\u00e7mi\u015f prezidenti Donald Tramp\u0131n davran\u0131\u015f\u0131n\u0131 xat\u0131rlad\u0131r.&nbsp;<\/p>\n\n\n\n<p>AB\u015e, \u0130ngilt\u0259r\u0259 v\u0259 Avstraliyan\u0131n liderl\u0259ri AUKUS ad\u0131 alt\u0131nda yeni bir t\u0259hl\u00fck\u0259sizlik \u0259m\u0259kda\u015fl\u0131\u011f\u0131 quruldu\u011funu v\u0259 bu \u00e7\u0259r\u00e7iv\u0259d\u0259 AB\u015e v\u0259 \u0130ngilt\u0259r\u0259nin n\u00fcv\u0259 enerjisi il\u0259 i\u015fl\u0259y\u0259n sualt\u0131 texnologiyas\u0131n\u0131 Avstraliya il\u0259 b\u00f6l\u00fc\u015f\u0259c\u0259yini a\u00e7\u0131qlay\u0131blar.<\/p>\n\n\n\n<p>M\u0259nb\u0259: \u00d6lk\u0259.Az<\/p>\n","protected":false},"excerpt":{"rendered":"<p>Avstraliyan\u0131n Fransadan 90 mlrd dollarl\u0131q 12 sualt\u0131 qay\u0131\u011f\u0131n al\u0131nmas\u0131 il\u0259 ba\u011fl\u0131 ba\u011flad\u0131\u011f\u0131 m\u00fcqavil\u0259d\u0259n imtina etm\u0259si Fransa h\u00f6kum\u0259tinin q\u0259z\u0259bin\u0259 tu\u015f g\u0259lib. Fransa Xarici i\u015fl\u0259r naziri<\/p>\n","protected":false},"author":2,"featured_media":48518,"comment_status":"closed","ping_status":"closed","sticky":false,"template":"","format":"standard","meta":{"footnotes":""},"categories":[13],"tags":[],"class_list":["post-48517","post","type-post","status-publish","format-standard","has-post-thumbnail","hentry","category-xarici"],"aioseo_notices":[],"_links":{"self":[{"href":"https:\/\/fedai.az\/index.php?rest_route=\/wp\/v2\/posts\/48517","targetHints":{"allow":["GET"]}}],"collection":[{"href":"https:\/\/fedai.az\/index.php?rest_route=\/wp\/v2\/posts"}],"about":[{"href":"https:\/\/fedai.az\/index.php?rest_route=\/wp\/v2\/types\/post"}],"author":[{"embeddable":true,"href":"https:\/\/fedai.az\/index.php?rest_route=\/wp\/v2\/users\/2"}],"replies":[{"embeddable":true,"href":"https:\/\/fedai.az\/index.php?rest_route=%2Fwp%2Fv2%2Fcomments&post=48517"}],"version-history":[{"count":1,"href":"https:\/\/fedai.az\/index.php?rest_route=\/wp\/v2\/posts\/48517\/revisions"}],"predecessor-version":[{"id":48519,"href":"https:\/\/fedai.az\/index.php?rest_route=\/wp\/v2\/posts\/48517\/revisions\/48519"}],"wp:featuredmedia":[{"embeddable":true,"href":"https:\/\/fedai.az\/index.php?rest_route=\/wp\/v2\/media\/48518"}],"wp:attachment":[{"href":"https:\/\/fedai.az\/index.php?rest_route=%2Fwp%2Fv2%2Fmedia&parent=48517"}],"wp:term":[{"taxonomy":"category","embeddable":true,"href":"https:\/\/fedai.az\/index.php?rest_route=%2Fwp%2Fv2%2Fcategories&post=48517"},{"taxonomy":"post_tag","embeddable":true,"href":"https:\/\/fedai.az\/index.php?rest_route=%2Fwp%2Fv2%2Ftags&post=48517"}],"curies":[{"name":"wp","href":"https:\/\/api.w.org\/{rel}","templated":true}]}}