{"id":48561,"date":"2021-09-17T11:59:51","date_gmt":"2021-09-17T07:59:51","guid":{"rendered":"https:\/\/fedai.az\/?p=48561"},"modified":"2021-09-17T16:58:22","modified_gmt":"2021-09-17T12:58:22","slug":"aslan-ismayilov-fuad-muradovdan-yazdi-g%c9%99lim-uzr-ist%c9%99yim-kecin-dem%c9%99kl%c9%99-c%c9%99zadan-yaxa-qurtara-bilm%c9%99y%c9%99c%c9%99k","status":"publish","type":"post","link":"https:\/\/fedai.az\/?p=48561","title":{"rendered":"Aslan \u0130smay\u0131lov Fuad Muradovdan yazd\u0131: &#171;G\u0259lim \u00fczr ist\u0259yim, ke\u00e7in&#187; dem\u0259kl\u0259 c\u0259zadan yaxa qurtara bilm\u0259y\u0259c\u0259k"},"content":{"rendered":"\n<p><strong>\u201cAz \u0259vv\u0259l tan\u0131\u015f oldu\u011fum, Fuad Muradov adl\u0131 birisinin ictimaiyy\u0259t\u0259 \u00fcnvanlad\u0131\u011f\u0131 m\u00fcraci\u0259t il\u0259 ba\u011fl\u0131 fikrimi Sizinl\u0259 b\u00f6l\u00fc\u015f\u00fcr\u0259m. \u018fvv\u0259lc\u0259d\u0259n bildirim ki, he\u00e7 kiml\u0259 \u015f\u0259xsi m\u00fcnaqi\u015f\u0259, m\u00fcnasib\u0259t z\u0259minind\u0259 dava aparmam\u0131\u015fam v\u0259 aparmayacam. M\u0259nim davam h\u0259mi\u015f\u0259 prinsipl\u0259rim\u0259 g\u00f6r\u0259 olub. Ad\u0131\u00e7\u0259kil\u0259n \u015f\u0259xsl\u0259 ba\u011fl\u0131 da Az\u0259rbaycan Respublikas\u0131n\u0131n Daxili \u0130\u015fl\u0259r Nazirliyin\u0259 m\u00fcraci\u0259tim \u015f\u0259xsi z\u0259mind\u0259 olmay\u0131b. M\u0259n\u0259 art\u0131q 2 ildir ki, h\u0259min \u015f\u0259xsin \u00e7oxlu sayda insanlar\u0131 \u0259n \u0259xlaqs\u0131z formada t\u0259hqir etm\u0259si il\u0259 ba\u011fl\u0131 d\u0259f\u0259l\u0259rl\u0259 m\u00fcraci\u0259tl\u0259r olub v\u0259 ona g\u00f6r\u0259 h\u0259min problemi ictimail\u0259\u015fdirmi\u015f\u0259m. M\u0259qs\u0259dim d\u0259 son vaxtlar sosial \u015f\u0259b\u0259k\u0259ni s\u00f6y\u00fc\u015f meydan\u0131na \u00e7evir\u0259nl\u0259rin c\u0259zaland\u0131r\u0131lmas\u0131 olub, \u00e7\u00fcnki bunu \u00e7ox ziyanl\u0131 v\u0259 qar\u015f\u0131s\u0131 al\u0131nmal\u0131 olan ciddi problem kimi g\u00f6r\u00fcr\u0259m. M\u00fcraci\u0259td\u0259 qeyd edilir ki, guya aram\u0131zda hans\u0131sa fikir ayr\u0131l\u0131\u011f\u0131 olub v\u0259 h\u0259ll olunub. M\u0259nim bu tipl\u0259rl\u0259 he\u00e7 vaxt g\u00f6r\u00fc\u015f\u00fcm, m\u00fcbahis\u0259m, n\u0259 d\u0259 fikir ayr\u0131l\u0131\u011f\u0131m ola bilm\u0259z, \u00e7\u00fcnki bu tipl\u0259rin arsenal\u0131nda \u0259xlaqs\u0131z ifad\u0259l\u0259rind\u0259n, riyakarl\u0131qdan ba\u015fqa he\u00e7 n\u0259 olmay\u0131b\u201d.<\/strong><br>&nbsp;<br>Pravda.az-\u0131n x\u0259b\u0259rin\u0259 g\u00f6r\u0259, bunu h\u00fcquq\u015f\u00fcnas Aslan \u0130smay\u0131lov bildirib.<br>&nbsp;<br>\u201cBir daha ham\u0131n\u0131za bildirir\u0259m ki, F.Muradov adl\u0131 biri il\u0259 he\u00e7 vaxt g\u00f6r\u00fc\u015fm\u0259mi\u015f\u0259m v\u0259 g\u00f6r\u00fc\u015fm\u0259k fikrim d\u0259 yoxdur. D\u0130N-\u0259 \u00fcnvanlad\u0131\u011f\u0131m \u0259riz\u0259md\u0259 g\u00f6st\u0259rdikl\u0259rimd\u0259 israrl\u0131yam v\u0259 ara\u015fd\u0131r\u0131lmas\u0131n\u0131 xahi\u015f edir\u0259m. Do\u011frudur, onun m\u0259nd\u0259n \u00fczr ist\u0259m\u0259y\u0259 haz\u0131r oldu\u011fu bildirils\u0259 d\u0259 problemin m\u0259nim \u015f\u0259xsiml\u0259 ba\u011fl\u0131 olmad\u0131\u011f\u0131n\u0131, ictimai maraqdan ir\u0259li g\u0259ldiyini bildirib t\u0259klifi q\u0259tiyy\u0259tl\u0259 r\u0259dd etmi\u015f\u0259m. Hesab edir\u0259m ki, sosial \u015f\u0259b\u0259k\u0259d\u0259, ictimai h\u0259yatda t\u0259hqirl\u0259r\u0259, \u0259xlaqs\u0131z ifad\u0259l\u0259r\u0259 yer olmamal\u0131 v\u0259 buna yol ver\u0259nl\u0259r c\u0259zaland\u0131r\u0131lmal\u0131d\u0131r. Bilm\u0259liyik ki, kims\u0259 tan\u0131mad\u0131\u011f\u0131 bir \u015f\u0259xsi k\u00fc\u00e7\u0259 ifad\u0259l\u0259ri il\u0259 s\u00f6y\u00fcb sonra hans\u0131sa v\u0259zif\u0259linin m\u00fcdafi\u0259sin\u0259 s\u0131\u011f\u0131naraq, &#171;g\u0259lim \u00fczr ist\u0259yim, ke\u00e7in&#187; dem\u0259kl\u0259 c\u0259zadan yaxa qurtara bilm\u0259y\u0259c\u0259k\u201d \u2013 A.\u0130smay\u0131lov qeyd edib.<\/p>\n\n\n\n<p><strong>P.S. Bu ata-bala f\u0259rari v\u0259 v\u0259t\u0259n\u015f\u00fcv\u0259nl\u0259rin \u0259m\u0259ll\u0259ri son n\u00f6qt\u0259sin\u0259d\u0259k ortaya qoyulacaq. \u0130ctimai Birlik r\u0259hb\u0259rl\u0259ri ondan 5-ci kolonun n\u00f6k\u0259rl\u0259rinin &#171;qarmaq soxulcan\u0131&#187; kimi istifad\u0259 etm\u0259si fakt\u0131n\u0131 yax\u0131n g\u00fcnl\u0259rd\u0259 \u00fcz\u0259 \u00e7\u0131xaracaq, sosial \u015f\u0259b\u0259k\u0259d\u0259 \u0259xlaqs\u0131zl\u0131q etm\u0259si v\u0259 ba\u015f\u0131na y\u0131\u011f\u0131lm\u0131\u015f \u00e7aqqal-\u00e7uqqallar\u0131n c\u0259zaland\u0131r\u0131lmas\u0131 \u00fc\u00e7\u00fcn h\u00fcquqi m\u00fcst\u0259vid\u0259 ciddi add\u0131mlar atma\u011f\u0131 planla\u015fd\u0131r\u0131blar. \u00d6lk\u0259miz bu c\u00fcr \u00e7aqqal s\u00fcr\u00fcs\u00fcnd\u0259n, n\u00f6k\u0259rin n\u00f6k\u0259ri olan soysuzlardan t\u0259mizl\u0259nm\u0259lidir&#8230;<\/strong><br><\/p>\n\n\n\n<figure class=\"wp-block-image size-large is-resized\"><img loading=\"lazy\" decoding=\"async\" src=\"https:\/\/fedai.az\/wp-content\/uploads\/2021\/09\/ASLAN55.jpg\" alt=\"\" class=\"wp-image-48562\" width=\"832\" height=\"972\" srcset=\"https:\/\/fedai.az\/wp-content\/uploads\/2021\/09\/ASLAN55.jpg 471w, https:\/\/fedai.az\/wp-content\/uploads\/2021\/09\/ASLAN55-257x300.jpg 257w, https:\/\/fedai.az\/wp-content\/uploads\/2021\/09\/ASLAN55-128x150.jpg 128w\" sizes=\"auto, (max-width: 832px) 100vw, 832px\" \/><\/figure>\n\n\n\n<p><\/p>\n","protected":false},"excerpt":{"rendered":"<p>\u201cAz \u0259vv\u0259l tan\u0131\u015f oldu\u011fum, Fuad Muradov adl\u0131 birisinin ictimaiyy\u0259t\u0259 \u00fcnvanlad\u0131\u011f\u0131 m\u00fcraci\u0259t il\u0259 ba\u011fl\u0131 fikrimi Sizinl\u0259 b\u00f6l\u00fc\u015f\u00fcr\u0259m. \u018fvv\u0259lc\u0259d\u0259n bildirim ki, he\u00e7 kiml\u0259 \u015f\u0259xsi m\u00fcnaqi\u015f\u0259, m\u00fcnasib\u0259t<\/p>\n","protected":false},"author":2,"featured_media":0,"comment_status":"closed","ping_status":"closed","sticky":false,"template":"","format":"standard","meta":{"footnotes":""},"categories":[15],"tags":[],"class_list":["post-48561","post","type-post","status-publish","format-standard","hentry","category-atmaca"],"aioseo_notices":[],"_links":{"self":[{"href":"https:\/\/fedai.az\/index.php?rest_route=\/wp\/v2\/posts\/48561","targetHints":{"allow":["GET"]}}],"collection":[{"href":"https:\/\/fedai.az\/index.php?rest_route=\/wp\/v2\/posts"}],"about":[{"href":"https:\/\/fedai.az\/index.php?rest_route=\/wp\/v2\/types\/post"}],"author":[{"embeddable":true,"href":"https:\/\/fedai.az\/index.php?rest_route=\/wp\/v2\/users\/2"}],"replies":[{"embeddable":true,"href":"https:\/\/fedai.az\/index.php?rest_route=%2Fwp%2Fv2%2Fcomments&post=48561"}],"version-history":[{"count":3,"href":"https:\/\/fedai.az\/index.php?rest_route=\/wp\/v2\/posts\/48561\/revisions"}],"predecessor-version":[{"id":48570,"href":"https:\/\/fedai.az\/index.php?rest_route=\/wp\/v2\/posts\/48561\/revisions\/48570"}],"wp:attachment":[{"href":"https:\/\/fedai.az\/index.php?rest_route=%2Fwp%2Fv2%2Fmedia&parent=48561"}],"wp:term":[{"taxonomy":"category","embeddable":true,"href":"https:\/\/fedai.az\/index.php?rest_route=%2Fwp%2Fv2%2Fcategories&post=48561"},{"taxonomy":"post_tag","embeddable":true,"href":"https:\/\/fedai.az\/index.php?rest_route=%2Fwp%2Fv2%2Ftags&post=48561"}],"curies":[{"name":"wp","href":"https:\/\/api.w.org\/{rel}","templated":true}]}}