{"id":48565,"date":"2021-09-17T12:21:37","date_gmt":"2021-09-17T08:21:37","guid":{"rendered":"https:\/\/fedai.az\/?p=48565"},"modified":"2021-09-17T12:21:42","modified_gmt":"2021-09-17T08:21:42","slug":"pasinyan-v%c9%99-r%c9%99isi-arasinda-gorus","status":"publish","type":"post","link":"https:\/\/fedai.az\/?p=48565","title":{"rendered":"Pa\u015finyan v\u0259 R\u0259isi aras\u0131nda g\u00f6r\u00fc\u015f"},"content":{"rendered":"\n<p><strong>Tacikistanda s\u0259f\u0259rd\u0259 olan Erm\u0259nistan\u0131n Ba\u015f naziri Nikol Pa\u015finyan \u0130ran Prezidenti \u0130brahim R\u0259isi il\u0259 g\u00f6r\u00fc\u015f\u00fcb.<\/strong><\/p>\n\n\n\n<p>Bu<a target=\"_blank\" href=\"http:\/\/teleqraf.com\/\" rel=\"noreferrer noopener\"> <\/a>g\u00f6r\u00fc\u015f D\u00fc\u015f\u0259nb\u0259d\u0259 ba\u015f tutub.<\/p>\n\n\n\n<p>Nikol Pa\u015finyan Tacikistan Prezidenti \u0130momali R\u0259hmonla da m\u00fczakir\u0259l\u0259r apar\u0131b.<\/p>\n\n\n\n<p>Qeyd ed\u0259k ki, erm\u0259ni h\u00f6kum\u0259t ba\u015f\u00e7\u0131s\u0131 Tacikistanda Kollektiv T\u0259hl\u00fck\u0259sizlik M\u00fcqavil\u0259si T\u0259\u015fkilat\u0131n\u0131n toplant\u0131s\u0131nda v\u0259 \u015eanxay \u018fm\u0259kda\u015fl\u0131q T\u0259\u015fkilat\u0131n\u0131n iclas\u0131nda i\u015ftirak m\u0259qs\u0259dil\u0259 D\u00fc\u015f\u0259nb\u0259y\u0259 gedib.<\/p>\n","protected":false},"excerpt":{"rendered":"<p>Tacikistanda s\u0259f\u0259rd\u0259 olan Erm\u0259nistan\u0131n Ba\u015f naziri Nikol Pa\u015finyan \u0130ran Prezidenti \u0130brahim R\u0259isi il\u0259 g\u00f6r\u00fc\u015f\u00fcb. Bu g\u00f6r\u00fc\u015f D\u00fc\u015f\u0259nb\u0259d\u0259 ba\u015f tutub. Nikol Pa\u015finyan Tacikistan Prezidenti \u0130momali<\/p>\n","protected":false},"author":2,"featured_media":0,"comment_status":"closed","ping_status":"closed","sticky":false,"template":"","format":"standard","meta":{"footnotes":""},"categories":[13],"tags":[],"class_list":["post-48565","post","type-post","status-publish","format-standard","hentry","category-xarici"],"aioseo_notices":[],"_links":{"self":[{"href":"https:\/\/fedai.az\/index.php?rest_route=\/wp\/v2\/posts\/48565","targetHints":{"allow":["GET"]}}],"collection":[{"href":"https:\/\/fedai.az\/index.php?rest_route=\/wp\/v2\/posts"}],"about":[{"href":"https:\/\/fedai.az\/index.php?rest_route=\/wp\/v2\/types\/post"}],"author":[{"embeddable":true,"href":"https:\/\/fedai.az\/index.php?rest_route=\/wp\/v2\/users\/2"}],"replies":[{"embeddable":true,"href":"https:\/\/fedai.az\/index.php?rest_route=%2Fwp%2Fv2%2Fcomments&post=48565"}],"version-history":[{"count":1,"href":"https:\/\/fedai.az\/index.php?rest_route=\/wp\/v2\/posts\/48565\/revisions"}],"predecessor-version":[{"id":48567,"href":"https:\/\/fedai.az\/index.php?rest_route=\/wp\/v2\/posts\/48565\/revisions\/48567"}],"wp:attachment":[{"href":"https:\/\/fedai.az\/index.php?rest_route=%2Fwp%2Fv2%2Fmedia&parent=48565"}],"wp:term":[{"taxonomy":"category","embeddable":true,"href":"https:\/\/fedai.az\/index.php?rest_route=%2Fwp%2Fv2%2Fcategories&post=48565"},{"taxonomy":"post_tag","embeddable":true,"href":"https:\/\/fedai.az\/index.php?rest_route=%2Fwp%2Fv2%2Ftags&post=48565"}],"curies":[{"name":"wp","href":"https:\/\/api.w.org\/{rel}","templated":true}]}}