{"id":48573,"date":"2021-09-18T00:16:09","date_gmt":"2021-09-17T20:16:09","guid":{"rendered":"https:\/\/fedai.az\/?p=48573"},"modified":"2021-09-18T00:16:20","modified_gmt":"2021-09-17T20:16:20","slug":"vuqar-s%c9%99f%c9%99rli-ramiz-mehdiyev-dedi-ki-isl%c9%99r%c9%99-%c9%99li-h%c9%99s%c9%99nov-n%c9%99zar%c9%99t-ed%c9%99c%c9%99k","status":"publish","type":"post","link":"https:\/\/fedai.az\/?p=48573","title":{"rendered":"V\u00fcqar S\u0259f\u0259rli: &#171;Ramiz Mehdiyev dedi ki, i\u015fl\u0259r\u0259 \u018fli H\u0259s\u0259nov n\u0259zar\u0259t ed\u0259c\u0259k&#187;"},"content":{"rendered":"\n<p><strong>Bu g\u00fcn Bak\u0131 A\u011f\u0131r Cinay\u0259tl\u0259r M\u0259hk\u0259m\u0259sind\u0259 l\u0259\u011fv edilmi\u015f K\u00fctl\u0259vi \u0130nformasiya Vasit\u0259l\u0259rinin \u0130nki\u015faf\u0131na D\u00f6vl\u0259t D\u0259st\u0259yi Fondunun (K\u0130VDF) sabiq icra\u00e7\u0131 direktoru V\u00fcqar S\u0259f\u0259rlinin cinay\u0259t i\u015fi \u00fczr\u0259 m\u0259hk\u0259m\u0259 iclas\u0131 davam etdirilib.<\/strong><\/p>\n\n\n\n<p><br>&#171;Report&#187;un x\u0259b\u0259rin\u0259 g\u00f6r\u0259, hakim Az\u0259r Pa\u015fayevin s\u0259drliyi il\u0259 ke\u00e7iril\u0259n prosesd\u0259 t\u0259qsirl\u0259ndiril\u0259n \u015f\u0259xs ifad\u0259 verib.<\/p>\n\n\n\n<p>O deyib ki, 2009-cu K\u0130VDF-y\u0259 r\u0259hb\u0259r t\u0259yin olunub: &#171;H\u0259min vaxt Prezident Administrasiyas\u0131n\u0131n r\u0259hb\u0259ri Ramiz Mehdiyev m\u0259ni \u00e7a\u011f\u0131r\u0131b bildirdi ki, s\u0259n\u0259 y\u00fcks\u0259k etimad g\u00f6st\u0259rilib, icra\u00e7\u0131 direktor s\u0259n t\u0259yin olunursan, n\u0259zar\u0259ti is\u0259 \u018fli H\u0259s\u0259nov ed\u0259c\u0259k. Sonra biz\u0259 dedil\u0259r ki, \u00f6z\u00fcm\u00fcz\u0259 ofis tapaq. 8-ci kilometr \u0259razisind\u0259 ofis tapd\u0131q. Amma zirz\u0259mi oldu\u011fu \u00fc\u00e7\u00fcn orda bizim f\u0259aliyy\u0259t g\u00f6st\u0259rm\u0259yimiz m\u00fcmk\u00fcn olmad\u0131. Bu bar\u0259d\u0259 Ramiz Mehdiyev\u0259 m\u0259lumat verdim. Biz\u0259 ba\u015fqa yer tapmaq t\u0259klif olundu. M\u00fc\u0259yy\u0259n m\u00fcdd\u0259t \u0259rzind\u0259 ba\u015fqa yerd\u0259 f\u0259aliyy\u0259t g\u00f6st\u0259r\u0259nd\u0259 sonra Beyn\u0259lxalq M\u0259tbuat M\u0259rk\u0259zind\u0259 yer t\u0259klif olundu. H\u0259min vaxt orda yerin kvadrat metri 20-22 manat idi. Biz\u0259 is\u0259 kvadrat metri 18 manatdan icar\u0259y\u0259 verdil\u0259r v\u0259 f\u0259aliyy\u0259timizi Beyn\u0259lxalq M\u0259tbuat M\u0259rk\u0259zind\u0259 davam etdirdik&#187;.<\/p>\n\n\n\n<p><br>V.S\u0259f\u0259rlinin s\u00f6zl\u0259rin\u0259 g\u00f6r\u0259, K\u0130VDF-y\u0259 v\u0259saiti Nazirl\u0259r Kabineti ay\u0131r\u0131rd\u0131: &#171;V\u0259sait ayr\u0131landan sonra biz x\u0259rcl\u0259r smetas\u0131n\u0131 haz\u0131rlay\u0131b Maliyy\u0259 Nazirliyin\u0259 g\u00f6nd\u0259r\u0259rirdik. Daha sonra v\u0259sait biz\u0259 verilirdi. \u0130car\u0259 haqq\u0131 il\u0259 ba\u011fl\u0131 t\u0259kc\u0259 119 min 77 manat vergi vermi\u015fik. Amma yoxlama zaman\u0131 he\u00e7 bu r\u0259q\u0259mi d\u0259 \u00e7\u0131xmay\u0131blar. Yoxlama zaman\u0131 m\u0259nim i\u015ftirak\u0131m t\u0259min olunmay\u0131b. M\u0259n ancaq icra\u00e7\u0131 direktor olmu\u015fam, maliyy\u0259 m\u0259s\u0259l\u0259l\u0259rin\u0259 n\u0259zar\u0259t, q\u0259rar verm\u0259 M\u00fc\u015fahid\u0259 \u015euras\u0131n\u0131n s\u0259lahiyy\u0259tind\u0259 idi. Bizim Beyn\u0259lxalq M\u0259tbuat M\u0259rk\u0259zinin yerl\u0259\u015fdiyi binada icar\u0259y\u0259 ofis g\u00f6t\u00fcrm\u0259yimizin s\u0259b\u0259bi oran\u0131n \u015f\u0259raiti il\u0259 ba\u011fl\u0131 idi. H\u0259min binan\u0131n \u018fli H\u0259s\u0259novun ail\u0259sin\u0259 m\u0259xsus olmas\u0131n\u0131n m\u0259s\u0259l\u0259y\u0259 aidiyy\u0259ti yox idi. Ora \u018fli H\u0259s\u0259novun m\u00fclki idi dey\u0259, icar\u0259 pulu veril\u0259m\u0259liydik?&#187;<\/p>\n\n\n\n<p><br>N\u00f6vb\u0259ti m\u0259hk\u0259m\u0259 iclas\u0131 sentyabr\u0131n 21-n\u0259 t\u0259yin edilib.<\/p>\n\n\n\n<p><br>Qeyd ed\u0259k ki, cinay\u0259t i\u015fi \u00fczr\u0259 V\u00fcqar S\u0259f\u0259rli bar\u0259sind\u0259 m\u0259hk\u0259m\u0259nin q\u0259rar\u0131 il\u0259 h\u0259bs, dig\u0259r \u015f\u0259xsl\u0259r bar\u0259sind\u0259 is\u0259 polisin n\u0259zar\u0259ti alt\u0131na verm\u0259 q\u0259timkan t\u0259dbiri se\u00e7ilib.<\/p>\n\n\n\n<p><br>\u0130btidai istintaq zaman\u0131 cinay\u0259tin t\u00f6r\u0259dilm\u0259si n\u0259tic\u0259sind\u0259 vurulmu\u015f maddi ziyan\u0131n bir hiss\u0259sinin \u00f6d\u0259nilm\u0259si t\u0259min edilmi\u015f, habel\u0259 t\u0259qsirl\u0259ndiril\u0259n \u015f\u0259xsl\u0259r\u0259 m\u0259xsus olan da\u015f\u0131nar v\u0259 da\u015f\u0131nmaz \u0259mlak v\u0259 bank \u0259man\u0259tl\u0259rinin \u00fcz\u0259rin\u0259 h\u0259bs qoyulub.<\/p>\n\n\n\n<p><br>Cinay\u0259t i\u015fi \u00fczr\u0259 Median\u0131n \u0130nki\u015faf\u0131 Agentliyi (MEDIA) z\u0259r\u0259r\u00e7\u0259kmi\u015f qismind\u0259 tan\u0131n\u0131b.<\/p>\n\n\n\n<p>Xat\u0131rladaq ki, Prezident \u0130lham \u018fliyevin 2020-ci il aprelin 4-d\u0259 imzalad\u0131\u011f\u0131 s\u0259r\u0259ncamla V\u00fcqar S\u0259f\u0259rli K\u0130VDF-nin \u0130cra\u00e7\u0131 direktoru v\u0259zif\u0259sind\u0259n azad edilib.<\/p>\n\n\n\n<p><br>O, 2021-ci il yanvar\u0131n 14-d\u0259 h\u0259bs olunub v\u0259 bar\u0259sind\u0259 cinay\u0259t i\u015fi a\u00e7\u0131l\u0131b.<\/p>\n","protected":false},"excerpt":{"rendered":"<p>Bu g\u00fcn Bak\u0131 A\u011f\u0131r Cinay\u0259tl\u0259r M\u0259hk\u0259m\u0259sind\u0259 l\u0259\u011fv edilmi\u015f K\u00fctl\u0259vi \u0130nformasiya Vasit\u0259l\u0259rinin \u0130nki\u015faf\u0131na D\u00f6vl\u0259t D\u0259st\u0259yi Fondunun (K\u0130VDF) sabiq icra\u00e7\u0131 direktoru V\u00fcqar S\u0259f\u0259rlinin cinay\u0259t i\u015fi \u00fczr\u0259<\/p>\n","protected":false},"author":2,"featured_media":0,"comment_status":"closed","ping_status":"closed","sticky":false,"template":"","format":"standard","meta":{"footnotes":""},"categories":[3],"tags":[],"class_list":["post-48573","post","type-post","status-publish","format-standard","hentry","category-gundm"],"aioseo_notices":[],"_links":{"self":[{"href":"https:\/\/fedai.az\/index.php?rest_route=\/wp\/v2\/posts\/48573","targetHints":{"allow":["GET"]}}],"collection":[{"href":"https:\/\/fedai.az\/index.php?rest_route=\/wp\/v2\/posts"}],"about":[{"href":"https:\/\/fedai.az\/index.php?rest_route=\/wp\/v2\/types\/post"}],"author":[{"embeddable":true,"href":"https:\/\/fedai.az\/index.php?rest_route=\/wp\/v2\/users\/2"}],"replies":[{"embeddable":true,"href":"https:\/\/fedai.az\/index.php?rest_route=%2Fwp%2Fv2%2Fcomments&post=48573"}],"version-history":[{"count":1,"href":"https:\/\/fedai.az\/index.php?rest_route=\/wp\/v2\/posts\/48573\/revisions"}],"predecessor-version":[{"id":48575,"href":"https:\/\/fedai.az\/index.php?rest_route=\/wp\/v2\/posts\/48573\/revisions\/48575"}],"wp:attachment":[{"href":"https:\/\/fedai.az\/index.php?rest_route=%2Fwp%2Fv2%2Fmedia&parent=48573"}],"wp:term":[{"taxonomy":"category","embeddable":true,"href":"https:\/\/fedai.az\/index.php?rest_route=%2Fwp%2Fv2%2Fcategories&post=48573"},{"taxonomy":"post_tag","embeddable":true,"href":"https:\/\/fedai.az\/index.php?rest_route=%2Fwp%2Fv2%2Ftags&post=48573"}],"curies":[{"name":"wp","href":"https:\/\/api.w.org\/{rel}","templated":true}]}}