{"id":48579,"date":"2021-09-18T00:32:38","date_gmt":"2021-09-17T20:32:38","guid":{"rendered":"https:\/\/fedai.az\/?p=48579"},"modified":"2021-09-18T00:32:43","modified_gmt":"2021-09-17T20:32:43","slug":"putin-onlayn-s%c9%99s-verdi","status":"publish","type":"post","link":"https:\/\/fedai.az\/?p=48579","title":{"rendered":"Putin onlayn s\u0259s verdi"},"content":{"rendered":"\n<p><strong>Rusiyada d\u00fcn\u0259nd\u0259n etibar\u0259n Duma se\u00e7kisin\u0259 start verilib.<\/strong><\/p>\n\n\n\n<p><br>Se\u00e7ki b\u00fct\u00fcn \u00f6lk\u0259 \u0259razisind\u0259 \u00fc\u00e7 g\u00fcn \u0259rzind\u0259 davam ed\u0259c\u0259k. Bu fakt\u0131n \u00f6z\u00fc se\u00e7kid\u0259 i\u015ftirak ed\u0259n b\u0259zi partiyalar t\u0259r\u0259find\u0259n isti qar\u015f\u0131lanmay\u0131b. Partiyalar bunun se\u00e7ki saxtakarl\u0131\u011f\u0131na g\u0259tirib \u00e7\u0131xaraca\u011f\u0131n\u0131 bildiribl\u0259r. Bununla bel\u0259 art\u0131q se\u00e7ki \u00f6lk\u0259nin \u015f\u0259rqind\u0259ki vilay\u0259tl\u0259rd\u0259 start g\u00f6t\u00fcr\u00fcb.<\/p>\n\n\n\n<p><br>Rusiyada ke\u00e7iril\u0259n bud\u0259f\u0259ki se\u00e7kini \u00f6n\u0259mli ed\u0259n \u0259sas m\u0259qamlardan birinin onun koronavirus pandemiyas\u0131 fonunda ba\u015f tutmas\u0131d\u0131r. <\/p>\n\n\n\n<p>Rusiya h\u00f6kum\u0259ti bununla \u0259laq\u0259dar olaraq misilsiz sanitar t\u0259hl\u00fck\u0259sizlik t\u0259dbirl\u0259ri g\u00f6rd\u00fcy\u00fcn\u00fc elan edib.<\/p>\n\n\n\n<p><br>TASS -\u0131n verdiyi m\u0259lumata g\u00f6r\u0259 D\u00f6vl\u0259t ba\u015f\u00e7\u0131s\u0131n\u0131n m\u0259tbuat katibi Dmitri Peskov bildirib ki, Rusiya prezidenti Vladimir Putin onlayn s\u0259sverm\u0259d\u0259 i\u015ftirak edib.<\/p>\n\n\n\n<p><br>Kremlin s\u00f6z\u00e7\u00fcs\u00fc &#171;Putin onlayn s\u0259s verdi&#187; deyib. Bu, prezidentin se\u00e7ki m\u0259nt\u0259q\u0259sind\u0259 deyil, onlayn yoluyla ilk d\u0259f\u0259 s\u0259s verm\u0259sidir.<br>\u00c7\u0259r\u015f\u0259nb\u0259 ax\u015fam\u0131, d\u00f6vl\u0259t ba\u015f\u00e7\u0131s\u0131, \u0259traf\u0131ndak\u0131 koronavirus infeksiyas\u0131 s\u0259b\u0259biyl\u0259 \u00f6z\u00fcn\u00fc t\u0259crid etm\u0259k m\u0259cburiyy\u0259tind\u0259 qald\u0131\u011f\u0131n\u0131 s\u00f6yl\u0259mi\u015fdi.<\/p>\n\n\n\n<p><br>Uzaqdan elektron s\u0259sverm\u0259nin apar\u0131ld\u0131\u011f\u0131 yeddi b\u00f6lg\u0259nin sakinl\u0259ri se\u00e7kil\u0259rd\u0259 onlayn s\u0259s ver\u0259 bil\u0259rl\u0259r. Bunun \u00fc\u00e7\u00fcn 13 sentyabr Moskva vaxt\u0131 il\u0259 23: 59 -a q\u0259d\u0259r qeydiyyatdan ke\u00e7m\u0259k m\u00fcmk\u00fcn idi: <strong>D\u00f6vl\u0259t xidm\u0259ti portal\u0131nda v\u0259 ya mos.ru<\/strong> -da (moskval\u0131lar \u00fc\u00e7\u00fcn) t\u0259sdiq edilmi\u015f bir hesab laz\u0131md\u0131.<\/p>\n\n\n\n<p><br>Xat\u0131rladaq ki, Kreml COVID-19 infeksiyas\u0131 s\u0259b\u0259bind\u0259n \u00f6z\u00fcn\u00fct\u0259crid rejimin\u0259 ke\u00e7\u0259n Rusiya Prezidenti Vladimir Putinin s\u0259hh\u0259ti il\u0259 ba\u011fl\u0131 a\u00e7\u0131qlama yay\u0131b.<br><\/p>\n\n\n\n<p>Kremlin m\u0259tbuat katibi Dmitri Peskov Rusiya prezidentinin \u00f6z\u00fcn\u00fc yax\u015f\u0131 hiss etdiyini s\u00f6yl\u0259yib.<\/p>\n\n\n\n<p><br>O, Putinin \u00f6z\u00fcnt\u0259crid rejiminin n\u0259 vaxtad\u0259k davam ed\u0259c\u0259yini a\u00e7\u0131qlamay\u0131b.<\/p>\n\n\n\n<figure class=\"wp-block-embed is-type-video is-provider-youtube wp-block-embed-youtube wp-embed-aspect-16-9 wp-has-aspect-ratio\"><div class=\"wp-block-embed__wrapper\">\n<iframe loading=\"lazy\" title=\"\u041f\u0443\u0442\u0438\u043d \u043d\u0430 \u0441\u0430\u043c\u043e\u0438\u0437\u043e\u043b\u044f\u0446\u0438\u0438 \u0432\u043f\u0435\u0440\u0432\u044b\u0435 \u043f\u0440\u043e\u0433\u043e\u043b\u043e\u0441\u043e\u0432\u0430\u043b \u043e\u043d\u043b\u0430\u0439\u043d \u043d\u0430 \u0434\u0443\u043c\u0441\u043a\u0438\u0445 \u0432\u044b\u0431\u043e\u0440\u0430\u0445\" width=\"715\" height=\"402\" src=\"https:\/\/www.youtube.com\/embed\/8OJwPMKpDjM?feature=oembed\" frameborder=\"0\" allow=\"accelerometer; autoplay; clipboard-write; encrypted-media; gyroscope; picture-in-picture\" allowfullscreen><\/iframe>\n<\/div><\/figure>\n\n\n\n<p><a href=\"https:\/\/vk.com\/video-25280329_456253562?t=2s\">https:\/\/vk.com\/video-25280329_456253562?t=2s<\/a><\/p>\n","protected":false},"excerpt":{"rendered":"<p>Rusiyada d\u00fcn\u0259nd\u0259n etibar\u0259n Duma se\u00e7kisin\u0259 start verilib. Se\u00e7ki b\u00fct\u00fcn \u00f6lk\u0259 \u0259razisind\u0259 \u00fc\u00e7 g\u00fcn \u0259rzind\u0259 davam ed\u0259c\u0259k. Bu fakt\u0131n \u00f6z\u00fc se\u00e7kid\u0259 i\u015ftirak ed\u0259n b\u0259zi partiyalar<\/p>\n","protected":false},"author":2,"featured_media":0,"comment_status":"closed","ping_status":"closed","sticky":false,"template":"","format":"standard","meta":{"footnotes":""},"categories":[13],"tags":[],"class_list":["post-48579","post","type-post","status-publish","format-standard","hentry","category-xarici"],"aioseo_notices":[],"_links":{"self":[{"href":"https:\/\/fedai.az\/index.php?rest_route=\/wp\/v2\/posts\/48579","targetHints":{"allow":["GET"]}}],"collection":[{"href":"https:\/\/fedai.az\/index.php?rest_route=\/wp\/v2\/posts"}],"about":[{"href":"https:\/\/fedai.az\/index.php?rest_route=\/wp\/v2\/types\/post"}],"author":[{"embeddable":true,"href":"https:\/\/fedai.az\/index.php?rest_route=\/wp\/v2\/users\/2"}],"replies":[{"embeddable":true,"href":"https:\/\/fedai.az\/index.php?rest_route=%2Fwp%2Fv2%2Fcomments&post=48579"}],"version-history":[{"count":1,"href":"https:\/\/fedai.az\/index.php?rest_route=\/wp\/v2\/posts\/48579\/revisions"}],"predecessor-version":[{"id":48581,"href":"https:\/\/fedai.az\/index.php?rest_route=\/wp\/v2\/posts\/48579\/revisions\/48581"}],"wp:attachment":[{"href":"https:\/\/fedai.az\/index.php?rest_route=%2Fwp%2Fv2%2Fmedia&parent=48579"}],"wp:term":[{"taxonomy":"category","embeddable":true,"href":"https:\/\/fedai.az\/index.php?rest_route=%2Fwp%2Fv2%2Fcategories&post=48579"},{"taxonomy":"post_tag","embeddable":true,"href":"https:\/\/fedai.az\/index.php?rest_route=%2Fwp%2Fv2%2Ftags&post=48579"}],"curies":[{"name":"wp","href":"https:\/\/api.w.org\/{rel}","templated":true}]}}