{"id":48582,"date":"2021-09-18T00:34:50","date_gmt":"2021-09-17T20:34:50","guid":{"rendered":"https:\/\/fedai.az\/?p=48582"},"modified":"2021-09-18T00:34:54","modified_gmt":"2021-09-17T20:34:54","slug":"iran-xocalida-separatcilar-ucun-m%c9%99nzil-tikir-detallar","status":"publish","type":"post","link":"https:\/\/fedai.az\/?p=48582","title":{"rendered":"\u0130ran Xocal\u0131da separat\u00e7\u0131lar \u00fc\u00e7\u00fcn m\u0259nzil tikir \u2013 DETALLAR"},"content":{"rendered":"\n<p><strong>\u0130ran separat\u00e7\u0131-terror\u00e7u rejimin Xocal\u0131da apard\u0131\u011f\u0131 tikinti i\u015fl\u0259rin\u0259 d\u0259st\u0259k verir.<br><br><\/strong>Bu bar\u0259d\u0259 \u201cHraparak\u201d n\u0259\u015fri yaz\u0131r.<br><br>N\u0259\u015fr qeyd edir ki, \u018fsg\u0259randa (Xocal\u0131n\u0131n q\u0259s\u0259b\u0259si) apar\u0131lan tikinti i\u015fl\u0259rin\u0259 \u0130ran v\u0259t\u0259nda\u015flar\u0131 da c\u0259lb edilib.<br><br>\u201cOnlar\u0131n say\u0131 \u00e7ox deyil, t\u0259xmin\u0259n 2 n\u0259f\u0259rdirl\u0259r. Erm\u0259nil\u0259r m\u00fcharib\u0259d\u0259n sonra i\u015f yerl\u0259rinin k\u0259skin azalmas\u0131 fonunda bundan narahatd\u0131rlar. Xaricil\u0259rin i\u015f\u0259 g\u00f6t\u00fcr\u00fclm\u0259sini q\u0259bul etmirl\u0259r\u201d, &#8212; n\u0259\u015fr qeyd edir.<br><br>Separat\u00e7\u0131lar\u0131n \u201cn\u00fcmay\u0259nd\u0259si\u201d Artur Qriqoryan \u0130ran v\u0259t\u0259nda\u015flar\u0131n\u0131n m\u0259nzil tikintisind\u0259 i\u015ftirak\u0131n\u0131 t\u0259sdiql\u0259yib.<br><br>\u201cOnlar farsd\u0131rlar\u201d dey\u0259n Qriqoryan \u0259lav\u0259 suallara cavab verm\u0259yib.<br><br>\u0130ran v\u0259t\u0259nda\u015flar\u0131n\u0131n separat\u00e7\u0131lar\u0131n tikinti i\u015fl\u0259rind\u0259 i\u015ftirak\u0131 \u0130ran \u015firk\u0259tl\u0259rinin Qaraba\u011fda separat\u00e7\u0131-terror\u00e7u rejim\u0259 d\u0259st\u0259yini s\u00fcbut edir. \u0130stisna deyil ki, m\u0259nzil tikintisini maliyy\u0259l\u0259\u015fdir\u0259n \u00f6lk\u0259l\u0259rd\u0259n biri d\u0259 \u0130rand\u0131r.<\/p>\n\n\n\n<p><strong>Bu t\u0259sdiq edir ki:<\/strong><\/p>\n\n\n\n<p>&#8212; \u0130ran\u0131n Qaraba\u011fda separat\u00e7\u0131-terror\u00e7u rejim\u0259 d\u0259st\u0259yi t\u0259kc\u0259 qanunsuz y\u00fckda\u015f\u0131madan ibar\u0259t deyil;<\/p>\n\n\n\n<p>&#8212; Separat\u00e7\u0131lar\u0131n m\u0259nzil tikintisind\u0259 v\u0259 dig\u0259r layih\u0259l\u0259rind\u0259 \u0130ran \u015firk\u0259tl\u0259ri d\u0259 i\u015ftirak edir;<\/p>\n\n\n\n<p>&#8212; Xank\u0259ndin\u0259 da\u015f\u0131nan qanunsuz y\u00fckl\u0259r \u0130ran \u015firk\u0259tl\u0259rinin layih\u0259l\u0259ri \u00fc\u00e7\u00fcnd\u00fcr;<\/p>\n\n\n\n<p>&#8212; \u0130ran i\u015f\u011fal d\u00f6vr\u00fcnd\u0259 oldu\u011fu kimi, indi d\u0259 separat\u00e7\u0131-terror\u00e7u rejiml\u0259 \u0259m\u0259kda\u015fl\u0131\u011f\u0131 davam etdirir.<br><br><strong>Asif<\/strong><\/p>\n\n\n\n<p>M\u0259nb\u0259: Publika.az<\/p>\n\n\n\n<figure class=\"wp-block-embed is-type-video is-provider-youtube wp-block-embed-youtube wp-embed-aspect-16-9 wp-has-aspect-ratio\"><div class=\"wp-block-embed__wrapper\">\n<iframe loading=\"lazy\" title=\"\u0130RAN XOCALIDA SEPARAT\u00c7ILAR \u00dc\u00c7\u00dcN M\u018fNZ\u0130L T\u0130K\u0130R\" width=\"715\" height=\"402\" src=\"https:\/\/www.youtube.com\/embed\/gfnYkgMFlLk?feature=oembed\" frameborder=\"0\" allow=\"accelerometer; autoplay; clipboard-write; encrypted-media; gyroscope; picture-in-picture\" allowfullscreen><\/iframe>\n<\/div><\/figure>\n","protected":false},"excerpt":{"rendered":"<p>\u0130ran separat\u00e7\u0131-terror\u00e7u rejimin Xocal\u0131da apard\u0131\u011f\u0131 tikinti i\u015fl\u0259rin\u0259 d\u0259st\u0259k verir. Bu bar\u0259d\u0259 \u201cHraparak\u201d n\u0259\u015fri yaz\u0131r. N\u0259\u015fr qeyd edir ki, \u018fsg\u0259randa (Xocal\u0131n\u0131n q\u0259s\u0259b\u0259si) apar\u0131lan tikinti i\u015fl\u0259rin\u0259<\/p>\n","protected":false},"author":2,"featured_media":48583,"comment_status":"closed","ping_status":"closed","sticky":false,"template":"","format":"standard","meta":{"footnotes":""},"categories":[4],"tags":[],"class_list":["post-48582","post","type-post","status-publish","format-standard","has-post-thumbnail","hentry","category-qarabag"],"aioseo_notices":[],"_links":{"self":[{"href":"https:\/\/fedai.az\/index.php?rest_route=\/wp\/v2\/posts\/48582","targetHints":{"allow":["GET"]}}],"collection":[{"href":"https:\/\/fedai.az\/index.php?rest_route=\/wp\/v2\/posts"}],"about":[{"href":"https:\/\/fedai.az\/index.php?rest_route=\/wp\/v2\/types\/post"}],"author":[{"embeddable":true,"href":"https:\/\/fedai.az\/index.php?rest_route=\/wp\/v2\/users\/2"}],"replies":[{"embeddable":true,"href":"https:\/\/fedai.az\/index.php?rest_route=%2Fwp%2Fv2%2Fcomments&post=48582"}],"version-history":[{"count":1,"href":"https:\/\/fedai.az\/index.php?rest_route=\/wp\/v2\/posts\/48582\/revisions"}],"predecessor-version":[{"id":48584,"href":"https:\/\/fedai.az\/index.php?rest_route=\/wp\/v2\/posts\/48582\/revisions\/48584"}],"wp:featuredmedia":[{"embeddable":true,"href":"https:\/\/fedai.az\/index.php?rest_route=\/wp\/v2\/media\/48583"}],"wp:attachment":[{"href":"https:\/\/fedai.az\/index.php?rest_route=%2Fwp%2Fv2%2Fmedia&parent=48582"}],"wp:term":[{"taxonomy":"category","embeddable":true,"href":"https:\/\/fedai.az\/index.php?rest_route=%2Fwp%2Fv2%2Fcategories&post=48582"},{"taxonomy":"post_tag","embeddable":true,"href":"https:\/\/fedai.az\/index.php?rest_route=%2Fwp%2Fv2%2Ftags&post=48582"}],"curies":[{"name":"wp","href":"https:\/\/api.w.org\/{rel}","templated":true}]}}