{"id":48586,"date":"2021-09-18T00:37:03","date_gmt":"2021-09-17T20:37:03","guid":{"rendered":"https:\/\/fedai.az\/?p=48586"},"modified":"2021-09-18T00:37:09","modified_gmt":"2021-09-17T20:37:09","slug":"hulusi-akardan-birg%c9%99-t%c9%99liml%c9%99rd%c9%99n-narahatliq-kecir%c9%99n-irana-mesaj","status":"publish","type":"post","link":"https:\/\/fedai.az\/?p=48586","title":{"rendered":"Hulusi Akardan birg\u0259 t\u0259liml\u0259rd\u0259n narahatl\u0131q ke\u00e7ir\u0259n \u0130rana mesaj"},"content":{"rendered":"\n<p>Sentyabr\u0131n 13-d\u0259 \u0130ran\u0131n Xarici \u0130\u015fl\u0259r Nazirliyinin m\u0259tbuat katibi S\u0259id X\u0259tibzad\u0259 Az\u0259rbaycan-T\u00fcrkiy\u0259 birg\u0259 t\u0259liml\u0259rind\u0259n narahatl\u0131\u011f\u0131n\u0131 dil\u0259 g\u0259tirib.<\/p>\n\n\n\n<p>N\u0259 var ki, Az\u0259rbaycan v\u0259 T\u00fcrkiy\u0259nin d\u0259niz q\u00fcvv\u0259l\u0259rinin x\u00fcsusi t\u0259yinatl\u0131lar\u0131 X\u0259z\u0259r d\u0259nizind\u0259 sualt\u0131 h\u00fccum v\u0259 sualt\u0131 m\u00fcdafi\u0259 m\u0259\u015fql\u0259rini etmi\u015fdil\u0259r.<\/p>\n\n\n\n<p>Tehran \u0259ld\u0259 olunan raz\u0131la\u015fman\u0131n m\u00fcdd\u0259alar\u0131n\u0131 bu t\u0259lim\u0259 neqativ m\u00f6vqe bildirm\u0259k \u00fc\u00e7\u00fcn istinada \u00e7evirir.<\/p>\n\n\n\n<p>C\u0259nab X\u0259tibzad\u0259nin yanl\u0131\u015fl\u0131\u011fa yol verdiyini bundan \u0259vv\u0259lki yaz\u0131m\u0131zda qeyd etmi\u015fdik. 2018-ci ilin avqustun 12-d\u0259 Qazax\u0131stan\u0131n Aktau \u015f\u0259h\u0259rind\u0259 q\u0259bul olunan X\u0259z\u0259rin h\u00fcquqi statusuna dair Konvensiyan\u0131n Tehran t\u0259r\u0259find\u0259n yanl\u0131\u015f interpretasiyas\u0131n\u0131 dig\u0259r X\u0259z\u0259ryan\u0131 d\u00f6vl\u0259tl\u0259rin he\u00e7 biri d\u0259st\u0259kl\u0259m\u0259di.<\/p>\n\n\n\n<p>Birincisi, h\u0259min Konvensiya X\u0259z\u0259ryan\u0131 d\u00f6vl\u0259tl\u0259rd\u0259n ba\u015fqa dig\u0259r d\u00f6vl\u0259tl\u0259rin X\u0259z\u0259rd\u0259 h\u0259rbi varl\u0131\u011f\u0131n\u0131 tan\u0131m\u0131r. T\u00fcrkiy\u0259 h\u0259rb\u00e7il\u0259rinin X\u0259z\u0259rd\u0259 t\u0259lim ke\u00e7m\u0259si is\u0259 onun h\u0259rbi donanma yaratd\u0131\u011f\u0131 anlam\u0131na g\u0259lmir.<\/p>\n\n\n\n<p>\u0130kincisi, \u0130ran parlamenti \u00f6z\u00fc h\u0259l\u0259 bu s\u0259n\u0259di ratifikasiya etm\u0259yib, indi bird\u0259n-bir\u0259 n\u0259 ba\u015f verdi ki, X\u0259tibzad\u0259 dil\u0259 g\u0259ldi?<\/p>\n\n\n\n<p>Sentyabr\u0131n 15-d\u0259 T\u00fcrkiy\u0259nin milli m\u00fcdafi\u0259 naziri Hulusi Akar Konyada \u201cTurAz \u015eahini &#8212; 2021\u201d birg\u0259 taktiki-u\u00e7u\u015f t\u0259liml\u0259rind\u0259 ke\u00e7iril\u0259n \u201cY\u00fcks\u0259k s\u0259viyy\u0259li m\u00fc\u015fahid\u0259\u00e7i g\u00fcn\u00fc\u201dnd\u0259 deyib ki, t\u0259liml\u0259r Az\u0259rbaycan v\u0259 T\u00fcrkiy\u0259nin t\u0259hl\u00fck\u0259sizliyin\u0259 v\u0259 b\u00f6lg\u0259d\u0259ki sabitliy\u0259 y\u00f6n\u0259lib.<\/p>\n\n\n\n<p>\u0130lk bax\u0131\u015fda Hulusi Akar\u0131n b\u0259yanat\u0131n\u0131 standart c\u00fcml\u0259l\u0259r kimi n\u0259z\u0259rd\u0259n ke\u00e7ir\u0259 bil\u0259rdik, lakin c\u0259nab Akar\u0131n \u0130ran\u0131n a\u00e7\u0131qlamas\u0131ndan sonra bel\u0259 m\u00f6vqe s\u0259sl\u0259ndirm\u0259si diqq\u0259t \u00e7\u0259kir.<\/p>\n\n\n\n<p>Ona g\u00f6r\u0259 d\u0259 Hulusi Akar\u0131n dedikl\u0259rini birg\u0259 t\u0259liml\u0259rd\u0259n narahat olan b\u00fct\u00fcn q\u00fcvv\u0259l\u0259r\u0259, o c\u00fcml\u0259d\u0259n \u0130rana cavab kimi d\u0259y\u0259rl\u0259ndir\u0259 bil\u0259rik.<\/p>\n\n\n\n<p>Az\u0259rbaycanla T\u00fcrkiy\u0259nin bir-birin\u0259 m\u00fcnasib\u0259td\u0259 d\u0259rinl\u0259\u015f\u0259n m\u00fctt\u0259fiqlik xarakterind\u0259n ir\u0259li g\u0259l\u0259n m\u0259suliyy\u0259tl\u0259ri m\u00f6vcuddur.<\/p>\n\n\n\n<p>Bu m\u0259suliyy\u0259t m\u00fc\u015ft\u0259r\u0259k maraqlar yarad\u0131r, ortaq maraqlar is\u0259 s\u00fclh v\u0259 t\u0259hl\u00fck\u0259sizliyinin t\u0259minin\u0259 y\u00f6n\u0259lib.<\/p>\n\n\n\n<p>X\u0259z\u0259r d\u0259nizinin bir hiss\u0259si Az\u0259rbaycana d\u00fc\u015f\u00fcr, d\u0259niz s\u0259rh\u0259dl\u0259ri d\u0259 h\u0259r bir \u00f6lk\u0259nin suveren \u0259razi kateqoriyas\u0131na daxildir.<\/p>\n\n\n\n<p>\u015eu\u015fa B\u0259yannam\u0259sinin m\u00fcdd\u0259alar\u0131 X\u0259z\u0259r d\u0259nizinin Az\u0259rbaycan s\u0259rh\u0259dl\u0259rini qorumaq m\u0259s\u0259l\u0259sind\u0259 d\u0259 ke\u00e7\u0259rlidir.<\/p>\n\n\n\n<p><strong>Aq\u015fin K\u0259rimov<\/strong><\/p>\n\n\n\n<p>M\u0259nb\u0259: Oxu.az<\/p>\n","protected":false},"excerpt":{"rendered":"<p>Sentyabr\u0131n 13-d\u0259 \u0130ran\u0131n Xarici \u0130\u015fl\u0259r Nazirliyinin m\u0259tbuat katibi S\u0259id X\u0259tibzad\u0259 Az\u0259rbaycan-T\u00fcrkiy\u0259 birg\u0259 t\u0259liml\u0259rind\u0259n narahatl\u0131\u011f\u0131n\u0131 dil\u0259 g\u0259tirib. N\u0259 var ki, Az\u0259rbaycan v\u0259 T\u00fcrkiy\u0259nin d\u0259niz q\u00fcvv\u0259l\u0259rinin<\/p>\n","protected":false},"author":2,"featured_media":0,"comment_status":"closed","ping_status":"closed","sticky":false,"template":"","format":"standard","meta":{"footnotes":""},"categories":[3],"tags":[],"class_list":["post-48586","post","type-post","status-publish","format-standard","hentry","category-gundm"],"aioseo_notices":[],"_links":{"self":[{"href":"https:\/\/fedai.az\/index.php?rest_route=\/wp\/v2\/posts\/48586","targetHints":{"allow":["GET"]}}],"collection":[{"href":"https:\/\/fedai.az\/index.php?rest_route=\/wp\/v2\/posts"}],"about":[{"href":"https:\/\/fedai.az\/index.php?rest_route=\/wp\/v2\/types\/post"}],"author":[{"embeddable":true,"href":"https:\/\/fedai.az\/index.php?rest_route=\/wp\/v2\/users\/2"}],"replies":[{"embeddable":true,"href":"https:\/\/fedai.az\/index.php?rest_route=%2Fwp%2Fv2%2Fcomments&post=48586"}],"version-history":[{"count":1,"href":"https:\/\/fedai.az\/index.php?rest_route=\/wp\/v2\/posts\/48586\/revisions"}],"predecessor-version":[{"id":48588,"href":"https:\/\/fedai.az\/index.php?rest_route=\/wp\/v2\/posts\/48586\/revisions\/48588"}],"wp:attachment":[{"href":"https:\/\/fedai.az\/index.php?rest_route=%2Fwp%2Fv2%2Fmedia&parent=48586"}],"wp:term":[{"taxonomy":"category","embeddable":true,"href":"https:\/\/fedai.az\/index.php?rest_route=%2Fwp%2Fv2%2Fcategories&post=48586"},{"taxonomy":"post_tag","embeddable":true,"href":"https:\/\/fedai.az\/index.php?rest_route=%2Fwp%2Fv2%2Ftags&post=48586"}],"curies":[{"name":"wp","href":"https:\/\/api.w.org\/{rel}","templated":true}]}}