{"id":48598,"date":"2021-09-18T01:37:22","date_gmt":"2021-09-17T21:37:22","guid":{"rendered":"https:\/\/fedai.az\/?p=48598"},"modified":"2021-09-18T12:38:30","modified_gmt":"2021-09-18T08:38:30","slug":"doyuscul%c9%99r-yaxsilari-v%c9%99-yaxsiligi-hec-zaman-unutmurlar","status":"publish","type":"post","link":"https:\/\/fedai.az\/?p=48598","title":{"rendered":"D\u00f6y\u00fc\u015f\u00e7\u00fcl\u0259r yax\u015f\u0131lar\u0131 v\u0259 yax\u015f\u0131l\u0131\u011f\u0131 he\u00e7 zaman unutmurlar"},"content":{"rendered":"\n<p><strong>V\u0259t\u0259np\u0259rv\u0259r olmaq, V\u0259t\u0259ni sevm\u0259k, b\u00f6yuk m\u0259fhumdur. \u018fsas \u015f\u0259rt \u0259lin\u0259 silah alib, V\u0259t\u0259nin ke\u015fiyind\u0259 durmaqla bitmir. V\u0259t\u0259n sevgisi h\u0259r bir v\u0259t\u0259nda\u015f\u0131n qan\u0131nda, can\u0131nda olmal\u0131d\u0131r. Sosial durumundan as\u0131l\u0131 olmayaraq, h\u0259r birimiz \u00f6z i\u015fim\u0131zl\u0259, elmimizl\u0259 v\u0259t\u0259nimiz\u0259 el\u0259 xidm\u0259t etm\u0259liyik ki, qar\u015f\u0131 tar\u0259f bizd\u0259 olan o b\u00f6y\u00fck sevginin n\u0259d\u0259n qaynaqland\u0131\u011f\u0131n\u0131 anlaya bel\u0259 bilm\u0259sin.<\/strong><\/p>\n\n\n\n<p>V\u0259t\u0259ni sevm\u0259k imandand\u0131r. El\u0259 pes\u0259 sah\u0259l\u0259ri var ki, insanlar gec v\u0259 ya tez bu pes\u0259 sahibl\u0259rin\u0259 muraci\u0259t edirl\u0259r. Tibb sah\u0259si \u0259n m\u0259suliyy\u0259tli bir sah\u0259dir. Bu sah\u0259d\u0259 cal\u0131\u015fan insanlar \u00e7ox diqq\u0259tli, qay\u011f\u0131ke\u015f, n\u0259zak\u0259tli olmal\u0131dirlar. Son ill\u0259r \u0259rzind\u0259 h\u0259kiml\u0259rimiz \u00f6z h\u0259yatlar\u0131n\u0131 t\u0259hl\u00fck\u0259y\u0259 ataraq, ail\u0259l\u0259rind\u0259n, \u00f6vladlar\u0131ndan uzaqda, a\u011f\u0131r v\u0259 havas\u0131z geyiml\u0259rd\u0259 gec\u0259-g\u00fcnd\u00fcz dem\u0259d\u0259n koronavirus x\u0259st\u0259l\u0259rinin sa\u011falmas\u0131 \u00fc\u00e7\u00fcn s\u0259f\u0259rb\u0259r oldular. Bu u\u011furda ne\u00e7\u0259-ne\u00e7\u0259 h\u0259mkar\u0131m\u0131z h\u0259yatlar\u0131n\u0131 itirdil\u0259r. N\u0259 yaz\u0131q ki, koronavirusla m\u00fcbariz\u0259miz n\u0259inki bitm\u0259yib, g\u00fcnd\u0259n g\u00fcn\u0259 artmaqda, a\u011f\u0131rla\u015fmaqda v\u0259 t\u0259hl\u00fck\u0259li v\u0259ziyy\u0259t almaqda davam edir.<\/p>\n\n\n\n<p><br>Sentyabr\u0131n 27-d\u0259n is\u0259 \u00f6lk\u0259miz 30 il\u0259 yax\u0131nd\u0131r i\u015f\u011fal alt\u0131nda olan torpaqlar\u0131n azadl\u0131\u011f\u0131 \u00fc\u00e7\u00fcn m\u0259nfur d\u00fc\u015fm\u0259nl\u0259 m\u00fcharib\u0259y\u0259 ba\u015flad\u0131. Bu m\u00fcharib\u0259d\u0259 b\u00fct\u00fcn xalq\u0131m\u0131z s\u0259f\u0259rb\u0259r oldu. Ali Ba\u015f Komandan\u0131m\u0131z\u0131n r\u0259hb\u0259rliyi il\u0259 \u0259sg\u0259rl\u0259rimiz, h\u0259rb\u00e7il\u0259rimiz \u00f6n c\u0259bh\u0259d\u0259, h\u00f6k\u00fcm\u0259t n\u00fcmay\u0259nd\u0259l\u0259rimiz siyas\u0259t masas\u0131nda, analar\u0131m\u0131z, bac\u0131lar\u0131m\u0131z, atalar\u0131m\u0131z, \u00f6vladlar\u0131m\u0131z is\u0259 arxa c\u0259bh\u0259d\u0259 q\u0259l\u0259b\u0259 \u00fc\u00e7\u00fcn \u00e7al\u0131\u015fd\u0131lar.<\/p>\n\n\n\n<p><br>Onlarla, y\u00fczl\u0259rl\u0259 h\u0259kiml\u0259rimiz, tibb i\u015f\u00e7il\u0259rimiz k\u00f6n\u00fcll\u00fc \u015f\u0259kild\u0259 bu m\u00fcharib\u0259y\u0259 qo\u015fuldular, yaral\u0131 h\u0259rb\u00e7il\u0259rimizi h\u0259yata qaytarmaq, \u015f\u0259hid say\u0131n\u0131n minimum olmas\u0131 \u00fc\u00e7\u00fcn \u00f6z h\u0259yatlar\u0131n\u0131 t\u0259hl\u00fck\u0259y\u0259 at\u0131b g\u00fcll\u0259nin, m\u0259rminin alt\u0131nda v\u0259zif\u0259l\u0259rini icra etdil\u0259r. T\u0259sad\u00fcfi deyil ki, \u015f\u0259hidl\u0259rimiz aras\u0131nda h\u0259kiml\u0259rimizin d\u0259 adlar\u0131na rast g\u0259lirik. V\u0259 II Qaraba\u011f m\u00fcharib\u0259sind\u0259 t\u0259k qad\u0131n \u015f\u0259hid d\u0259 m\u0259hz tibb i\u015f\u00e7isi oldu.<\/p>\n\n\n\n<p><br>Bu g\u00fcn d\u0259 h\u0259ssas t\u0259b\u0259q\u0259 say\u0131lan \u015f\u0259hid ail\u0259l\u0259ri, qazil\u0259r, veteranlar tibb i\u015f\u00e7il\u0259rin\u0259 daha \u00e7ox m\u00fcraci\u0259tl\u0259r edirl\u0259r.<\/p>\n\n\n\n<p><br><strong>S\u0259h\u0259timl\u0259 \u0259laq\u0259dar m\u00fcraci\u0259t etdiyim &#171;EGE hospital&#187;da kordioloq-h\u0259kim \u015e\u0259m\u015fir V\u0259liyev ilk g\u00f6r\u00fc\u015f\u00fcm m\u0259nd\u0259 bu insanda v\u0259t\u0259np\u0259rv\u0259rlik hissinin y\u00fcks\u0259k olmas\u0131, do\u011frusu m\u0259ni \u00e7a\u015fd\u0131rd\u0131. Sanki qar\u015f\u0131s\u0131nda dayanan insan onun ilk d\u0259f\u0259 g\u00f6rd\u00fcy\u00fc insan deyil, uzun ill\u0259r tan\u0131d\u0131\u011f\u0131, h\u00f6rm\u0259t b\u0259sl\u0259diyi biridir.<\/strong><\/p>\n\n\n\n<p><br>S\u0259b\u0259bin \u00fcst\u00fc \u00f6rt\u00fcl\u00fc soru\u015fanda onun m\u00fcharib\u0259 i\u015ftirak\u00e7\u0131larina qar\u015f\u0131 x\u00fcsusi sevgisi v\u0259 r\u0259\u011fb\u0259ti oldu\u011fun\u00fc soyl\u0259d\u0131 v\u0259 \u0259lav\u0259 etdi ki, m\u0259n d\u0259 V\u018fT\u018fN\u018f borcumu bel\u0259 yerin\u0259 yetirir\u0259m.<\/p>\n\n\n\n<p><br>\u0130nvazit kordioloq <strong>\u015e\u0259m\u015fir V\u0259liyevi <\/strong>g\u0259lin yax\u0131ndan tan\u0131yaq, dey\u0259 bu s\u00f6zl\u0259ri yazd\u0131m. Biz &#8212; d\u00f6y\u00fc\u015f\u00e7\u00fcl\u0259r, yax\u015f\u0131lar\u0131 v\u0259 yax\u015f\u0131l\u0131\u011f\u0131 he\u00e7 zaman unutmuruq.<\/p>\n\n\n\n<p><br><strong>Bir daha buradan h\u0259kim \u015e\u0259m\u015fir V\u0259liyev\u0259 u\u011furlar dil\u0259yir v\u0259 sa\u011f ol deyir\u0259m&#8230;<\/strong><\/p>\n\n\n\n<div class=\"wp-block-media-text alignwide is-stacked-on-mobile\" style=\"grid-template-columns:35% auto\"><figure class=\"wp-block-media-text__media\"><img decoding=\"async\" src=\"https:\/\/fedai.az\/wp-content\/uploads\/2021\/09\/210224901_498027834587076_6470803448487683487_n-1024x1024.jpg\" alt=\"\" class=\"wp-image-48599 size-full\"\/><\/figure><div class=\"wp-block-media-text__content\">\n<p class=\"has-large-font-size\"><strong>Sadiq Q\u0259dirli<\/strong><\/p>\n\n\n\n<p><strong><em>M\u00fcharib\u0259 veteran\u0131, AVMV\u0130B s\u0259drinin s\u0259lahiyy\u0259tli n\u00fcmay\u0259nd\u0259si<\/em><\/strong><\/p>\n<\/div><\/div>\n\n\n\n<p><\/p>\n","protected":false},"excerpt":{"rendered":"<p>V\u0259t\u0259np\u0259rv\u0259r olmaq, V\u0259t\u0259ni sevm\u0259k, b\u00f6yuk m\u0259fhumdur. \u018fsas \u015f\u0259rt \u0259lin\u0259 silah alib, V\u0259t\u0259nin ke\u015fiyind\u0259 durmaqla bitmir. V\u0259t\u0259n sevgisi h\u0259r bir v\u0259t\u0259nda\u015f\u0131n qan\u0131nda, can\u0131nda olmal\u0131d\u0131r. Sosial<\/p>\n","protected":false},"author":2,"featured_media":48600,"comment_status":"closed","ping_status":"closed","sticky":false,"template":"","format":"standard","meta":{"footnotes":""},"categories":[5],"tags":[],"class_list":["post-48598","post","type-post","status-publish","format-standard","has-post-thumbnail","hentry","category-veteran"],"aioseo_notices":[],"_links":{"self":[{"href":"https:\/\/fedai.az\/index.php?rest_route=\/wp\/v2\/posts\/48598","targetHints":{"allow":["GET"]}}],"collection":[{"href":"https:\/\/fedai.az\/index.php?rest_route=\/wp\/v2\/posts"}],"about":[{"href":"https:\/\/fedai.az\/index.php?rest_route=\/wp\/v2\/types\/post"}],"author":[{"embeddable":true,"href":"https:\/\/fedai.az\/index.php?rest_route=\/wp\/v2\/users\/2"}],"replies":[{"embeddable":true,"href":"https:\/\/fedai.az\/index.php?rest_route=%2Fwp%2Fv2%2Fcomments&post=48598"}],"version-history":[{"count":2,"href":"https:\/\/fedai.az\/index.php?rest_route=\/wp\/v2\/posts\/48598\/revisions"}],"predecessor-version":[{"id":48645,"href":"https:\/\/fedai.az\/index.php?rest_route=\/wp\/v2\/posts\/48598\/revisions\/48645"}],"wp:featuredmedia":[{"embeddable":true,"href":"https:\/\/fedai.az\/index.php?rest_route=\/wp\/v2\/media\/48600"}],"wp:attachment":[{"href":"https:\/\/fedai.az\/index.php?rest_route=%2Fwp%2Fv2%2Fmedia&parent=48598"}],"wp:term":[{"taxonomy":"category","embeddable":true,"href":"https:\/\/fedai.az\/index.php?rest_route=%2Fwp%2Fv2%2Fcategories&post=48598"},{"taxonomy":"post_tag","embeddable":true,"href":"https:\/\/fedai.az\/index.php?rest_route=%2Fwp%2Fv2%2Ftags&post=48598"}],"curies":[{"name":"wp","href":"https:\/\/api.w.org\/{rel}","templated":true}]}}