{"id":48607,"date":"2021-09-18T01:49:25","date_gmt":"2021-09-17T21:49:25","guid":{"rendered":"https:\/\/fedai.az\/?p=48607"},"modified":"2021-09-18T01:49:28","modified_gmt":"2021-09-17T21:49:28","slug":"dahi-uzeyir-b%c9%99yin-dogum-gunudur-uzeyir-hacib%c9%99yli-il%c9%99-bagli-10-maraqli-fakt","status":"publish","type":"post","link":"https:\/\/fedai.az\/?p=48607","title":{"rendered":"Dahi \u00dczeyir b\u0259yin do\u011fum g\u00fcn\u00fcd\u00fcr: \u00dczeyir Hac\u0131b\u0259yli il\u0259 ba\u011fl\u0131 &#8212; 10 MARAQLI FAKT"},"content":{"rendered":"\n<p><strong>Bu g\u00fcn g\u00f6rk\u0259mli b\u0259st\u0259kar, publisist, ictimai xadim \u00dczeyir Hac\u0131b\u0259ylinin (1885-1948) do\u011fum g\u00fcn\u00fcd\u00fcr. \u00dczeyir Hac\u0131b\u0259yov 1885-ci il sentyabr\u0131n 18-d\u0259 \u018fbd\u00fclh\u00fcseyn b\u0259y v\u0259 \u015eirinb\u0259yim xan\u0131m Hac\u0131b\u0259yovlar\u0131n ail\u0259sind\u0259 do\u011fulub.\u00a0<\/strong><\/p>\n\n\n\n<figure class=\"wp-block-image size-large is-resized\"><img loading=\"lazy\" decoding=\"async\" src=\"https:\/\/fedai.az\/wp-content\/uploads\/2021\/09\/3991.jpg\" alt=\"\" class=\"wp-image-48610\" width=\"934\" height=\"560\" srcset=\"https:\/\/fedai.az\/wp-content\/uploads\/2021\/09\/3991.jpg 700w, https:\/\/fedai.az\/wp-content\/uploads\/2021\/09\/3991-300x180.jpg 300w, https:\/\/fedai.az\/wp-content\/uploads\/2021\/09\/3991-150x90.jpg 150w, https:\/\/fedai.az\/wp-content\/uploads\/2021\/09\/3991-184x109.jpg 184w\" sizes=\"auto, (max-width: 934px) 100vw, 934px\" \/><\/figure>\n\n\n\n<p> \u00dczeyir Hac\u0131b\u0259yli il\u0259 ba\u011fl\u0131 10 maraql\u0131 fakt\u0131 t\u0259qdim edir:<\/p>\n\n\n\n<p>\u00a01. \u00dczeyir Hac\u0131b\u0259yli Az\u0259rbaycan tarixind\u0259 ilk b\u0259st\u0259kard\u0131r v\u0259 m\u00fcs\u0259lman \u015e\u0259rqind\u0259 ilk operan\u0131n banisidir.<\/p>\n\n\n\n<p>\u00a02. O, Az\u0259rbaycan Xalq C\u00fcmhuriyy\u0259ti Parlamentinin, daha sonra is\u0259 SSR\u0130 Ali Sovetinin deputat\u0131 olub.<\/p>\n\n\n\n<p>\u00a03. Nazirl\u0259r Kabinetinin 7 may 2009-cu il tarixli q\u0259rar\u0131 il\u0259 \u00dczeyir Hac\u0131b\u0259yli \u0259s\u0259rl\u0259ri Az\u0259rbaycan Respublikas\u0131nda d\u00f6vl\u0259t varidat\u0131 elan edil\u0259n m\u00fc\u0259llifl\u0259rin siyah\u0131s\u0131na daxil edilib.<\/p>\n\n\n\n<p>4. G\u00f6rk\u0259mli dirijor v\u0259 b\u0259st\u0259kar Maestro Niyazini repressiyadan \u00dczeyir b\u0259y qoruyub.<\/p>\n\n\n\n<p>\u00a05. \u00dczeyir b\u0259y milliyy\u0259tc\u0259 tatar M\u0259leyk\u0259 Terequlova il\u0259 ail\u0259 qurub, lakin \u00f6vlad\u0131 olmay\u0131b. Deyil\u0259n\u0259 g\u00f6r\u0259, M\u0259leyk\u0259 xan\u0131m \u00dczeyir b\u0259yin \u00f6vlad sahibi olmaq \u00fc\u00e7\u00fcn ba\u015fqa qad\u0131nla evl\u0259nm\u0259sini t\u0259klif edib. Amma \u00dczeyir b\u0259y bunu q\u0259bul etm\u0259yib.<\/p>\n\n\n\n<p>\u00a06. \u00dc.Hac\u0131b\u0259yli g\u00f6rk\u0259mli b\u0259st\u0259kar M\u00fcsl\u00fcm Maqomayevl\u0259 (1885-1937) bacanaq olub. Onlar h\u0259m d\u0259 eyni ild\u0259, eyni g\u00fcnd\u0259 (1885, 18 sentyabr) anadan olublar.\u00a0<\/p>\n\n\n\n<p>7. Repressiya d\u00f6vr\u00fcnd\u0259 \u00dczeyir Hac\u0131b\u0259yli ad\u0131 g\u00fcll\u0259l\u0259n\u0259c\u0259k adamlar siyah\u0131s\u0131na sal\u0131n\u0131b, lakin sonradan \u00e7\u0131xar\u0131l\u0131b.\u00a0<\/p>\n\n\n\n<p>8. \u00dczeyir b\u0259yin \u00f6mr\u00fcn\u00fcn son ill\u0259rind\u0259 yazd\u0131\u011f\u0131 \u201cFiruz\u0259\u201d operas\u0131 yar\u0131m\u00e7\u0131q qal\u0131b.\u00a0<\/p>\n\n\n\n<p>9. B\u0259st\u0259kar milli musiqi m\u00fcsabiq\u0259sind\u0259 m\u00fcnsif olanda erm\u0259nil\u0259r yuxar\u0131 dair\u0259l\u0259r\u0259 m\u0259ktub yazaraq, \u00dczeyir b\u0259yin mill\u0259t\u00e7ilik etdiyini iddia edirl\u0259r. Bu hadis\u0259l\u0259r \u00dczeyir b\u0259y\u0259 \u00e7ox pis t\u0259sir edir v\u0259 o, \u015f\u0259k\u0259r x\u0259st\u0259liyin\u0259 tutulur.\u00a0<\/p>\n\n\n\n<p>10. Dahi b\u0259st\u0259kar\u0131n h\u0259kimi erm\u0259ni Osipyan ona yanl\u0131\u015f m\u00fcalic\u0259 v\u0259 p\u0259hriz t\u0259yin edib. Bunun n\u0259tic\u0259sind\u0259 \u00dc. Hac\u0131b\u0259yli bir ay \u0259rzind\u0259 18 kq ar\u0131qlay\u0131b, orqanizmi z\u0259ifl\u0259yib v\u0259 \u00fcr\u0259k tutmalar\u0131 ba\u015flay\u0131b.<\/p>\n\n\n\n<p> SSR\u0130-nin lideri Stalin \u201cKoro\u011flu\u201d operas\u0131na g\u00f6r\u0259 \u00dczeyir Hac\u0131b\u0259ylini \u201cQAZ M-1\u201d markal\u0131 avtomobill\u0259 m\u00fckafatland\u0131r\u0131b.<\/p>\n\n\n\n<p>M\u0259nb\u0259: Kult.az<\/p>\n","protected":false},"excerpt":{"rendered":"<p>Bu g\u00fcn g\u00f6rk\u0259mli b\u0259st\u0259kar, publisist, ictimai xadim \u00dczeyir Hac\u0131b\u0259ylinin (1885-1948) do\u011fum g\u00fcn\u00fcd\u00fcr. \u00dczeyir Hac\u0131b\u0259yov 1885-ci il sentyabr\u0131n 18-d\u0259 \u018fbd\u00fclh\u00fcseyn b\u0259y v\u0259 \u015eirinb\u0259yim xan\u0131m Hac\u0131b\u0259yovlar\u0131n<\/p>\n","protected":false},"author":2,"featured_media":48608,"comment_status":"closed","ping_status":"closed","sticky":false,"template":"","format":"standard","meta":{"footnotes":""},"categories":[4],"tags":[],"class_list":["post-48607","post","type-post","status-publish","format-standard","has-post-thumbnail","hentry","category-qarabag"],"aioseo_notices":[],"_links":{"self":[{"href":"https:\/\/fedai.az\/index.php?rest_route=\/wp\/v2\/posts\/48607","targetHints":{"allow":["GET"]}}],"collection":[{"href":"https:\/\/fedai.az\/index.php?rest_route=\/wp\/v2\/posts"}],"about":[{"href":"https:\/\/fedai.az\/index.php?rest_route=\/wp\/v2\/types\/post"}],"author":[{"embeddable":true,"href":"https:\/\/fedai.az\/index.php?rest_route=\/wp\/v2\/users\/2"}],"replies":[{"embeddable":true,"href":"https:\/\/fedai.az\/index.php?rest_route=%2Fwp%2Fv2%2Fcomments&post=48607"}],"version-history":[{"count":1,"href":"https:\/\/fedai.az\/index.php?rest_route=\/wp\/v2\/posts\/48607\/revisions"}],"predecessor-version":[{"id":48611,"href":"https:\/\/fedai.az\/index.php?rest_route=\/wp\/v2\/posts\/48607\/revisions\/48611"}],"wp:featuredmedia":[{"embeddable":true,"href":"https:\/\/fedai.az\/index.php?rest_route=\/wp\/v2\/media\/48608"}],"wp:attachment":[{"href":"https:\/\/fedai.az\/index.php?rest_route=%2Fwp%2Fv2%2Fmedia&parent=48607"}],"wp:term":[{"taxonomy":"category","embeddable":true,"href":"https:\/\/fedai.az\/index.php?rest_route=%2Fwp%2Fv2%2Fcategories&post=48607"},{"taxonomy":"post_tag","embeddable":true,"href":"https:\/\/fedai.az\/index.php?rest_route=%2Fwp%2Fv2%2Ftags&post=48607"}],"curies":[{"name":"wp","href":"https:\/\/api.w.org\/{rel}","templated":true}]}}