{"id":48612,"date":"2021-09-18T01:56:10","date_gmt":"2021-09-17T21:56:10","guid":{"rendered":"https:\/\/fedai.az\/?p=48612"},"modified":"2021-09-18T08:58:16","modified_gmt":"2021-09-18T04:58:16","slug":"pasinyan-cixis-ed%c9%99rk%c9%99n-mudafi%c9%99-naziri-yuxulayib","status":"publish","type":"post","link":"https:\/\/fedai.az\/?p=48612","title":{"rendered":"Pa\u015finyan \u00e7\u0131x\u0131\u015f ed\u0259rk\u0259n m\u00fcdafi\u0259 naziri yuxulay\u0131b"},"content":{"rendered":"\n<p><strong>Erm\u0259nistan\u0131n ba\u015f naziri Nikol Pa\u015finyan Tacikistan\u0131n paytaxt\u0131 D\u00fc\u015f\u0259nb\u0259d\u0259 ke\u00e7iril\u0259n Kollektiv T\u0259hl\u00fck\u0259sizlik M\u00fcqavil\u0259si T\u0259\u015fkilat\u0131n\u0131n sammitind\u0259 \u00e7\u0131x\u0131\u015f ed\u0259rk\u0259n g\u00fclm\u0259li v\u0259ziyy\u0259t yaran\u0131b.<\/strong><\/p>\n\n\n\n<p>Nikol Pa\u015finyan \u00e7\u0131x\u0131\u015f edir, lakin onu m\u00fc\u015fayi\u0259t ed\u0259n, yan\u0131nda yer alan erm\u0259ni nazir is\u0259 ona \u0259h\u0259miyy\u0259t vermir v\u0259 yuxulay\u0131r.<\/p>\n\n\n\n<p>Halbuki KTMT h\u0259rbi t\u0259\u015fkilatd\u0131r v\u0259 g\u00fcnd\u0259likd\u0259 duran m\u0259s\u0259l\u0259l\u0259r el\u0259 m\u00fcdafi\u0259 nazirl\u0259rini m\u0259\u015f\u011ful etm\u0259lidir.<\/p>\n\n\n\n<p>Lakin n\u0259d\u0259ns\u0259 Nikol Pa\u015finyan \u00e7\u0131x\u0131\u015f ed\u0259rk\u0259n Erm\u0259nistan\u0131n m\u00fcdafi\u0259 naziri Ar\u015fak Karapetyan\u0131n g\u00f6z qapaqlar\u0131 yumulur, bunun qeyri-ixtiyari oldu\u011funu dem\u0259k d\u0259 \u00e7\u0259tindir.<\/p>\n\n\n\n<p>Bir m\u00fcdafi\u0259 naziri \u00f6lk\u0259sinin ba\u015f naziri \u00e7\u0131x\u0131\u015f ed\u0259rk\u0259n nec\u0259 olur-olsun g\u00f6z qapaqlar\u0131na n\u0259zar\u0259t etm\u0259lidir, amma Karapetyan \u00fc\u00e7\u00fcn Pa\u015finyan\u0131n dedikl\u0259ri \u201cyuxu d\u0259rman\u0131\u201dd\u0131r.<\/p>\n\n\n\n<p>Ar\u015fak Karapetyan bir m\u00fcdd\u0259t \u00f6nc\u0259 Erm\u0259nistan ordusuna Az\u0259rbaycan\u0131n s\u0259rh\u0259dd\u0259 yeni m\u00f6vqel\u0259r qurmas\u0131na qar\u015f\u0131l\u0131q olaraq at\u0259\u015f a\u00e7maq \u0259mri verm\u0259si il\u0259 g\u00fcnd\u0259m\u0259 g\u0259lmi\u015fdi.<\/p>\n\n\n\n<p>M\u0259nb\u0259: Oxu.az<\/p>\n\n\n\n<figure class=\"wp-block-embed is-type-video is-provider-youtube wp-block-embed-youtube wp-embed-aspect-16-9 wp-has-aspect-ratio\"><div class=\"wp-block-embed__wrapper\">\n<iframe loading=\"lazy\" title=\"Pa\u015finyan \u00e7\u0131x\u0131\u015f\u0131 zaman\u0131 m\u00fcdafi\u0259 naziri yuxulad\u0131 - V\u0130DEO\" width=\"715\" height=\"402\" src=\"https:\/\/www.youtube.com\/embed\/x4si0L78QZo?feature=oembed\" frameborder=\"0\" allow=\"accelerometer; autoplay; clipboard-write; encrypted-media; gyroscope; picture-in-picture\" allowfullscreen><\/iframe>\n<\/div><\/figure>\n","protected":false},"excerpt":{"rendered":"<p>Erm\u0259nistan\u0131n ba\u015f naziri Nikol Pa\u015finyan Tacikistan\u0131n paytaxt\u0131 D\u00fc\u015f\u0259nb\u0259d\u0259 ke\u00e7iril\u0259n Kollektiv T\u0259hl\u00fck\u0259sizlik M\u00fcqavil\u0259si T\u0259\u015fkilat\u0131n\u0131n sammitind\u0259 \u00e7\u0131x\u0131\u015f ed\u0259rk\u0259n g\u00fclm\u0259li v\u0259ziyy\u0259t yaran\u0131b. Nikol Pa\u015finyan \u00e7\u0131x\u0131\u015f edir, lakin<\/p>\n","protected":false},"author":2,"featured_media":48637,"comment_status":"closed","ping_status":"closed","sticky":false,"template":"","format":"standard","meta":{"footnotes":""},"categories":[1],"tags":[],"class_list":["post-48612","post","type-post","status-publish","format-standard","has-post-thumbnail","hentry","category-siyast"],"aioseo_notices":[],"_links":{"self":[{"href":"https:\/\/fedai.az\/index.php?rest_route=\/wp\/v2\/posts\/48612","targetHints":{"allow":["GET"]}}],"collection":[{"href":"https:\/\/fedai.az\/index.php?rest_route=\/wp\/v2\/posts"}],"about":[{"href":"https:\/\/fedai.az\/index.php?rest_route=\/wp\/v2\/types\/post"}],"author":[{"embeddable":true,"href":"https:\/\/fedai.az\/index.php?rest_route=\/wp\/v2\/users\/2"}],"replies":[{"embeddable":true,"href":"https:\/\/fedai.az\/index.php?rest_route=%2Fwp%2Fv2%2Fcomments&post=48612"}],"version-history":[{"count":1,"href":"https:\/\/fedai.az\/index.php?rest_route=\/wp\/v2\/posts\/48612\/revisions"}],"predecessor-version":[{"id":48613,"href":"https:\/\/fedai.az\/index.php?rest_route=\/wp\/v2\/posts\/48612\/revisions\/48613"}],"wp:featuredmedia":[{"embeddable":true,"href":"https:\/\/fedai.az\/index.php?rest_route=\/wp\/v2\/media\/48637"}],"wp:attachment":[{"href":"https:\/\/fedai.az\/index.php?rest_route=%2Fwp%2Fv2%2Fmedia&parent=48612"}],"wp:term":[{"taxonomy":"category","embeddable":true,"href":"https:\/\/fedai.az\/index.php?rest_route=%2Fwp%2Fv2%2Fcategories&post=48612"},{"taxonomy":"post_tag","embeddable":true,"href":"https:\/\/fedai.az\/index.php?rest_route=%2Fwp%2Fv2%2Ftags&post=48612"}],"curies":[{"name":"wp","href":"https:\/\/api.w.org\/{rel}","templated":true}]}}