{"id":48614,"date":"2021-09-18T02:03:25","date_gmt":"2021-09-17T22:03:25","guid":{"rendered":"https:\/\/fedai.az\/?p=48614"},"modified":"2021-09-18T02:03:28","modified_gmt":"2021-09-17T22:03:28","slug":"uc-qardas-2021-xususi-t%c9%99yinatlilar-doyus%c9%99-hazir-v%c9%99ziyy%c9%99t%c9%99-g%c9%99tirilib","status":"publish","type":"post","link":"https:\/\/fedai.az\/?p=48614","title":{"rendered":"\u201c\u00dc\u00e7 qarda\u015f &#8212; 2021\u201d: X\u00fcsusi t\u0259yinatl\u0131lar d\u00f6y\u00fc\u015f\u0259 haz\u0131r v\u0259ziyy\u0259t\u0259 g\u0259tirilib"},"content":{"rendered":"\n<p><strong>Az\u0259rbaycan, T\u00fcrkiy\u0259 v\u0259 Pakistan Respublikalar\u0131 aras\u0131nda h\u0259rbi sah\u0259d\u0259 \u0259m\u0259kda\u015fl\u0131q haqq\u0131nda sazi\u015f\u0259 \u0259sas\u0259n Bak\u0131da ke\u00e7iril\u0259n \u201c\u00dc\u00e7 qarda\u015f &#8212; 2021\u201d beyn\u0259lxalq t\u0259liminin n\u00f6vb\u0259ti m\u0259rh\u0259l\u0259si u\u011furla icra olunub.<\/strong><\/p>\n\n\n\n<p>Bu bar\u0259d\u0259\u00a0M\u00fcdafi\u0259 Nazirliyin\u0259 istinad\u0259n x\u0259b\u0259r verir.<\/p>\n\n\n\n<p>T\u0259limin plan\u0131na uy\u011fun olaraq x\u00fcsusi t\u0259yinatl\u0131lar d\u00f6y\u00fc\u015f\u0259 haz\u0131r v\u0259ziyy\u0259t\u0259 g\u0259tiril\u0259r\u0259k b\u00f6lm\u0259l\u0259rimizin m\u00fcdafi\u0259sinin d\u0259rinliyin\u0259 daxil olan \u015f\u0259rti d\u00fc\u015fm\u0259n qrupla\u015fmas\u0131n\u0131n m\u0259hv edilm\u0259si tap\u015f\u0131r\u0131qlar\u0131n\u0131 yerin\u0259 yetiribl\u0259r.<\/p>\n\n\n\n<p>Sentyabr\u0131n 20-d\u0259k davam ed\u0259c\u0259k t\u0259liml\u0259rin bu m\u0259rh\u0259l\u0259sind\u0259 d\u0259 qarda\u015f \u00f6lk\u0259l\u0259rin x\u00fcsusi t\u0259yinatl\u0131lar\u0131 y\u00fcks\u0259k pe\u015f\u0259karl\u0131q n\u00fcmayi\u015f etdiribl\u0259r.<\/p>\n\n\n\n<figure class=\"wp-block-embed is-type-video is-provider-youtube wp-block-embed-youtube wp-embed-aspect-16-9 wp-has-aspect-ratio\"><div class=\"wp-block-embed__wrapper\">\n<iframe loading=\"lazy\" title=\"\u201c\u00dc\u00e7 qarda\u015f - 2021\u201d t\u0259liminin n\u00f6vb\u0259ti m\u0259rh\u0259l\u0259si icra edilib\" width=\"715\" height=\"402\" src=\"https:\/\/www.youtube.com\/embed\/aJ0iryjUQPo?feature=oembed\" frameborder=\"0\" allow=\"accelerometer; autoplay; clipboard-write; encrypted-media; gyroscope; picture-in-picture\" allowfullscreen><\/iframe>\n<\/div><\/figure>\n","protected":false},"excerpt":{"rendered":"<p>Az\u0259rbaycan, T\u00fcrkiy\u0259 v\u0259 Pakistan Respublikalar\u0131 aras\u0131nda h\u0259rbi sah\u0259d\u0259 \u0259m\u0259kda\u015fl\u0131q haqq\u0131nda sazi\u015f\u0259 \u0259sas\u0259n Bak\u0131da ke\u00e7iril\u0259n \u201c\u00dc\u00e7 qarda\u015f &#8212; 2021\u201d beyn\u0259lxalq t\u0259liminin n\u00f6vb\u0259ti m\u0259rh\u0259l\u0259si u\u011furla icra<\/p>\n","protected":false},"author":2,"featured_media":48615,"comment_status":"closed","ping_status":"closed","sticky":false,"template":"","format":"standard","meta":{"footnotes":""},"categories":[3],"tags":[],"class_list":["post-48614","post","type-post","status-publish","format-standard","has-post-thumbnail","hentry","category-gundm"],"aioseo_notices":[],"_links":{"self":[{"href":"https:\/\/fedai.az\/index.php?rest_route=\/wp\/v2\/posts\/48614","targetHints":{"allow":["GET"]}}],"collection":[{"href":"https:\/\/fedai.az\/index.php?rest_route=\/wp\/v2\/posts"}],"about":[{"href":"https:\/\/fedai.az\/index.php?rest_route=\/wp\/v2\/types\/post"}],"author":[{"embeddable":true,"href":"https:\/\/fedai.az\/index.php?rest_route=\/wp\/v2\/users\/2"}],"replies":[{"embeddable":true,"href":"https:\/\/fedai.az\/index.php?rest_route=%2Fwp%2Fv2%2Fcomments&post=48614"}],"version-history":[{"count":1,"href":"https:\/\/fedai.az\/index.php?rest_route=\/wp\/v2\/posts\/48614\/revisions"}],"predecessor-version":[{"id":48616,"href":"https:\/\/fedai.az\/index.php?rest_route=\/wp\/v2\/posts\/48614\/revisions\/48616"}],"wp:featuredmedia":[{"embeddable":true,"href":"https:\/\/fedai.az\/index.php?rest_route=\/wp\/v2\/media\/48615"}],"wp:attachment":[{"href":"https:\/\/fedai.az\/index.php?rest_route=%2Fwp%2Fv2%2Fmedia&parent=48614"}],"wp:term":[{"taxonomy":"category","embeddable":true,"href":"https:\/\/fedai.az\/index.php?rest_route=%2Fwp%2Fv2%2Fcategories&post=48614"},{"taxonomy":"post_tag","embeddable":true,"href":"https:\/\/fedai.az\/index.php?rest_route=%2Fwp%2Fv2%2Ftags&post=48614"}],"curies":[{"name":"wp","href":"https:\/\/api.w.org\/{rel}","templated":true}]}}