{"id":48638,"date":"2021-09-18T09:55:56","date_gmt":"2021-09-18T05:55:56","guid":{"rendered":"https:\/\/fedai.az\/?p=48638"},"modified":"2021-09-18T09:55:59","modified_gmt":"2021-09-18T05:55:59","slug":"mudafi%c9%99-nazirliyi-iki-qardas-s%c9%99hidl%c9%99-bagli-video-yaydi","status":"publish","type":"post","link":"https:\/\/fedai.az\/?p=48638","title":{"rendered":"M\u00fcdafi\u0259 Nazirliyi \u0130K\u0130 QARDA\u015e \u015e\u018fH\u0130DL\u018f ba\u011fl\u0131 V\u0130DEO yayd\u0131"},"content":{"rendered":"\n<p><strong>H\u0259zi Aslanov ad\u0131na Ordu \u0130deoloji v\u0259 M\u0259d\u0259niyy\u0259t M\u0259rk\u0259zind\u0259 V\u0259t\u0259n m\u00fcharib\u0259sind\u0259 torpaqlar\u0131m\u0131z\u0131n azadl\u0131\u011f\u0131 u\u011frunda ged\u0259n d\u00f6y\u00fc\u015fl\u0259rd\u0259 \u015f\u0259hidlik zirv\u0259sin\u0259 y\u00fcks\u0259l\u0259n iki qarda\u015f &#8212; B\u0259hr\u0259m v\u0259 \u0130man M\u0259mm\u0259dzad\u0259l\u0259rin xatir\u0259sin\u0259 h\u0259sr olunan t\u0259dbir ke\u00e7irilib. <\/strong><\/p>\n\n\n\n<p>T\u0259dbird\u0259 \u015f\u0259hidl\u0259rin ail\u0259 \u00fczvl\u0259ri v\u0259 yax\u0131nlar\u0131, Qaraba\u011f m\u00fcharib\u0259si \u0259lill\u0259ri, h\u0259rbi qulluq\u00e7ular v\u0259 ictimaiyy\u0259tin n\u00fcmay\u0259nd\u0259l\u0259ri i\u015ftirak edibl\u0259r. \u018fvv\u0259lc\u0259 xalq\u0131m\u0131z\u0131n \u00fcmummilli lideri Heyd\u0259r \u018fliyevin v\u0259 Az\u0259rbaycan\u0131n suverenliyi, \u0259razi b\u00fct\u00f6vl\u00fcy\u00fc v\u0259 torpaqlar\u0131m\u0131z\u0131n azadl\u0131\u011f\u0131 u\u011frunda can\u0131ndan ke\u00e7\u0259n \u015f\u0259hidl\u0259rimizin xatir\u0259si bir d\u0259qiq\u0259lik s\u00fckutla yad olunub. Az\u0259rbaycan Respublikas\u0131n\u0131n D\u00f6vl\u0259t himni s\u0259sl\u0259ndirilib. <\/p>\n\n\n\n<p>T\u0259dbird\u0259 \u00e7\u0131x\u0131\u015f ed\u0259nl\u0259r \u015f\u0259hid qarda\u015flar\u0131n q\u0131sa v\u0259 \u015f\u0259r\u0259fli d\u00f6y\u00fc\u015f yollar\u0131ndan, onlar\u0131n V\u0259t\u0259n m\u00fcharib\u0259sind\u0259 g\u00f6st\u0259rdikl\u0259ri c\u0259sar\u0259tl\u0259rind\u0259n dan\u0131\u015f\u0131blar. Vur\u011fulan\u0131b ki, B\u0259hr\u0259m v\u0259 \u0130man qarda\u015flar\u0131 kimi o\u011fullar h\u0259r zaman xalq\u0131m\u0131z\u0131n yadda\u015f\u0131nda ya\u015fayacaqd\u0131r.<\/p>\n\n\n\n<p> Sonda H\u0259zi Aslanov ad\u0131na Ordu \u0130deoloji v\u0259 M\u0259d\u0259niyy\u0259t M\u0259rk\u0259zinin solistl\u0259rinin v\u0259t\u0259np\u0259rv\u0259rlik m\u00f6vzusunda ifalar\u0131 olub.<\/p>\n\n\n\n<figure class=\"wp-block-embed is-type-video is-provider-youtube wp-block-embed-youtube wp-embed-aspect-16-9 wp-has-aspect-ratio\"><div class=\"wp-block-embed__wrapper\">\n<iframe loading=\"lazy\" title=\"\u015e\u0259hidl\u0259rin \u0259ziz xatir\u0259si an\u0131l\u0131b\" width=\"715\" height=\"402\" src=\"https:\/\/www.youtube.com\/embed\/09TTSaHn-JU?feature=oembed\" frameborder=\"0\" allow=\"accelerometer; autoplay; clipboard-write; encrypted-media; gyroscope; picture-in-picture\" allowfullscreen><\/iframe>\n<\/div><\/figure>\n","protected":false},"excerpt":{"rendered":"<p>H\u0259zi Aslanov ad\u0131na Ordu \u0130deoloji v\u0259 M\u0259d\u0259niyy\u0259t M\u0259rk\u0259zind\u0259 V\u0259t\u0259n m\u00fcharib\u0259sind\u0259 torpaqlar\u0131m\u0131z\u0131n azadl\u0131\u011f\u0131 u\u011frunda ged\u0259n d\u00f6y\u00fc\u015fl\u0259rd\u0259 \u015f\u0259hidlik zirv\u0259sin\u0259 y\u00fcks\u0259l\u0259n iki qarda\u015f &#8212; B\u0259hr\u0259m v\u0259 \u0130man<\/p>\n","protected":false},"author":2,"featured_media":48639,"comment_status":"closed","ping_status":"closed","sticky":false,"template":"","format":"standard","meta":{"footnotes":""},"categories":[4],"tags":[],"class_list":["post-48638","post","type-post","status-publish","format-standard","has-post-thumbnail","hentry","category-qarabag"],"aioseo_notices":[],"_links":{"self":[{"href":"https:\/\/fedai.az\/index.php?rest_route=\/wp\/v2\/posts\/48638","targetHints":{"allow":["GET"]}}],"collection":[{"href":"https:\/\/fedai.az\/index.php?rest_route=\/wp\/v2\/posts"}],"about":[{"href":"https:\/\/fedai.az\/index.php?rest_route=\/wp\/v2\/types\/post"}],"author":[{"embeddable":true,"href":"https:\/\/fedai.az\/index.php?rest_route=\/wp\/v2\/users\/2"}],"replies":[{"embeddable":true,"href":"https:\/\/fedai.az\/index.php?rest_route=%2Fwp%2Fv2%2Fcomments&post=48638"}],"version-history":[{"count":1,"href":"https:\/\/fedai.az\/index.php?rest_route=\/wp\/v2\/posts\/48638\/revisions"}],"predecessor-version":[{"id":48640,"href":"https:\/\/fedai.az\/index.php?rest_route=\/wp\/v2\/posts\/48638\/revisions\/48640"}],"wp:featuredmedia":[{"embeddable":true,"href":"https:\/\/fedai.az\/index.php?rest_route=\/wp\/v2\/media\/48639"}],"wp:attachment":[{"href":"https:\/\/fedai.az\/index.php?rest_route=%2Fwp%2Fv2%2Fmedia&parent=48638"}],"wp:term":[{"taxonomy":"category","embeddable":true,"href":"https:\/\/fedai.az\/index.php?rest_route=%2Fwp%2Fv2%2Fcategories&post=48638"},{"taxonomy":"post_tag","embeddable":true,"href":"https:\/\/fedai.az\/index.php?rest_route=%2Fwp%2Fv2%2Ftags&post=48638"}],"curies":[{"name":"wp","href":"https:\/\/api.w.org\/{rel}","templated":true}]}}