{"id":48642,"date":"2021-09-18T12:16:19","date_gmt":"2021-09-18T08:16:19","guid":{"rendered":"https:\/\/fedai.az\/?p=48642"},"modified":"2021-09-18T12:16:23","modified_gmt":"2021-09-18T08:16:23","slug":"maqsud-mahmudov-az%c9%99rbaycana-t%c9%99hvil-verildi","status":"publish","type":"post","link":"https:\/\/fedai.az\/?p=48642","title":{"rendered":"Maqsud Mahmudov Az\u0259rbaycana t\u0259hvil verildi"},"content":{"rendered":"\n<p><strong>2020-ci ilin yanvar ay\u0131n\u0131n 10-dan Cinay\u0259t M\u0259c\u0259ll\u0259sinin 178.3.2 (d\u0259l\u0259duzluq k\u00fclli miqdarda ziyan vurmaqla t\u00f6r\u0259dildikd\u0259) madd\u0259si il\u0259 Daxili \u0130\u015fl\u0259r Nazirliyi t\u0259r\u0259find\u0259n beyn\u0259lxalq axtar\u0131\u015fa veril\u0259n&nbsp;Mahmudov Maqsud Soltan o\u011flu&nbsp;bu il iyul ay\u0131nda Ukrayna Respublikas\u0131 \u0259razisind\u0259 tutulub.<\/strong><\/p>\n\n\n\n<p>Bu bar\u0259d\u0259 Ba\u015f Prokurorluq v\u0259 Daxili \u0130\u015fl\u0259r Nazirliyi birg\u0259 m\u0259lumat yay\u0131b.<\/p>\n\n\n\n<p><br>Qeyd olunub ki, o, sentyabr\u0131n 18-d\u0259 Ukraynadan Az\u0259rbaycana g\u0259tiril\u0259r\u0259k istintaqa t\u0259hvil verilib.<\/p>\n","protected":false},"excerpt":{"rendered":"<p>2020-ci ilin yanvar ay\u0131n\u0131n 10-dan Cinay\u0259t M\u0259c\u0259ll\u0259sinin 178.3.2 (d\u0259l\u0259duzluq k\u00fclli miqdarda ziyan vurmaqla t\u00f6r\u0259dildikd\u0259) madd\u0259si il\u0259 Daxili \u0130\u015fl\u0259r Nazirliyi t\u0259r\u0259find\u0259n beyn\u0259lxalq axtar\u0131\u015fa veril\u0259n&nbsp;Mahmudov Maqsud<\/p>\n","protected":false},"author":2,"featured_media":0,"comment_status":"closed","ping_status":"closed","sticky":false,"template":"","format":"standard","meta":{"footnotes":""},"categories":[3],"tags":[],"class_list":["post-48642","post","type-post","status-publish","format-standard","hentry","category-gundm"],"aioseo_notices":[],"_links":{"self":[{"href":"https:\/\/fedai.az\/index.php?rest_route=\/wp\/v2\/posts\/48642","targetHints":{"allow":["GET"]}}],"collection":[{"href":"https:\/\/fedai.az\/index.php?rest_route=\/wp\/v2\/posts"}],"about":[{"href":"https:\/\/fedai.az\/index.php?rest_route=\/wp\/v2\/types\/post"}],"author":[{"embeddable":true,"href":"https:\/\/fedai.az\/index.php?rest_route=\/wp\/v2\/users\/2"}],"replies":[{"embeddable":true,"href":"https:\/\/fedai.az\/index.php?rest_route=%2Fwp%2Fv2%2Fcomments&post=48642"}],"version-history":[{"count":1,"href":"https:\/\/fedai.az\/index.php?rest_route=\/wp\/v2\/posts\/48642\/revisions"}],"predecessor-version":[{"id":48644,"href":"https:\/\/fedai.az\/index.php?rest_route=\/wp\/v2\/posts\/48642\/revisions\/48644"}],"wp:attachment":[{"href":"https:\/\/fedai.az\/index.php?rest_route=%2Fwp%2Fv2%2Fmedia&parent=48642"}],"wp:term":[{"taxonomy":"category","embeddable":true,"href":"https:\/\/fedai.az\/index.php?rest_route=%2Fwp%2Fv2%2Fcategories&post=48642"},{"taxonomy":"post_tag","embeddable":true,"href":"https:\/\/fedai.az\/index.php?rest_route=%2Fwp%2Fv2%2Ftags&post=48642"}],"curies":[{"name":"wp","href":"https:\/\/api.w.org\/{rel}","templated":true}]}}