{"id":48646,"date":"2021-09-18T17:19:34","date_gmt":"2021-09-18T13:19:34","guid":{"rendered":"https:\/\/fedai.az\/?p=48646"},"modified":"2021-09-18T17:21:41","modified_gmt":"2021-09-18T13:21:41","slug":"dahi-sevgisi","status":"publish","type":"post","link":"https:\/\/fedai.az\/?p=48646","title":{"rendered":"DAH\u0130 SEVG\u0130S\u0130"},"content":{"rendered":"\n<p><strong>Bu g\u00fcn Az\u0259rbaycan musiqi s\u0259n\u0259tinin, ictimai fikrimizin , elm v\u0259 jurnalistikam\u0131z\u0131n zirv\u0259l\u0259rind\u0259n olan B\u00d6Y\u00dcK \u00dczeyir Hac\u0131b\u0259ylinin do\u011fum g\u00fcn\u00fcd\u00fcr. \u00dczeyir b\u0259y bu mill\u0259tin h\u0259mi\u015f\u0259 varl\u0131\u011f\u0131na ehtiyac duydu\u011fu \u015f\u0259xsiyy\u0259tl\u0259rd\u0259ndir. T\u0259kc\u0259 onun &#171;\u00dcvertura&#187;s\u0131 Az\u0259rbaycan s\u0259n\u0259t v\u0259 m\u00fcbariz\u0259 tarixinin \u0259n \u0259h\u0259miyy\u0259tli incil\u0259rind\u0259ndir.<\/strong><\/p>\n\n\n\n<p>Ham\u0131ya m\u0259lumdur ki, dahi b\u0259st\u0259kar\u0131n b\u00fct\u00fcn varl\u0131\u011f\u0131 mill\u0259tin\u0259, onun d\u00f6vl\u0259t\u00e7ilik m\u00fcbariz\u0259sin\u0259, bu g\u00fcn\u00fcn\u0259 v\u0259 g\u0259l\u0259c\u0259yin\u0259 h\u0259sr olunub. <\/p>\n\n\n\n<p>Tarix n\u0259 q\u0259d\u0259r d\u0259yi\u015fk\u0259n v\u0259 amans\u0131z olsa da, onu yaradanlar v\u0259 yazanlar m\u00f6h\u00fcrb\u0259nd kimi onun yadda\u015f\u0131nda qal\u0131r. \u00dczeyir b\u0259y Az\u0259rbaycan\u0131n \u015f\u0259r\u0259f tarixind\u0259 \u00f6z\u00fcn\u0259 l\u0259yaq\u0259tli yer tutmu\u015f \u015f\u0259xsiyy\u0259tl\u0259rd\u0259ndir v\u0259 d\u00fcnyam\u0131z var olduqca , bu ucal\u0131q ham\u0131m\u0131z\u0131n sevgi yeri kimi \u0259b\u0259diyy\u0259td\u0259ki yerini tutacaqd\u0131r. Dahi b\u0259st\u0259kar\u0131n do\u011fum g\u00fcn\u00fcnd\u0259 b\u00fct\u00fcn g\u0259nc\u0259lil\u0259rin h\u00f6rm\u0259tl\u0259 and\u0131\u011f\u0131 Asim Asiman\u0131n ona h\u0259sr etdiyi bi \u015feiri diqq\u0259t\u0259 \u00e7atd\u0131rmaq ist\u0259yir\u0259m. <\/p>\n\n\n\n<p>\u018fvv\u0259la onu deyim ki, \u015feir \u00f6t\u0259n \u0259srin 70- ci ill\u0259rinin \u0259vv\u0259ll\u0259rind\u0259 yaz\u0131l\u0131b v\u0259 \u00dczeyir b\u0259yin s\u0259n\u0259tkar, el\u0259c\u0259 d\u0259 v\u0259t\u0259np\u0259rv\u0259r m\u00f6vqeyini \u00f6z\u00fcnd\u0259 \u0259ks etdirir. H\u0259min ill\u0259rin \u0259d\u0259bi m\u00fchitin\u0259 n\u0259z\u0259r salsaq, bu tipli \u0259d\u0259bi n\u00fcmun\u0259l\u0259rin he\u00e7 d\u0259 \u00e7ox olmad\u0131\u011f\u0131n\u0131n \u015fahidi olar\u0131q. Amma m\u0259rhum Asim m\u00fc\u0259llimin dahi b\u0259st\u0259kara h\u0259sr etdiyi \u015feirin ruhu bu g\u00fcn\u00fcm\u00fczl\u0259 s\u0259sl\u0259\u015fir. <\/p>\n\n\n\n<p>H\u0259r iki s\u0259n\u0259tkar\u0131n ruhuna say\u011f\u0131 il\u0259 h\u0259min \u015feiri t\u0259qdim edir\u0259m:<\/p>\n\n\n\n<p><strong>Elbariz M\u0259mm\u0259dli<\/strong><\/p>\n\n\n\n<p> <strong>\u00dcZEY\u0130R N\u018f\u011eM\u018fS\u0130 <\/strong><\/p>\n\n\n\n<p><strong><em>B\u00f6y\u00fck b\u0259st\u0259kar \u00dczeyir Hac\u0131b\u0259yova <\/em><\/strong><\/p>\n\n\n\n<p>Xalq\u0131m\u0131z\u0131n saz\u0131, tar\u0131 m\u0259har\u0259tli \u0259ll\u0259rd\u0259dir,<br>\u00d6mr\u00fcm\u00fcz\u00fcn arzular\u0131, n\u0259\u015fid\u0259si tell\u0259rd\u0259dir.<br>H\u0259r avazda, inc\u0259 xalda c\u0259h-c\u0259hi var h\u0259r bir qu\u015fun,<br>Qalibiyy\u0259t himnini d\u0259 s\u0259n yazm\u0131san, Qurtulu\u015fun!<br>H\u0259r zamanda \u00e7i\u00e7\u0259klidir s\u0259n\u0259t ba\u011f\u0131m, o Bahard\u0131r!<br>He\u00e7 solmayan bir incidir, \u0259n d\u0259y\u0259rli yadigard\u0131r!<br>H\u0259r musiqin igidl\u0259rin Z\u0259f\u0259rl\u0259rl\u0259 \u00f6y\u00fcnm\u0259si,<br>\u0130lk g\u00f6r\u00fc\u015f\u0259 ged\u0259nl\u0259rin \u00fcr\u0259yinin d\u00f6y\u00fcnm\u0259si,<br>Da\u015fdan g\u0259l\u0259n bulaqlar\u0131n ax\u015fam-s\u0259h\u0259r z\u00fcmz\u00fcm\u0259si,<br>A\u015fiql\u0259rin g\u00f6z\u0259l yar\u0131n h\u00fczurunda titr\u0259m\u0259si,<br>Saf duy\u011fular al\u0259mdir, \u015firin h\u0259yat h\u0259v\u0259sidir!<br>Analar\u0131n layla s\u0259si, arzu s\u0259si, n\u0259f\u0259sidir!<br>Bu musiqi, bu \u015f\u0259n n\u0259\u011fm\u0259 zaman-zaman s\u0259sl\u0259n\u0259c\u0259k!<br>\u00dcZEY\u0130R\u0130N \u018fN SEV\u0130ML\u0130 BALASIT\u018fK B\u018fSL\u018fN\u018fC\u018fK!<\/p>\n\n\n\n<p><strong>AS\u0130M QAZIYEV\/Atam\/ 1972<\/strong><\/p>\n","protected":false},"excerpt":{"rendered":"<p>Bu g\u00fcn Az\u0259rbaycan musiqi s\u0259n\u0259tinin, ictimai fikrimizin , elm v\u0259 jurnalistikam\u0131z\u0131n zirv\u0259l\u0259rind\u0259n olan B\u00d6Y\u00dcK \u00dczeyir Hac\u0131b\u0259ylinin do\u011fum g\u00fcn\u00fcd\u00fcr. \u00dczeyir b\u0259y bu mill\u0259tin h\u0259mi\u015f\u0259 varl\u0131\u011f\u0131na<\/p>\n","protected":false},"author":2,"featured_media":0,"comment_status":"closed","ping_status":"closed","sticky":false,"template":"","format":"standard","meta":{"footnotes":""},"categories":[7],"tags":[],"class_list":["post-48646","post","type-post","status-publish","format-standard","hentry","category-tarix"],"aioseo_notices":[],"_links":{"self":[{"href":"https:\/\/fedai.az\/index.php?rest_route=\/wp\/v2\/posts\/48646","targetHints":{"allow":["GET"]}}],"collection":[{"href":"https:\/\/fedai.az\/index.php?rest_route=\/wp\/v2\/posts"}],"about":[{"href":"https:\/\/fedai.az\/index.php?rest_route=\/wp\/v2\/types\/post"}],"author":[{"embeddable":true,"href":"https:\/\/fedai.az\/index.php?rest_route=\/wp\/v2\/users\/2"}],"replies":[{"embeddable":true,"href":"https:\/\/fedai.az\/index.php?rest_route=%2Fwp%2Fv2%2Fcomments&post=48646"}],"version-history":[{"count":3,"href":"https:\/\/fedai.az\/index.php?rest_route=\/wp\/v2\/posts\/48646\/revisions"}],"predecessor-version":[{"id":48650,"href":"https:\/\/fedai.az\/index.php?rest_route=\/wp\/v2\/posts\/48646\/revisions\/48650"}],"wp:attachment":[{"href":"https:\/\/fedai.az\/index.php?rest_route=%2Fwp%2Fv2%2Fmedia&parent=48646"}],"wp:term":[{"taxonomy":"category","embeddable":true,"href":"https:\/\/fedai.az\/index.php?rest_route=%2Fwp%2Fv2%2Fcategories&post=48646"},{"taxonomy":"post_tag","embeddable":true,"href":"https:\/\/fedai.az\/index.php?rest_route=%2Fwp%2Fv2%2Ftags&post=48646"}],"curies":[{"name":"wp","href":"https:\/\/api.w.org\/{rel}","templated":true}]}}