{"id":48651,"date":"2021-09-18T20:41:05","date_gmt":"2021-09-18T16:41:05","guid":{"rendered":"https:\/\/fedai.az\/?p=48651"},"modified":"2021-09-18T20:44:11","modified_gmt":"2021-09-18T16:44:11","slug":"mehriban-%c9%99liyeva-milli-musiqi-gunu-munasib%c9%99til%c9%99-paylasim-edib","status":"publish","type":"post","link":"https:\/\/fedai.az\/?p=48651","title":{"rendered":"Mehriban \u018fliyeva Milli Musiqi G\u00fcn\u00fc m\u00fcnasib\u0259til\u0259 payla\u015f\u0131m edib"},"content":{"rendered":"\n<p><strong>18 sentyabr &#8212; Az\u0259rbaycan\u0131n dahi b\u0259st\u0259kar\u0131 \u00dczeyir Hac\u0131b\u0259ylinin d\u00fcnyaya g\u00f6z a\u00e7d\u0131\u011f\u0131 g\u00fcn \u00f6lk\u0259mizd\u0259 Milli Musiqi G\u00fcn\u00fc kimi qeyd olunur.&nbsp;<\/strong><\/p>\n\n\n\n<p>Birinci vitse-prezident Mehriban \u018fliyeva Milli Musiqi G\u00fcn\u00fc il\u0259 ba\u011fl\u0131 \u201cInstagram\u201d hesab\u0131nda payla\u015f\u0131m edib.&nbsp;<\/p>\n\n\n\n<p><strong>Payla\u015f\u0131mda bildirilir:<\/strong><\/p>\n\n\n\n<p><strong>\u201c18 Sentyabr Milli Musiqi G\u00fcn\u00fcd\u00fcr. Bu g\u00fcn do\u011fum g\u00fcnl\u0259rini qeyd etdiyimiz g\u00f6rk\u0259mli Az\u0259rbaycan b\u0259st\u0259karlar\u0131 \u00dczeyir Hac\u0131b\u0259ylinin v\u0259 M\u00fcsl\u00fcm Maqomayevin \u0259ziz xatir\u0259sini ehtiramla yad edir\u0259m.<\/strong><\/p>\n\n\n\n<p><br>Az\u0259rbaycan xalq\u0131 milli musiqi m\u0259d\u0259niyy\u0259timizin inki\u015faf\u0131na v\u0259 d\u00fcnyada tan\u0131d\u0131lmas\u0131na t\u00f6hf\u0259 vermi\u015f g\u00f6rk\u0259mli b\u0259st\u0259karlar, dirijorlar, ifa\u00e7\u0131lar n\u0259sli il\u0259 haql\u0131 olaraq f\u0259xr edir. \u00d6z s\u0259l\u0259fl\u0259rinin nadir irsin\u0259 ba\u011fl\u0131l\u0131\u011f\u0131 qoruyub saxlamaqla musiqimizi yeni s\u0259sl\u0259r, ifalar v\u0259 yana\u015fmalarla z\u0259nginl\u0259\u015fdir\u0259n b\u00fct\u00fcn musiqi\u00e7il\u0259r\u0259 t\u0259\u015f\u0259kk\u00fcr\u00fcm\u00fc bildirir\u0259m. Sizin ham\u0131n\u0131za t\u00fck\u0259nm\u0259z ilham, enerji, yarad\u0131c\u0131l\u0131q u\u011furlar\u0131 v\u0259 nailiyy\u0259tl\u0259r arzulay\u0131ram!\u201d<\/p>\n\n\n\n<p><a href=\"https:\/\/www.instagram.com\/firstvicepresidentazerbaijan\/?utm_source=ig_embed&amp;ig_rid=d1aab60c-3798-4cce-8cbc-4e7d0413db03\">https:\/\/www.instagram.com\/firstvicepresidentazerbaijan\/?utm_source=ig_embed&amp;ig_rid=d1aab60c-3798-4cce-8cbc-4e7d0413db03<\/a><\/p>\n","protected":false},"excerpt":{"rendered":"<p>18 sentyabr &#8212; Az\u0259rbaycan\u0131n dahi b\u0259st\u0259kar\u0131 \u00dczeyir Hac\u0131b\u0259ylinin d\u00fcnyaya g\u00f6z a\u00e7d\u0131\u011f\u0131 g\u00fcn \u00f6lk\u0259mizd\u0259 Milli Musiqi G\u00fcn\u00fc kimi qeyd olunur.&nbsp; Birinci vitse-prezident Mehriban \u018fliyeva Milli<\/p>\n","protected":false},"author":2,"featured_media":48655,"comment_status":"closed","ping_status":"closed","sticky":false,"template":"","format":"standard","meta":{"footnotes":""},"categories":[3],"tags":[],"class_list":["post-48651","post","type-post","status-publish","format-standard","has-post-thumbnail","hentry","category-gundm"],"aioseo_notices":[],"_links":{"self":[{"href":"https:\/\/fedai.az\/index.php?rest_route=\/wp\/v2\/posts\/48651","targetHints":{"allow":["GET"]}}],"collection":[{"href":"https:\/\/fedai.az\/index.php?rest_route=\/wp\/v2\/posts"}],"about":[{"href":"https:\/\/fedai.az\/index.php?rest_route=\/wp\/v2\/types\/post"}],"author":[{"embeddable":true,"href":"https:\/\/fedai.az\/index.php?rest_route=\/wp\/v2\/users\/2"}],"replies":[{"embeddable":true,"href":"https:\/\/fedai.az\/index.php?rest_route=%2Fwp%2Fv2%2Fcomments&post=48651"}],"version-history":[{"count":2,"href":"https:\/\/fedai.az\/index.php?rest_route=\/wp\/v2\/posts\/48651\/revisions"}],"predecessor-version":[{"id":48656,"href":"https:\/\/fedai.az\/index.php?rest_route=\/wp\/v2\/posts\/48651\/revisions\/48656"}],"wp:featuredmedia":[{"embeddable":true,"href":"https:\/\/fedai.az\/index.php?rest_route=\/wp\/v2\/media\/48655"}],"wp:attachment":[{"href":"https:\/\/fedai.az\/index.php?rest_route=%2Fwp%2Fv2%2Fmedia&parent=48651"}],"wp:term":[{"taxonomy":"category","embeddable":true,"href":"https:\/\/fedai.az\/index.php?rest_route=%2Fwp%2Fv2%2Fcategories&post=48651"},{"taxonomy":"post_tag","embeddable":true,"href":"https:\/\/fedai.az\/index.php?rest_route=%2Fwp%2Fv2%2Ftags&post=48651"}],"curies":[{"name":"wp","href":"https:\/\/api.w.org\/{rel}","templated":true}]}}